{"id":242635,"date":"2026-08-11T23:00:00","date_gmt":"2026-08-11T21:00:00","guid":{"rendered":"https:\/\/punto5.it\/news\/?p=242635"},"modified":"2026-08-17T12:01:56","modified_gmt":"2026-08-17T10:01:56","slug":"napoli-noel-massa-il-nuovo-fisioterapista-azzurro-una-responsabilita-rappresentare-i-colori-della-mia-citta","status":"publish","type":"post","link":"https:\/\/punto5.it\/news\/11-08-2026\/serie-a\/242635\/napoli-noel-massa-il-nuovo-fisioterapista-azzurro-una-responsabilita-rappresentare-i-colori-della-mia-citta\/","title":{"rendered":"Napoli, Noel Massa il nuovo fisioterapista azzurro: \u201cUna responsabilit\u00e0 rappresentare i colori della mia citt\u00e0\u201d"},"content":{"rendered":"\n<p>Il Napoli Futsal comunica che Noel Massa entra a far parte dello staff tecnico e ricoprir\u00e0 il ruolo di fisioterapista.<\/p>\n\n\n\n<p>Laureato con 110 e lode e specializzato in terapia manuale, nel curriculum vanta anche un Master in Fisioterapia Sportiva a Pisa.<\/p>\n\n\n\n<p>Classe \u201801, ha esperienze nel calcio con Sorrento e Napoli Femminile, ha lavorato anche al fianco degli sciatori alle Olimpiadi Invernali Milano Cortina 2026.<\/p>\n\n\n\n<p>\u201cLavorare per la squadra della mia citt\u00e0 \u00e8 motivo di grande soddisfazione e rappresenta per me una responsabilit\u00e0 importante &#8211; dice -. Sono pronto a mettermi a disposizione ed a dare il massimo supporto fin dal primo giorno\u201d.<\/p>\n\n\n\n<p><strong>Area Comunicazione Napoli<\/strong><\/p>\n","protected":false},"excerpt":{"rendered":"<p>Il Napoli Futsal comunica che Noel Massa entra a far parte dello staff tecnico e ricoprir\u00e0 il ruolo di fisioterapista. Laureato con 110 e lode e specializzato in terapia manuale, nel curriculum vanta anche un Master in Fisioterapia Sportiva a Pisa. Classe \u201801, ha esperienze nel calcio con Sorrento e Napoli Femminile, ha lavorato anche [&hellip;]<\/p>\n","protected":false},"author":5,"featured_media":242636,"comment_status":"open","ping_status":"open","sticky":false,"template":"","format":"standard","meta":{"jnews-multi-image_gallery":[],"jnews_single_post":{"format":"standard"},"jnews_primary_category":[],"jnews_social_meta":[],"jnews_override_counter":[],"footnotes":""},"categories":[11],"tags":[],"class_list":["post-242635","post","type-post","status-publish","format-standard","has-post-thumbnail","hentry","category-serie-a"],"yoast_head":"<!-- This site is optimized with the Yoast SEO plugin v24.5 - https:\/\/yoast.com\/wordpress\/plugins\/seo\/ -->\n<title>Napoli, Noel Massa il nuovo fisioterapista azzurro: \u201cUna responsabilit\u00e0 rappresentare i colori della mia citt\u00e0\u201d - Punto5.it<\/title>\n<meta name=\"robots\" content=\"index, follow, max-snippet:-1, max-image-preview:large, max-video-preview:-1\" \/>\n<link rel=\"canonical\" href=\"https:\/\/punto5.it\/news\/11-08-2026\/serie-a\/242635\/napoli-noel-massa-il-nuovo-fisioterapista-azzurro-una-responsabilita-rappresentare-i-colori-della-mia-citta\/\" \/>\n<meta property=\"og:locale\" content=\"it_IT\" \/>\n<meta property=\"og:type\" content=\"article\" \/>\n<meta property=\"og:title\" content=\"Napoli, Noel Massa il nuovo fisioterapista azzurro: \u201cUna responsabilit\u00e0 rappresentare i colori della mia citt\u00e0\u201d - Punto5.it\" \/>\n<meta property=\"og:description\" content=\"Il Napoli Futsal comunica che Noel Massa entra a far parte dello staff tecnico e ricoprir\u00e0 il ruolo di fisioterapista. Laureato con 110 e lode e specializzato in terapia manuale, nel curriculum vanta anche un Master in Fisioterapia Sportiva a Pisa. Classe \u201801, ha esperienze nel calcio con Sorrento e Napoli Femminile, ha lavorato anche [&hellip;]\" \/>\n<meta property=\"og:url\" content=\"https:\/\/punto5.it\/news\/11-08-2026\/serie-a\/242635\/napoli-noel-massa-il-nuovo-fisioterapista-azzurro-una-responsabilita-rappresentare-i-colori-della-mia-citta\/\" \/>\n<meta property=\"og:site_name\" content=\"Punto5.it\" \/>\n<meta property=\"article:publisher\" content=\"https:\/\/www.facebook.com\/punto5.it\/\" \/>\n<meta property=\"article:published_time\" content=\"2026-08-11T21:00:00+00:00\" \/>\n<meta property=\"article:modified_time\" content=\"2026-08-17T10:01:56+00:00\" \/>\n<meta property=\"og:image\" content=\"https:\/\/punto5.it\/news\/wp-content\/uploads\/2026\/08\/NOEL-MASSA.jpg\" \/>\n\t<meta property=\"og:image:width\" content=\"1920\" \/>\n\t<meta property=\"og:image:height\" content=\"803\" \/>\n\t<meta property=\"og:image:type\" content=\"image\/jpeg\" \/>\n<meta name=\"author\" content=\"comunicato stampa\" \/>\n<meta name=\"twitter:label1\" content=\"Scritto da\" \/>\n\t<meta name=\"twitter:data1\" content=\"comunicato stampa\" \/>\n\t<meta name=\"twitter:label2\" content=\"Tempo di lettura stimato\" \/>\n\t<meta name=\"twitter:data2\" content=\"1 minuto\" \/>\n<script type=\"application\/ld+json\" class=\"yoast-schema-graph\">{\"@context\":\"https:\/\/schema.org\",\"@graph\":[{\"@type\":\"Article\",\"@id\":\"https:\/\/punto5.it\/news\/11-08-2026\/serie-a\/242635\/napoli-noel-massa-il-nuovo-fisioterapista-azzurro-una-responsabilita-rappresentare-i-colori-della-mia-citta\/#article\",\"isPartOf\":{\"@id\":\"https:\/\/punto5.it\/news\/11-08-2026\/serie-a\/242635\/napoli-noel-massa-il-nuovo-fisioterapista-azzurro-una-responsabilita-rappresentare-i-colori-della-mia-citta\/\"},\"author\":{\"name\":\"comunicato stampa\",\"@id\":\"https:\/\/punto5.it\/news\/#\/schema\/person\/6b1092945321c99a2b936c656a25b924\"},\"headline\":\"Napoli, Noel Massa il nuovo fisioterapista azzurro: \u201cUna responsabilit\u00e0 rappresentare i colori della mia citt\u00e0\u201d\",\"datePublished\":\"2026-08-11T21:00:00+00:00\",\"dateModified\":\"2026-08-17T10:01:56+00:00\",\"mainEntityOfPage\":{\"@id\":\"https:\/\/punto5.it\/news\/11-08-2026\/serie-a\/242635\/napoli-noel-massa-il-nuovo-fisioterapista-azzurro-una-responsabilita-rappresentare-i-colori-della-mia-citta\/\"},\"wordCount\":117,\"commentCount\":0,\"publisher\":{\"@id\":\"https:\/\/punto5.it\/news\/#organization\"},\"image\":{\"@id\":\"https:\/\/punto5.it\/news\/11-08-2026\/serie-a\/242635\/napoli-noel-massa-il-nuovo-fisioterapista-azzurro-una-responsabilita-rappresentare-i-colori-della-mia-citta\/#primaryimage\"},\"thumbnailUrl\":\"https:\/\/punto5.it\/news\/wp-content\/uploads\/2026\/08\/NOEL-MASSA.jpg\",\"articleSection\":[\"Serie A\"],\"inLanguage\":\"it-IT\",\"potentialAction\":[{\"@type\":\"CommentAction\",\"name\":\"Comment\",\"target\":[\"https:\/\/punto5.it\/news\/11-08-2026\/serie-a\/242635\/napoli-noel-massa-il-nuovo-fisioterapista-azzurro-una-responsabilita-rappresentare-i-colori-della-mia-citta\/#respond\"]}]},{\"@type\":\"WebPage\",\"@id\":\"https:\/\/punto5.it\/news\/11-08-2026\/serie-a\/242635\/napoli-noel-massa-il-nuovo-fisioterapista-azzurro-una-responsabilita-rappresentare-i-colori-della-mia-citta\/\",\"url\":\"https:\/\/punto5.it\/news\/11-08-2026\/serie-a\/242635\/napoli-noel-massa-il-nuovo-fisioterapista-azzurro-una-responsabilita-rappresentare-i-colori-della-mia-citta\/\",\"name\":\"Napoli, Noel Massa il nuovo fisioterapista azzurro: \u201cUna responsabilit\u00e0 rappresentare i colori della mia citt\u00e0\u201d - Punto5.it\",\"isPartOf\":{\"@id\":\"https:\/\/punto5.it\/news\/#website\"},\"primaryImageOfPage\":{\"@id\":\"https:\/\/punto5.it\/news\/11-08-2026\/serie-a\/242635\/napoli-noel-massa-il-nuovo-fisioterapista-azzurro-una-responsabilita-rappresentare-i-colori-della-mia-citta\/#primaryimage\"},\"image\":{\"@id\":\"https:\/\/punto5.it\/news\/11-08-2026\/serie-a\/242635\/napoli-noel-massa-il-nuovo-fisioterapista-azzurro-una-responsabilita-rappresentare-i-colori-della-mia-citta\/#primaryimage\"},\"thumbnailUrl\":\"https:\/\/punto5.it\/news\/wp-content\/uploads\/2026\/08\/NOEL-MASSA.jpg\",\"datePublished\":\"2026-08-11T21:00:00+00:00\",\"dateModified\":\"2026-08-17T10:01:56+00:00\",\"breadcrumb\":{\"@id\":\"https:\/\/punto5.it\/news\/11-08-2026\/serie-a\/242635\/napoli-noel-massa-il-nuovo-fisioterapista-azzurro-una-responsabilita-rappresentare-i-colori-della-mia-citta\/#breadcrumb\"},\"inLanguage\":\"it-IT\",\"potentialAction\":[{\"@type\":\"ReadAction\",\"target\":[\"https:\/\/punto5.it\/news\/11-08-2026\/serie-a\/242635\/napoli-noel-massa-il-nuovo-fisioterapista-azzurro-una-responsabilita-rappresentare-i-colori-della-mia-citta\/\"]}]},{\"@type\":\"ImageObject\",\"inLanguage\":\"it-IT\",\"@id\":\"https:\/\/punto5.it\/news\/11-08-2026\/serie-a\/242635\/napoli-noel-massa-il-nuovo-fisioterapista-azzurro-una-responsabilita-rappresentare-i-colori-della-mia-citta\/#primaryimage\",\"url\":\"https:\/\/punto5.it\/news\/wp-content\/uploads\/2026\/08\/NOEL-MASSA.jpg\",\"contentUrl\":\"https:\/\/punto5.it\/news\/wp-content\/uploads\/2026\/08\/NOEL-MASSA.jpg\",\"width\":1920,\"height\":803},{\"@type\":\"BreadcrumbList\",\"@id\":\"https:\/\/punto5.it\/news\/11-08-2026\/serie-a\/242635\/napoli-noel-massa-il-nuovo-fisioterapista-azzurro-una-responsabilita-rappresentare-i-colori-della-mia-citta\/#breadcrumb\",\"itemListElement\":[{\"@type\":\"ListItem\",\"position\":1,\"name\":\"Home\",\"item\":\"https:\/\/punto5.it\/news\/\"},{\"@type\":\"ListItem\",\"position\":2,\"name\":\"Napoli, Noel Massa il nuovo fisioterapista azzurro: \u201cUna responsabilit\u00e0 rappresentare i colori della mia citt\u00e0\u201d\"}]},{\"@type\":\"WebSite\",\"@id\":\"https:\/\/punto5.it\/news\/#website\",\"url\":\"https:\/\/punto5.it\/news\/\",\"name\":\"Punto5.it\",\"description\":\"La tua risorsa gratuita sul calcio a 5 in Campania.\",\"publisher\":{\"@id\":\"https:\/\/punto5.it\/news\/#organization\"},\"potentialAction\":[{\"@type\":\"SearchAction\",\"target\":{\"@type\":\"EntryPoint\",\"urlTemplate\":\"https:\/\/punto5.it\/news\/?s={search_term_string}\"},\"query-input\":{\"@type\":\"PropertyValueSpecification\",\"valueRequired\":true,\"valueName\":\"search_term_string\"}}],\"inLanguage\":\"it-IT\"},{\"@type\":\"Organization\",\"@id\":\"https:\/\/punto5.it\/news\/#organization\",\"name\":\"Punto5\",\"url\":\"https:\/\/punto5.it\/news\/\",\"logo\":{\"@type\":\"ImageObject\",\"inLanguage\":\"it-IT\",\"@id\":\"https:\/\/punto5.it\/news\/#\/schema\/logo\/image\/\",\"url\":\"https:\/\/punto5.it\/news\/wp-content\/uploads\/2024\/12\/fbp5.png\",\"contentUrl\":\"https:\/\/punto5.it\/news\/wp-content\/uploads\/2024\/12\/fbp5.png\",\"width\":500,\"height\":500,\"caption\":\"Punto5\"},\"image\":{\"@id\":\"https:\/\/punto5.it\/news\/#\/schema\/logo\/image\/\"},\"sameAs\":[\"https:\/\/www.facebook.com\/punto5.it\/\"]},{\"@type\":\"Person\",\"@id\":\"https:\/\/punto5.it\/news\/#\/schema\/person\/6b1092945321c99a2b936c656a25b924\",\"name\":\"comunicato stampa\",\"image\":{\"@type\":\"ImageObject\",\"inLanguage\":\"it-IT\",\"@id\":\"https:\/\/punto5.it\/news\/#\/schema\/person\/image\/\",\"url\":\"https:\/\/secure.gravatar.com\/avatar\/ffa8e990fc05bef01150cb4b849246a414f038e016c198603051dee57bf3bf53?s=96&d=mm&r=g\",\"contentUrl\":\"https:\/\/secure.gravatar.com\/avatar\/ffa8e990fc05bef01150cb4b849246a414f038e016c198603051dee57bf3bf53?s=96&d=mm&r=g\",\"caption\":\"comunicato stampa\"},\"sameAs\":[\"http:\/\/www.punto5.it\"],\"url\":\"https:\/\/punto5.it\/news\/author\/comunicato-stampa\/\"}]}<\/script>\n<!-- \/ Yoast SEO plugin. -->","yoast_head_json":{"title":"Napoli, Noel Massa il nuovo fisioterapista azzurro: \u201cUna responsabilit\u00e0 rappresentare i colori della mia citt\u00e0\u201d - Punto5.it","robots":{"index":"index","follow":"follow","max-snippet":"max-snippet:-1","max-image-preview":"max-image-preview:large","max-video-preview":"max-video-preview:-1"},"canonical":"https:\/\/punto5.it\/news\/11-08-2026\/serie-a\/242635\/napoli-noel-massa-il-nuovo-fisioterapista-azzurro-una-responsabilita-rappresentare-i-colori-della-mia-citta\/","og_locale":"it_IT","og_type":"article","og_title":"Napoli, Noel Massa il nuovo fisioterapista azzurro: \u201cUna responsabilit\u00e0 rappresentare i colori della mia citt\u00e0\u201d - Punto5.it","og_description":"Il Napoli Futsal comunica che Noel Massa entra a far parte dello staff tecnico e ricoprir\u00e0 il ruolo di fisioterapista. Laureato con 110 e lode e specializzato in terapia manuale, nel curriculum vanta anche un Master in Fisioterapia Sportiva a Pisa. Classe \u201801, ha esperienze nel calcio con Sorrento e Napoli Femminile, ha lavorato anche [&hellip;]","og_url":"https:\/\/punto5.it\/news\/11-08-2026\/serie-a\/242635\/napoli-noel-massa-il-nuovo-fisioterapista-azzurro-una-responsabilita-rappresentare-i-colori-della-mia-citta\/","og_site_name":"Punto5.it","article_publisher":"https:\/\/www.facebook.com\/punto5.it\/","article_published_time":"2026-08-11T21:00:00+00:00","article_modified_time":"2026-08-17T10:01:56+00:00","og_image":[{"width":1920,"height":803,"url":"https:\/\/punto5.it\/news\/wp-content\/uploads\/2026\/08\/NOEL-MASSA.jpg","type":"image\/jpeg"}],"author":"comunicato stampa","twitter_misc":{"Scritto da":"comunicato stampa","Tempo di lettura stimato":"1 minuto"},"schema":{"@context":"https:\/\/schema.org","@graph":[{"@type":"Article","@id":"https:\/\/punto5.it\/news\/11-08-2026\/serie-a\/242635\/napoli-noel-massa-il-nuovo-fisioterapista-azzurro-una-responsabilita-rappresentare-i-colori-della-mia-citta\/#article","isPartOf":{"@id":"https:\/\/punto5.it\/news\/11-08-2026\/serie-a\/242635\/napoli-noel-massa-il-nuovo-fisioterapista-azzurro-una-responsabilita-rappresentare-i-colori-della-mia-citta\/"},"author":{"name":"comunicato stampa","@id":"https:\/\/punto5.it\/news\/#\/schema\/person\/6b1092945321c99a2b936c656a25b924"},"headline":"Napoli, Noel Massa il nuovo fisioterapista azzurro: \u201cUna responsabilit\u00e0 rappresentare i colori della mia citt\u00e0\u201d","datePublished":"2026-08-11T21:00:00+00:00","dateModified":"2026-08-17T10:01:56+00:00","mainEntityOfPage":{"@id":"https:\/\/punto5.it\/news\/11-08-2026\/serie-a\/242635\/napoli-noel-massa-il-nuovo-fisioterapista-azzurro-una-responsabilita-rappresentare-i-colori-della-mia-citta\/"},"wordCount":117,"commentCount":0,"publisher":{"@id":"https:\/\/punto5.it\/news\/#organization"},"image":{"@id":"https:\/\/punto5.it\/news\/11-08-2026\/serie-a\/242635\/napoli-noel-massa-il-nuovo-fisioterapista-azzurro-una-responsabilita-rappresentare-i-colori-della-mia-citta\/#primaryimage"},"thumbnailUrl":"https:\/\/punto5.it\/news\/wp-content\/uploads\/2026\/08\/NOEL-MASSA.jpg","articleSection":["Serie A"],"inLanguage":"it-IT","potentialAction":[{"@type":"CommentAction","name":"Comment","target":["https:\/\/punto5.it\/news\/11-08-2026\/serie-a\/242635\/napoli-noel-massa-il-nuovo-fisioterapista-azzurro-una-responsabilita-rappresentare-i-colori-della-mia-citta\/#respond"]}]},{"@type":"WebPage","@id":"https:\/\/punto5.it\/news\/11-08-2026\/serie-a\/242635\/napoli-noel-massa-il-nuovo-fisioterapista-azzurro-una-responsabilita-rappresentare-i-colori-della-mia-citta\/","url":"https:\/\/punto5.it\/news\/11-08-2026\/serie-a\/242635\/napoli-noel-massa-il-nuovo-fisioterapista-azzurro-una-responsabilita-rappresentare-i-colori-della-mia-citta\/","name":"Napoli, Noel Massa il nuovo fisioterapista azzurro: \u201cUna responsabilit\u00e0 rappresentare i colori della mia citt\u00e0\u201d - Punto5.it","isPartOf":{"@id":"https:\/\/punto5.it\/news\/#website"},"primaryImageOfPage":{"@id":"https:\/\/punto5.it\/news\/11-08-2026\/serie-a\/242635\/napoli-noel-massa-il-nuovo-fisioterapista-azzurro-una-responsabilita-rappresentare-i-colori-della-mia-citta\/#primaryimage"},"image":{"@id":"https:\/\/punto5.it\/news\/11-08-2026\/serie-a\/242635\/napoli-noel-massa-il-nuovo-fisioterapista-azzurro-una-responsabilita-rappresentare-i-colori-della-mia-citta\/#primaryimage"},"thumbnailUrl":"https:\/\/punto5.it\/news\/wp-content\/uploads\/2026\/08\/NOEL-MASSA.jpg","datePublished":"2026-08-11T21:00:00+00:00","dateModified":"2026-08-17T10:01:56+00:00","breadcrumb":{"@id":"https:\/\/punto5.it\/news\/11-08-2026\/serie-a\/242635\/napoli-noel-massa-il-nuovo-fisioterapista-azzurro-una-responsabilita-rappresentare-i-colori-della-mia-citta\/#breadcrumb"},"inLanguage":"it-IT","potentialAction":[{"@type":"ReadAction","target":["https:\/\/punto5.it\/news\/11-08-2026\/serie-a\/242635\/napoli-noel-massa-il-nuovo-fisioterapista-azzurro-una-responsabilita-rappresentare-i-colori-della-mia-citta\/"]}]},{"@type":"ImageObject","inLanguage":"it-IT","@id":"https:\/\/punto5.it\/news\/11-08-2026\/serie-a\/242635\/napoli-noel-massa-il-nuovo-fisioterapista-azzurro-una-responsabilita-rappresentare-i-colori-della-mia-citta\/#primaryimage","url":"https:\/\/punto5.it\/news\/wp-content\/uploads\/2026\/08\/NOEL-MASSA.jpg","contentUrl":"https:\/\/punto5.it\/news\/wp-content\/uploads\/2026\/08\/NOEL-MASSA.jpg","width":1920,"height":803},{"@type":"BreadcrumbList","@id":"https:\/\/punto5.it\/news\/11-08-2026\/serie-a\/242635\/napoli-noel-massa-il-nuovo-fisioterapista-azzurro-una-responsabilita-rappresentare-i-colori-della-mia-citta\/#breadcrumb","itemListElement":[{"@type":"ListItem","position":1,"name":"Home","item":"https:\/\/punto5.it\/news\/"},{"@type":"ListItem","position":2,"name":"Napoli, Noel Massa il nuovo fisioterapista azzurro: \u201cUna responsabilit\u00e0 rappresentare i colori della mia citt\u00e0\u201d"}]},{"@type":"WebSite","@id":"https:\/\/punto5.it\/news\/#website","url":"https:\/\/punto5.it\/news\/","name":"Punto5.it","description":"La tua risorsa gratuita sul calcio a 5 in Campania.","publisher":{"@id":"https:\/\/punto5.it\/news\/#organization"},"potentialAction":[{"@type":"SearchAction","target":{"@type":"EntryPoint","urlTemplate":"https:\/\/punto5.it\/news\/?s={search_term_string}"},"query-input":{"@type":"PropertyValueSpecification","valueRequired":true,"valueName":"search_term_string"}}],"inLanguage":"it-IT"},{"@type":"Organization","@id":"https:\/\/punto5.it\/news\/#organization","name":"Punto5","url":"https:\/\/punto5.it\/news\/","logo":{"@type":"ImageObject","inLanguage":"it-IT","@id":"https:\/\/punto5.it\/news\/#\/schema\/logo\/image\/","url":"https:\/\/punto5.it\/news\/wp-content\/uploads\/2024\/12\/fbp5.png","contentUrl":"https:\/\/punto5.it\/news\/wp-content\/uploads\/2024\/12\/fbp5.png","width":500,"height":500,"caption":"Punto5"},"image":{"@id":"https:\/\/punto5.it\/news\/#\/schema\/logo\/image\/"},"sameAs":["https:\/\/www.facebook.com\/punto5.it\/"]},{"@type":"Person","@id":"https:\/\/punto5.it\/news\/#\/schema\/person\/6b1092945321c99a2b936c656a25b924","name":"comunicato stampa","image":{"@type":"ImageObject","inLanguage":"it-IT","@id":"https:\/\/punto5.it\/news\/#\/schema\/person\/image\/","url":"https:\/\/secure.gravatar.com\/avatar\/ffa8e990fc05bef01150cb4b849246a414f038e016c198603051dee57bf3bf53?s=96&d=mm&r=g","contentUrl":"https:\/\/secure.gravatar.com\/avatar\/ffa8e990fc05bef01150cb4b849246a414f038e016c198603051dee57bf3bf53?s=96&d=mm&r=g","caption":"comunicato stampa"},"sameAs":["http:\/\/www.punto5.it"],"url":"https:\/\/punto5.it\/news\/author\/comunicato-stampa\/"}]}},"_links":{"self":[{"href":"https:\/\/punto5.it\/news\/wp-json\/wp\/v2\/posts\/242635","targetHints":{"allow":["GET"]}}],"collection":[{"href":"https:\/\/punto5.it\/news\/wp-json\/wp\/v2\/posts"}],"about":[{"href":"https:\/\/punto5.it\/news\/wp-json\/wp\/v2\/types\/post"}],"author":[{"embeddable":true,"href":"https:\/\/punto5.it\/news\/wp-json\/wp\/v2\/users\/5"}],"replies":[{"embeddable":true,"href":"https:\/\/punto5.it\/news\/wp-json\/wp\/v2\/comments?post=242635"}],"version-history":[{"count":1,"href":"https:\/\/punto5.it\/news\/wp-json\/wp\/v2\/posts\/242635\/revisions"}],"predecessor-version":[{"id":242637,"href":"https:\/\/punto5.it\/news\/wp-json\/wp\/v2\/posts\/242635\/revisions\/242637"}],"wp:featuredmedia":[{"embeddable":true,"href":"https:\/\/punto5.it\/news\/wp-json\/wp\/v2\/media\/242636"}],"wp:attachment":[{"href":"https:\/\/punto5.it\/news\/wp-json\/wp\/v2\/media?parent=242635"}],"wp:term":[{"taxonomy":"category","embeddable":true,"href":"https:\/\/punto5.it\/news\/wp-json\/wp\/v2\/categories?post=242635"},{"taxonomy":"post_tag","embeddable":true,"href":"https:\/\/punto5.it\/news\/wp-json\/wp\/v2\/tags?post=242635"}],"curies":[{"name":"wp","href":"https:\/\/api.w.org\/{rel}","templated":true}]}}