{"id":242650,"date":"2026-08-16T18:49:00","date_gmt":"2026-08-16T16:49:00","guid":{"rendered":"https:\/\/punto5.it\/news\/?p=242650"},"modified":"2026-08-17T18:55:20","modified_gmt":"2026-08-17T16:55:20","slug":"benevento-5-via-alla-preparazione-il-28-agosto-primo-triangolare-con-chaminade-e-gagliole","status":"publish","type":"post","link":"https:\/\/punto5.it\/news\/16-08-2026\/serie-a\/242650\/benevento-5-via-alla-preparazione-il-28-agosto-primo-triangolare-con-chaminade-e-gagliole\/","title":{"rendered":"Benevento 5, via alla preparazione: il 28 agosto primo triangolare con Chaminade e Gagliole"},"content":{"rendered":"\n<p><strong>Su il sipario.<\/strong>&nbsp;Domani parte ufficialmente la nuova stagione del GG Team Wear Benevento 5 con l\u2019inizio della preparazione. Visite mediche e poi primo allenamento al PalaTedeschi per gli uomini di mister Scarpitti, pronti ad affrontare il loro secondo campionato di Serie A.<\/p>\n\n\n\n<p><strong>CONVOCATI<\/strong>&nbsp;\u2013 Ecco i convocati del tecnico in vista del raduno al PalaTedeschi: Barichello, Carpentieri, Caruso, Ciullo, De Crescenzo, Deidda, Del Grosso, Gui, Lamas, Mellone, Montefalcone, Parrella, Pires, Rafinha, Rosato, Sosa e Volonnino.<\/p>\n\n\n\n<p><strong>AMICHEVOLI<\/strong>&nbsp;\u2013 Il Benevento 5 scender\u00e0 in campo dopo undici giorni di preparazione: appuntamento al PalaTedeschi, aperto al pubblico, venerd\u00ec 28 agosto per un triangolare con Chaminade Campobasso e Gagliole, compagini che affronteranno il campionato di Serie B.<\/p>\n\n\n\n<p>Successivamente, quadrangolare di lusso con il torneo \u201cCitt\u00e0 di Napoli\u201d, in programma al PalaVesuvio il 4 e 5 settembre, con i padroni di casa del Napoli Futsal, la Feldi Eboli e la Dinamo Zagabria.<\/p>\n\n\n\n<p>Il pre-campionato, a meno di ulteriori impegni che saranno eventualmente comunicati, si completer\u00e0 sabato 12 settembre con un test al PalaUnimol di Campobasso contro il CUS Molise, formazione che parteciper\u00e0 alla prossima Serie A2 \u00c9lite.<\/p>\n\n\n\n<p><strong>CALENDARIO<\/strong>&nbsp;\u2013 Il 20 agosto sar\u00e0 varato il calendario del campionato di Serie A KINTO. La presentazione sar\u00e0 trasmessa in diretta su Sky Sport 24 alle ore 16. Il debutto \u00e8 previsto nel weekend del 18-19 settembre.<br><br><strong>Ufficio Stampa GG Team Wear Benevento 5&nbsp;<\/strong><\/p>\n","protected":false},"excerpt":{"rendered":"<p>Su il sipario.&nbsp;Domani parte ufficialmente la nuova stagione del GG Team Wear Benevento 5 con l\u2019inizio della preparazione. Visite mediche e poi primo allenamento al PalaTedeschi per gli uomini di mister Scarpitti, pronti ad affrontare il loro secondo campionato di Serie A. CONVOCATI&nbsp;\u2013 Ecco i convocati del tecnico in vista del raduno al PalaTedeschi: Barichello, [&hellip;]<\/p>\n","protected":false},"author":5,"featured_media":242651,"comment_status":"open","ping_status":"open","sticky":false,"template":"","format":"standard","meta":{"jnews-multi-image_gallery":[],"jnews_single_post":{"format":"standard"},"jnews_primary_category":[],"jnews_social_meta":[],"jnews_override_counter":[],"footnotes":""},"categories":[11],"tags":[1515],"class_list":["post-242650","post","type-post","status-publish","format-standard","has-post-thumbnail","hentry","category-serie-a","tag-prima"],"yoast_head":"<!-- This site is optimized with the Yoast SEO plugin v24.5 - https:\/\/yoast.com\/wordpress\/plugins\/seo\/ -->\n<title>Benevento 5, via alla preparazione: il 28 agosto primo triangolare con Chaminade e Gagliole - Punto5.it<\/title>\n<meta name=\"robots\" content=\"index, follow, max-snippet:-1, max-image-preview:large, max-video-preview:-1\" \/>\n<link rel=\"canonical\" href=\"https:\/\/punto5.it\/news\/16-08-2026\/serie-a\/242650\/benevento-5-via-alla-preparazione-il-28-agosto-primo-triangolare-con-chaminade-e-gagliole\/\" \/>\n<meta property=\"og:locale\" content=\"it_IT\" \/>\n<meta property=\"og:type\" content=\"article\" \/>\n<meta property=\"og:title\" content=\"Benevento 5, via alla preparazione: il 28 agosto primo triangolare con Chaminade e Gagliole - Punto5.it\" \/>\n<meta property=\"og:description\" content=\"Su il sipario.&nbsp;Domani parte ufficialmente la nuova stagione del GG Team Wear Benevento 5 con l\u2019inizio della preparazione. Visite mediche e poi primo allenamento al PalaTedeschi per gli uomini di mister Scarpitti, pronti ad affrontare il loro secondo campionato di Serie A. CONVOCATI&nbsp;\u2013 Ecco i convocati del tecnico in vista del raduno al PalaTedeschi: Barichello, [&hellip;]\" \/>\n<meta property=\"og:url\" content=\"https:\/\/punto5.it\/news\/16-08-2026\/serie-a\/242650\/benevento-5-via-alla-preparazione-il-28-agosto-primo-triangolare-con-chaminade-e-gagliole\/\" \/>\n<meta property=\"og:site_name\" content=\"Punto5.it\" \/>\n<meta property=\"article:publisher\" content=\"https:\/\/www.facebook.com\/punto5.it\/\" \/>\n<meta property=\"article:published_time\" content=\"2026-08-16T16:49:00+00:00\" \/>\n<meta property=\"article:modified_time\" content=\"2026-08-17T16:55:20+00:00\" \/>\n<meta property=\"og:image\" content=\"https:\/\/punto5.it\/news\/wp-content\/uploads\/2026\/08\/Foto-1.jpg\" \/>\n\t<meta property=\"og:image:width\" content=\"2048\" \/>\n\t<meta property=\"og:image:height\" content=\"1152\" \/>\n\t<meta property=\"og:image:type\" content=\"image\/jpeg\" \/>\n<meta name=\"author\" content=\"comunicato stampa\" \/>\n<meta name=\"twitter:label1\" content=\"Scritto da\" \/>\n\t<meta name=\"twitter:data1\" content=\"comunicato stampa\" \/>\n\t<meta name=\"twitter:label2\" content=\"Tempo di lettura stimato\" \/>\n\t<meta name=\"twitter:data2\" content=\"2 minuti\" \/>\n<script type=\"application\/ld+json\" class=\"yoast-schema-graph\">{\"@context\":\"https:\/\/schema.org\",\"@graph\":[{\"@type\":\"Article\",\"@id\":\"https:\/\/punto5.it\/news\/16-08-2026\/serie-a\/242650\/benevento-5-via-alla-preparazione-il-28-agosto-primo-triangolare-con-chaminade-e-gagliole\/#article\",\"isPartOf\":{\"@id\":\"https:\/\/punto5.it\/news\/16-08-2026\/serie-a\/242650\/benevento-5-via-alla-preparazione-il-28-agosto-primo-triangolare-con-chaminade-e-gagliole\/\"},\"author\":{\"name\":\"comunicato stampa\",\"@id\":\"https:\/\/punto5.it\/news\/#\/schema\/person\/6b1092945321c99a2b936c656a25b924\"},\"headline\":\"Benevento 5, via alla preparazione: il 28 agosto primo triangolare con Chaminade e Gagliole\",\"datePublished\":\"2026-08-16T16:49:00+00:00\",\"dateModified\":\"2026-08-17T16:55:20+00:00\",\"mainEntityOfPage\":{\"@id\":\"https:\/\/punto5.it\/news\/16-08-2026\/serie-a\/242650\/benevento-5-via-alla-preparazione-il-28-agosto-primo-triangolare-con-chaminade-e-gagliole\/\"},\"wordCount\":231,\"commentCount\":0,\"publisher\":{\"@id\":\"https:\/\/punto5.it\/news\/#organization\"},\"image\":{\"@id\":\"https:\/\/punto5.it\/news\/16-08-2026\/serie-a\/242650\/benevento-5-via-alla-preparazione-il-28-agosto-primo-triangolare-con-chaminade-e-gagliole\/#primaryimage\"},\"thumbnailUrl\":\"https:\/\/punto5.it\/news\/wp-content\/uploads\/2026\/08\/Foto-1.jpg\",\"keywords\":[\"prima\"],\"articleSection\":[\"Serie A\"],\"inLanguage\":\"it-IT\",\"potentialAction\":[{\"@type\":\"CommentAction\",\"name\":\"Comment\",\"target\":[\"https:\/\/punto5.it\/news\/16-08-2026\/serie-a\/242650\/benevento-5-via-alla-preparazione-il-28-agosto-primo-triangolare-con-chaminade-e-gagliole\/#respond\"]}]},{\"@type\":\"WebPage\",\"@id\":\"https:\/\/punto5.it\/news\/16-08-2026\/serie-a\/242650\/benevento-5-via-alla-preparazione-il-28-agosto-primo-triangolare-con-chaminade-e-gagliole\/\",\"url\":\"https:\/\/punto5.it\/news\/16-08-2026\/serie-a\/242650\/benevento-5-via-alla-preparazione-il-28-agosto-primo-triangolare-con-chaminade-e-gagliole\/\",\"name\":\"Benevento 5, via alla preparazione: il 28 agosto primo triangolare con Chaminade e Gagliole - Punto5.it\",\"isPartOf\":{\"@id\":\"https:\/\/punto5.it\/news\/#website\"},\"primaryImageOfPage\":{\"@id\":\"https:\/\/punto5.it\/news\/16-08-2026\/serie-a\/242650\/benevento-5-via-alla-preparazione-il-28-agosto-primo-triangolare-con-chaminade-e-gagliole\/#primaryimage\"},\"image\":{\"@id\":\"https:\/\/punto5.it\/news\/16-08-2026\/serie-a\/242650\/benevento-5-via-alla-preparazione-il-28-agosto-primo-triangolare-con-chaminade-e-gagliole\/#primaryimage\"},\"thumbnailUrl\":\"https:\/\/punto5.it\/news\/wp-content\/uploads\/2026\/08\/Foto-1.jpg\",\"datePublished\":\"2026-08-16T16:49:00+00:00\",\"dateModified\":\"2026-08-17T16:55:20+00:00\",\"breadcrumb\":{\"@id\":\"https:\/\/punto5.it\/news\/16-08-2026\/serie-a\/242650\/benevento-5-via-alla-preparazione-il-28-agosto-primo-triangolare-con-chaminade-e-gagliole\/#breadcrumb\"},\"inLanguage\":\"it-IT\",\"potentialAction\":[{\"@type\":\"ReadAction\",\"target\":[\"https:\/\/punto5.it\/news\/16-08-2026\/serie-a\/242650\/benevento-5-via-alla-preparazione-il-28-agosto-primo-triangolare-con-chaminade-e-gagliole\/\"]}]},{\"@type\":\"ImageObject\",\"inLanguage\":\"it-IT\",\"@id\":\"https:\/\/punto5.it\/news\/16-08-2026\/serie-a\/242650\/benevento-5-via-alla-preparazione-il-28-agosto-primo-triangolare-con-chaminade-e-gagliole\/#primaryimage\",\"url\":\"https:\/\/punto5.it\/news\/wp-content\/uploads\/2026\/08\/Foto-1.jpg\",\"contentUrl\":\"https:\/\/punto5.it\/news\/wp-content\/uploads\/2026\/08\/Foto-1.jpg\",\"width\":2048,\"height\":1152},{\"@type\":\"BreadcrumbList\",\"@id\":\"https:\/\/punto5.it\/news\/16-08-2026\/serie-a\/242650\/benevento-5-via-alla-preparazione-il-28-agosto-primo-triangolare-con-chaminade-e-gagliole\/#breadcrumb\",\"itemListElement\":[{\"@type\":\"ListItem\",\"position\":1,\"name\":\"Home\",\"item\":\"https:\/\/punto5.it\/news\/\"},{\"@type\":\"ListItem\",\"position\":2,\"name\":\"Benevento 5, via alla preparazione: il 28 agosto primo triangolare con Chaminade e Gagliole\"}]},{\"@type\":\"WebSite\",\"@id\":\"https:\/\/punto5.it\/news\/#website\",\"url\":\"https:\/\/punto5.it\/news\/\",\"name\":\"Punto5.it\",\"description\":\"La tua risorsa gratuita sul calcio a 5 in Campania.\",\"publisher\":{\"@id\":\"https:\/\/punto5.it\/news\/#organization\"},\"potentialAction\":[{\"@type\":\"SearchAction\",\"target\":{\"@type\":\"EntryPoint\",\"urlTemplate\":\"https:\/\/punto5.it\/news\/?s={search_term_string}\"},\"query-input\":{\"@type\":\"PropertyValueSpecification\",\"valueRequired\":true,\"valueName\":\"search_term_string\"}}],\"inLanguage\":\"it-IT\"},{\"@type\":\"Organization\",\"@id\":\"https:\/\/punto5.it\/news\/#organization\",\"name\":\"Punto5\",\"url\":\"https:\/\/punto5.it\/news\/\",\"logo\":{\"@type\":\"ImageObject\",\"inLanguage\":\"it-IT\",\"@id\":\"https:\/\/punto5.it\/news\/#\/schema\/logo\/image\/\",\"url\":\"https:\/\/punto5.it\/news\/wp-content\/uploads\/2024\/12\/fbp5.png\",\"contentUrl\":\"https:\/\/punto5.it\/news\/wp-content\/uploads\/2024\/12\/fbp5.png\",\"width\":500,\"height\":500,\"caption\":\"Punto5\"},\"image\":{\"@id\":\"https:\/\/punto5.it\/news\/#\/schema\/logo\/image\/\"},\"sameAs\":[\"https:\/\/www.facebook.com\/punto5.it\/\"]},{\"@type\":\"Person\",\"@id\":\"https:\/\/punto5.it\/news\/#\/schema\/person\/6b1092945321c99a2b936c656a25b924\",\"name\":\"comunicato stampa\",\"image\":{\"@type\":\"ImageObject\",\"inLanguage\":\"it-IT\",\"@id\":\"https:\/\/punto5.it\/news\/#\/schema\/person\/image\/\",\"url\":\"https:\/\/secure.gravatar.com\/avatar\/ffa8e990fc05bef01150cb4b849246a414f038e016c198603051dee57bf3bf53?s=96&d=mm&r=g\",\"contentUrl\":\"https:\/\/secure.gravatar.com\/avatar\/ffa8e990fc05bef01150cb4b849246a414f038e016c198603051dee57bf3bf53?s=96&d=mm&r=g\",\"caption\":\"comunicato stampa\"},\"sameAs\":[\"http:\/\/www.punto5.it\"],\"url\":\"https:\/\/punto5.it\/news\/author\/comunicato-stampa\/\"}]}<\/script>\n<!-- \/ Yoast SEO plugin. -->","yoast_head_json":{"title":"Benevento 5, via alla preparazione: il 28 agosto primo triangolare con Chaminade e Gagliole - Punto5.it","robots":{"index":"index","follow":"follow","max-snippet":"max-snippet:-1","max-image-preview":"max-image-preview:large","max-video-preview":"max-video-preview:-1"},"canonical":"https:\/\/punto5.it\/news\/16-08-2026\/serie-a\/242650\/benevento-5-via-alla-preparazione-il-28-agosto-primo-triangolare-con-chaminade-e-gagliole\/","og_locale":"it_IT","og_type":"article","og_title":"Benevento 5, via alla preparazione: il 28 agosto primo triangolare con Chaminade e Gagliole - Punto5.it","og_description":"Su il sipario.&nbsp;Domani parte ufficialmente la nuova stagione del GG Team Wear Benevento 5 con l\u2019inizio della preparazione. Visite mediche e poi primo allenamento al PalaTedeschi per gli uomini di mister Scarpitti, pronti ad affrontare il loro secondo campionato di Serie A. CONVOCATI&nbsp;\u2013 Ecco i convocati del tecnico in vista del raduno al PalaTedeschi: Barichello, [&hellip;]","og_url":"https:\/\/punto5.it\/news\/16-08-2026\/serie-a\/242650\/benevento-5-via-alla-preparazione-il-28-agosto-primo-triangolare-con-chaminade-e-gagliole\/","og_site_name":"Punto5.it","article_publisher":"https:\/\/www.facebook.com\/punto5.it\/","article_published_time":"2026-08-16T16:49:00+00:00","article_modified_time":"2026-08-17T16:55:20+00:00","og_image":[{"width":2048,"height":1152,"url":"https:\/\/punto5.it\/news\/wp-content\/uploads\/2026\/08\/Foto-1.jpg","type":"image\/jpeg"}],"author":"comunicato stampa","twitter_misc":{"Scritto da":"comunicato stampa","Tempo di lettura stimato":"2 minuti"},"schema":{"@context":"https:\/\/schema.org","@graph":[{"@type":"Article","@id":"https:\/\/punto5.it\/news\/16-08-2026\/serie-a\/242650\/benevento-5-via-alla-preparazione-il-28-agosto-primo-triangolare-con-chaminade-e-gagliole\/#article","isPartOf":{"@id":"https:\/\/punto5.it\/news\/16-08-2026\/serie-a\/242650\/benevento-5-via-alla-preparazione-il-28-agosto-primo-triangolare-con-chaminade-e-gagliole\/"},"author":{"name":"comunicato stampa","@id":"https:\/\/punto5.it\/news\/#\/schema\/person\/6b1092945321c99a2b936c656a25b924"},"headline":"Benevento 5, via alla preparazione: il 28 agosto primo triangolare con Chaminade e Gagliole","datePublished":"2026-08-16T16:49:00+00:00","dateModified":"2026-08-17T16:55:20+00:00","mainEntityOfPage":{"@id":"https:\/\/punto5.it\/news\/16-08-2026\/serie-a\/242650\/benevento-5-via-alla-preparazione-il-28-agosto-primo-triangolare-con-chaminade-e-gagliole\/"},"wordCount":231,"commentCount":0,"publisher":{"@id":"https:\/\/punto5.it\/news\/#organization"},"image":{"@id":"https:\/\/punto5.it\/news\/16-08-2026\/serie-a\/242650\/benevento-5-via-alla-preparazione-il-28-agosto-primo-triangolare-con-chaminade-e-gagliole\/#primaryimage"},"thumbnailUrl":"https:\/\/punto5.it\/news\/wp-content\/uploads\/2026\/08\/Foto-1.jpg","keywords":["prima"],"articleSection":["Serie A"],"inLanguage":"it-IT","potentialAction":[{"@type":"CommentAction","name":"Comment","target":["https:\/\/punto5.it\/news\/16-08-2026\/serie-a\/242650\/benevento-5-via-alla-preparazione-il-28-agosto-primo-triangolare-con-chaminade-e-gagliole\/#respond"]}]},{"@type":"WebPage","@id":"https:\/\/punto5.it\/news\/16-08-2026\/serie-a\/242650\/benevento-5-via-alla-preparazione-il-28-agosto-primo-triangolare-con-chaminade-e-gagliole\/","url":"https:\/\/punto5.it\/news\/16-08-2026\/serie-a\/242650\/benevento-5-via-alla-preparazione-il-28-agosto-primo-triangolare-con-chaminade-e-gagliole\/","name":"Benevento 5, via alla preparazione: il 28 agosto primo triangolare con Chaminade e Gagliole - Punto5.it","isPartOf":{"@id":"https:\/\/punto5.it\/news\/#website"},"primaryImageOfPage":{"@id":"https:\/\/punto5.it\/news\/16-08-2026\/serie-a\/242650\/benevento-5-via-alla-preparazione-il-28-agosto-primo-triangolare-con-chaminade-e-gagliole\/#primaryimage"},"image":{"@id":"https:\/\/punto5.it\/news\/16-08-2026\/serie-a\/242650\/benevento-5-via-alla-preparazione-il-28-agosto-primo-triangolare-con-chaminade-e-gagliole\/#primaryimage"},"thumbnailUrl":"https:\/\/punto5.it\/news\/wp-content\/uploads\/2026\/08\/Foto-1.jpg","datePublished":"2026-08-16T16:49:00+00:00","dateModified":"2026-08-17T16:55:20+00:00","breadcrumb":{"@id":"https:\/\/punto5.it\/news\/16-08-2026\/serie-a\/242650\/benevento-5-via-alla-preparazione-il-28-agosto-primo-triangolare-con-chaminade-e-gagliole\/#breadcrumb"},"inLanguage":"it-IT","potentialAction":[{"@type":"ReadAction","target":["https:\/\/punto5.it\/news\/16-08-2026\/serie-a\/242650\/benevento-5-via-alla-preparazione-il-28-agosto-primo-triangolare-con-chaminade-e-gagliole\/"]}]},{"@type":"ImageObject","inLanguage":"it-IT","@id":"https:\/\/punto5.it\/news\/16-08-2026\/serie-a\/242650\/benevento-5-via-alla-preparazione-il-28-agosto-primo-triangolare-con-chaminade-e-gagliole\/#primaryimage","url":"https:\/\/punto5.it\/news\/wp-content\/uploads\/2026\/08\/Foto-1.jpg","contentUrl":"https:\/\/punto5.it\/news\/wp-content\/uploads\/2026\/08\/Foto-1.jpg","width":2048,"height":1152},{"@type":"BreadcrumbList","@id":"https:\/\/punto5.it\/news\/16-08-2026\/serie-a\/242650\/benevento-5-via-alla-preparazione-il-28-agosto-primo-triangolare-con-chaminade-e-gagliole\/#breadcrumb","itemListElement":[{"@type":"ListItem","position":1,"name":"Home","item":"https:\/\/punto5.it\/news\/"},{"@type":"ListItem","position":2,"name":"Benevento 5, via alla preparazione: il 28 agosto primo triangolare con Chaminade e Gagliole"}]},{"@type":"WebSite","@id":"https:\/\/punto5.it\/news\/#website","url":"https:\/\/punto5.it\/news\/","name":"Punto5.it","description":"La tua risorsa gratuita sul calcio a 5 in Campania.","publisher":{"@id":"https:\/\/punto5.it\/news\/#organization"},"potentialAction":[{"@type":"SearchAction","target":{"@type":"EntryPoint","urlTemplate":"https:\/\/punto5.it\/news\/?s={search_term_string}"},"query-input":{"@type":"PropertyValueSpecification","valueRequired":true,"valueName":"search_term_string"}}],"inLanguage":"it-IT"},{"@type":"Organization","@id":"https:\/\/punto5.it\/news\/#organization","name":"Punto5","url":"https:\/\/punto5.it\/news\/","logo":{"@type":"ImageObject","inLanguage":"it-IT","@id":"https:\/\/punto5.it\/news\/#\/schema\/logo\/image\/","url":"https:\/\/punto5.it\/news\/wp-content\/uploads\/2024\/12\/fbp5.png","contentUrl":"https:\/\/punto5.it\/news\/wp-content\/uploads\/2024\/12\/fbp5.png","width":500,"height":500,"caption":"Punto5"},"image":{"@id":"https:\/\/punto5.it\/news\/#\/schema\/logo\/image\/"},"sameAs":["https:\/\/www.facebook.com\/punto5.it\/"]},{"@type":"Person","@id":"https:\/\/punto5.it\/news\/#\/schema\/person\/6b1092945321c99a2b936c656a25b924","name":"comunicato stampa","image":{"@type":"ImageObject","inLanguage":"it-IT","@id":"https:\/\/punto5.it\/news\/#\/schema\/person\/image\/","url":"https:\/\/secure.gravatar.com\/avatar\/ffa8e990fc05bef01150cb4b849246a414f038e016c198603051dee57bf3bf53?s=96&d=mm&r=g","contentUrl":"https:\/\/secure.gravatar.com\/avatar\/ffa8e990fc05bef01150cb4b849246a414f038e016c198603051dee57bf3bf53?s=96&d=mm&r=g","caption":"comunicato stampa"},"sameAs":["http:\/\/www.punto5.it"],"url":"https:\/\/punto5.it\/news\/author\/comunicato-stampa\/"}]}},"_links":{"self":[{"href":"https:\/\/punto5.it\/news\/wp-json\/wp\/v2\/posts\/242650","targetHints":{"allow":["GET"]}}],"collection":[{"href":"https:\/\/punto5.it\/news\/wp-json\/wp\/v2\/posts"}],"about":[{"href":"https:\/\/punto5.it\/news\/wp-json\/wp\/v2\/types\/post"}],"author":[{"embeddable":true,"href":"https:\/\/punto5.it\/news\/wp-json\/wp\/v2\/users\/5"}],"replies":[{"embeddable":true,"href":"https:\/\/punto5.it\/news\/wp-json\/wp\/v2\/comments?post=242650"}],"version-history":[{"count":1,"href":"https:\/\/punto5.it\/news\/wp-json\/wp\/v2\/posts\/242650\/revisions"}],"predecessor-version":[{"id":242652,"href":"https:\/\/punto5.it\/news\/wp-json\/wp\/v2\/posts\/242650\/revisions\/242652"}],"wp:featuredmedia":[{"embeddable":true,"href":"https:\/\/punto5.it\/news\/wp-json\/wp\/v2\/media\/242651"}],"wp:attachment":[{"href":"https:\/\/punto5.it\/news\/wp-json\/wp\/v2\/media?parent=242650"}],"wp:term":[{"taxonomy":"category","embeddable":true,"href":"https:\/\/punto5.it\/news\/wp-json\/wp\/v2\/categories?post=242650"},{"taxonomy":"post_tag","embeddable":true,"href":"https:\/\/punto5.it\/news\/wp-json\/wp\/v2\/tags?post=242650"}],"curies":[{"name":"wp","href":"https:\/\/api.w.org\/{rel}","templated":true}]}}