{"id":242656,"date":"2026-08-17T19:02:53","date_gmt":"2026-08-17T17:02:53","guid":{"rendered":"https:\/\/punto5.it\/news\/?p=242656"},"modified":"2026-08-17T19:02:57","modified_gmt":"2026-08-17T17:02:57","slug":"si-accende-il-mercato-dellanima-casollese-ecco-manzi-e-jose-diaz","status":"publish","type":"post","link":"https:\/\/punto5.it\/news\/17-08-2026\/serie-c2\/242656\/si-accende-il-mercato-dellanima-casollese-ecco-manzi-e-jose-diaz\/","title":{"rendered":"Si accende il mercato dell&#8217;Anima Casollese: ecco Manzi e Jos\u00e9 Diaz"},"content":{"rendered":"\n<p>Il mercato dell\u2019Anima Casollese entra nel vivo e il club mette a segno due operazioni importanti in vista della nuova stagione: arrivano Samuele Manzi e Facundo Jos\u00e9 Diaz.<\/p>\n\n\n\n<p>Due innesti diversi per caratteristiche, ma accomunati da esperienza, qualit\u00e0 e grande voglia di mettersi subito a disposizione del gruppo.<\/p>\n\n\n\n<p>Samuele Manzi \u00e8 un laterale rapido e tecnico, reduce dall\u2019esperienza con l\u2019MDS Calcio a 5 nel campionato di Serie C1, concluso con il raggiungimento della semifinale playoff. Nel suo percorso ha gi\u00e0 conquistato un campionato di Serie D e uno di C2, oltre ad aver maturato un\u2019importante esperienza in Serie B con la Parthenope. Velocit\u00e0, tecnica e capacit\u00e0 di creare superiorit\u00e0 fanno di Manzi un profilo pronto a dare ritmo e imprevedibilit\u00e0 alla manovra dell\u2019Anima.<\/p>\n\n\n\n<p>A completare il doppio colpo c\u2019\u00e8 Facundo Jos\u00e9 Diaz, centrale argentino con un percorso di assoluto spessore alle spalle. Diaz ha debuttato con il Racing Club de Avellaneda, formazione della Primera Divisi\u00f3n A argentina, con cui ha disputato semifinali di torneo e finali di coppa. Successivamente ha vestito la maglia del Dock Sud, contribuendo al raggiungimento delle fasi finali per la promozione, prima dell\u2019esperienza con il Villa Modelo e del successivo ritorno al Dock Sud.<\/p>\n\n\n\n<p>La societ\u00e0 ringrazia i direttori: Angelo Lambiase, Roberto Cece e Sabato Piccolo Due colpi importanti, ma il mercato dell&#8217;Anima non si ferma qui.<\/p>\n\n\n\n<p><strong>Ufficio stampa Anima Casollese<\/strong><\/p>\n\n\n\n<p><\/p>\n","protected":false},"excerpt":{"rendered":"<p>Il mercato dell\u2019Anima Casollese entra nel vivo e il club mette a segno due operazioni importanti in vista della nuova stagione: arrivano Samuele Manzi e Facundo Jos\u00e9 Diaz. Due innesti diversi per caratteristiche, ma accomunati da esperienza, qualit\u00e0 e grande voglia di mettersi subito a disposizione del gruppo. Samuele Manzi \u00e8 un laterale rapido e [&hellip;]<\/p>\n","protected":false},"author":5,"featured_media":242657,"comment_status":"open","ping_status":"open","sticky":false,"template":"","format":"standard","meta":{"jnews-multi-image_gallery":[],"jnews_single_post":{"format":"standard"},"jnews_primary_category":[],"jnews_social_meta":[],"jnews_override_counter":[],"footnotes":""},"categories":[15],"tags":[1515],"class_list":["post-242656","post","type-post","status-publish","format-standard","has-post-thumbnail","hentry","category-serie-c2","tag-prima"],"yoast_head":"<!-- This site is optimized with the Yoast SEO plugin v24.5 - https:\/\/yoast.com\/wordpress\/plugins\/seo\/ -->\n<title>Si accende il mercato dell&#039;Anima Casollese: ecco Manzi e Jos\u00e9 Diaz - Punto5.it<\/title>\n<meta name=\"robots\" content=\"index, follow, max-snippet:-1, max-image-preview:large, max-video-preview:-1\" \/>\n<link rel=\"canonical\" href=\"https:\/\/punto5.it\/news\/17-08-2026\/serie-c2\/242656\/si-accende-il-mercato-dellanima-casollese-ecco-manzi-e-jose-diaz\/\" \/>\n<meta property=\"og:locale\" content=\"it_IT\" \/>\n<meta property=\"og:type\" content=\"article\" \/>\n<meta property=\"og:title\" content=\"Si accende il mercato dell&#039;Anima Casollese: ecco Manzi e Jos\u00e9 Diaz - Punto5.it\" \/>\n<meta property=\"og:description\" content=\"Il mercato dell\u2019Anima Casollese entra nel vivo e il club mette a segno due operazioni importanti in vista della nuova stagione: arrivano Samuele Manzi e Facundo Jos\u00e9 Diaz. Due innesti diversi per caratteristiche, ma accomunati da esperienza, qualit\u00e0 e grande voglia di mettersi subito a disposizione del gruppo. Samuele Manzi \u00e8 un laterale rapido e [&hellip;]\" \/>\n<meta property=\"og:url\" content=\"https:\/\/punto5.it\/news\/17-08-2026\/serie-c2\/242656\/si-accende-il-mercato-dellanima-casollese-ecco-manzi-e-jose-diaz\/\" \/>\n<meta property=\"og:site_name\" content=\"Punto5.it\" \/>\n<meta property=\"article:publisher\" content=\"https:\/\/www.facebook.com\/punto5.it\/\" \/>\n<meta property=\"article:published_time\" content=\"2026-08-17T17:02:53+00:00\" \/>\n<meta property=\"article:modified_time\" content=\"2026-08-17T17:02:57+00:00\" \/>\n<meta property=\"og:image\" content=\"https:\/\/punto5.it\/news\/wp-content\/uploads\/2026\/08\/ada7d594-78cc-4079-ab37-3ef0a190b42b.jpeg\" \/>\n\t<meta property=\"og:image:width\" content=\"1200\" \/>\n\t<meta property=\"og:image:height\" content=\"675\" \/>\n\t<meta property=\"og:image:type\" content=\"image\/jpeg\" \/>\n<meta name=\"author\" content=\"comunicato stampa\" \/>\n<meta name=\"twitter:label1\" content=\"Scritto da\" \/>\n\t<meta name=\"twitter:data1\" content=\"comunicato stampa\" \/>\n\t<meta name=\"twitter:label2\" content=\"Tempo di lettura stimato\" \/>\n\t<meta name=\"twitter:data2\" content=\"2 minuti\" \/>\n<script type=\"application\/ld+json\" class=\"yoast-schema-graph\">{\"@context\":\"https:\/\/schema.org\",\"@graph\":[{\"@type\":\"Article\",\"@id\":\"https:\/\/punto5.it\/news\/17-08-2026\/serie-c2\/242656\/si-accende-il-mercato-dellanima-casollese-ecco-manzi-e-jose-diaz\/#article\",\"isPartOf\":{\"@id\":\"https:\/\/punto5.it\/news\/17-08-2026\/serie-c2\/242656\/si-accende-il-mercato-dellanima-casollese-ecco-manzi-e-jose-diaz\/\"},\"author\":{\"name\":\"comunicato stampa\",\"@id\":\"https:\/\/punto5.it\/news\/#\/schema\/person\/6b1092945321c99a2b936c656a25b924\"},\"headline\":\"Si accende il mercato dell&#8217;Anima Casollese: ecco Manzi e Jos\u00e9 Diaz\",\"datePublished\":\"2026-08-17T17:02:53+00:00\",\"dateModified\":\"2026-08-17T17:02:57+00:00\",\"mainEntityOfPage\":{\"@id\":\"https:\/\/punto5.it\/news\/17-08-2026\/serie-c2\/242656\/si-accende-il-mercato-dellanima-casollese-ecco-manzi-e-jose-diaz\/\"},\"wordCount\":243,\"commentCount\":0,\"publisher\":{\"@id\":\"https:\/\/punto5.it\/news\/#organization\"},\"image\":{\"@id\":\"https:\/\/punto5.it\/news\/17-08-2026\/serie-c2\/242656\/si-accende-il-mercato-dellanima-casollese-ecco-manzi-e-jose-diaz\/#primaryimage\"},\"thumbnailUrl\":\"https:\/\/punto5.it\/news\/wp-content\/uploads\/2026\/08\/ada7d594-78cc-4079-ab37-3ef0a190b42b.jpeg\",\"keywords\":[\"prima\"],\"articleSection\":[\"Serie C2\"],\"inLanguage\":\"it-IT\",\"potentialAction\":[{\"@type\":\"CommentAction\",\"name\":\"Comment\",\"target\":[\"https:\/\/punto5.it\/news\/17-08-2026\/serie-c2\/242656\/si-accende-il-mercato-dellanima-casollese-ecco-manzi-e-jose-diaz\/#respond\"]}]},{\"@type\":\"WebPage\",\"@id\":\"https:\/\/punto5.it\/news\/17-08-2026\/serie-c2\/242656\/si-accende-il-mercato-dellanima-casollese-ecco-manzi-e-jose-diaz\/\",\"url\":\"https:\/\/punto5.it\/news\/17-08-2026\/serie-c2\/242656\/si-accende-il-mercato-dellanima-casollese-ecco-manzi-e-jose-diaz\/\",\"name\":\"Si accende il mercato dell'Anima Casollese: ecco Manzi e Jos\u00e9 Diaz - Punto5.it\",\"isPartOf\":{\"@id\":\"https:\/\/punto5.it\/news\/#website\"},\"primaryImageOfPage\":{\"@id\":\"https:\/\/punto5.it\/news\/17-08-2026\/serie-c2\/242656\/si-accende-il-mercato-dellanima-casollese-ecco-manzi-e-jose-diaz\/#primaryimage\"},\"image\":{\"@id\":\"https:\/\/punto5.it\/news\/17-08-2026\/serie-c2\/242656\/si-accende-il-mercato-dellanima-casollese-ecco-manzi-e-jose-diaz\/#primaryimage\"},\"thumbnailUrl\":\"https:\/\/punto5.it\/news\/wp-content\/uploads\/2026\/08\/ada7d594-78cc-4079-ab37-3ef0a190b42b.jpeg\",\"datePublished\":\"2026-08-17T17:02:53+00:00\",\"dateModified\":\"2026-08-17T17:02:57+00:00\",\"breadcrumb\":{\"@id\":\"https:\/\/punto5.it\/news\/17-08-2026\/serie-c2\/242656\/si-accende-il-mercato-dellanima-casollese-ecco-manzi-e-jose-diaz\/#breadcrumb\"},\"inLanguage\":\"it-IT\",\"potentialAction\":[{\"@type\":\"ReadAction\",\"target\":[\"https:\/\/punto5.it\/news\/17-08-2026\/serie-c2\/242656\/si-accende-il-mercato-dellanima-casollese-ecco-manzi-e-jose-diaz\/\"]}]},{\"@type\":\"ImageObject\",\"inLanguage\":\"it-IT\",\"@id\":\"https:\/\/punto5.it\/news\/17-08-2026\/serie-c2\/242656\/si-accende-il-mercato-dellanima-casollese-ecco-manzi-e-jose-diaz\/#primaryimage\",\"url\":\"https:\/\/punto5.it\/news\/wp-content\/uploads\/2026\/08\/ada7d594-78cc-4079-ab37-3ef0a190b42b.jpeg\",\"contentUrl\":\"https:\/\/punto5.it\/news\/wp-content\/uploads\/2026\/08\/ada7d594-78cc-4079-ab37-3ef0a190b42b.jpeg\",\"width\":1200,\"height\":675},{\"@type\":\"BreadcrumbList\",\"@id\":\"https:\/\/punto5.it\/news\/17-08-2026\/serie-c2\/242656\/si-accende-il-mercato-dellanima-casollese-ecco-manzi-e-jose-diaz\/#breadcrumb\",\"itemListElement\":[{\"@type\":\"ListItem\",\"position\":1,\"name\":\"Home\",\"item\":\"https:\/\/punto5.it\/news\/\"},{\"@type\":\"ListItem\",\"position\":2,\"name\":\"Si accende il mercato dell&#8217;Anima Casollese: ecco Manzi e Jos\u00e9 Diaz\"}]},{\"@type\":\"WebSite\",\"@id\":\"https:\/\/punto5.it\/news\/#website\",\"url\":\"https:\/\/punto5.it\/news\/\",\"name\":\"Punto5.it\",\"description\":\"La tua risorsa gratuita sul calcio a 5 in Campania.\",\"publisher\":{\"@id\":\"https:\/\/punto5.it\/news\/#organization\"},\"potentialAction\":[{\"@type\":\"SearchAction\",\"target\":{\"@type\":\"EntryPoint\",\"urlTemplate\":\"https:\/\/punto5.it\/news\/?s={search_term_string}\"},\"query-input\":{\"@type\":\"PropertyValueSpecification\",\"valueRequired\":true,\"valueName\":\"search_term_string\"}}],\"inLanguage\":\"it-IT\"},{\"@type\":\"Organization\",\"@id\":\"https:\/\/punto5.it\/news\/#organization\",\"name\":\"Punto5\",\"url\":\"https:\/\/punto5.it\/news\/\",\"logo\":{\"@type\":\"ImageObject\",\"inLanguage\":\"it-IT\",\"@id\":\"https:\/\/punto5.it\/news\/#\/schema\/logo\/image\/\",\"url\":\"https:\/\/punto5.it\/news\/wp-content\/uploads\/2024\/12\/fbp5.png\",\"contentUrl\":\"https:\/\/punto5.it\/news\/wp-content\/uploads\/2024\/12\/fbp5.png\",\"width\":500,\"height\":500,\"caption\":\"Punto5\"},\"image\":{\"@id\":\"https:\/\/punto5.it\/news\/#\/schema\/logo\/image\/\"},\"sameAs\":[\"https:\/\/www.facebook.com\/punto5.it\/\"]},{\"@type\":\"Person\",\"@id\":\"https:\/\/punto5.it\/news\/#\/schema\/person\/6b1092945321c99a2b936c656a25b924\",\"name\":\"comunicato stampa\",\"image\":{\"@type\":\"ImageObject\",\"inLanguage\":\"it-IT\",\"@id\":\"https:\/\/punto5.it\/news\/#\/schema\/person\/image\/\",\"url\":\"https:\/\/secure.gravatar.com\/avatar\/ffa8e990fc05bef01150cb4b849246a414f038e016c198603051dee57bf3bf53?s=96&d=mm&r=g\",\"contentUrl\":\"https:\/\/secure.gravatar.com\/avatar\/ffa8e990fc05bef01150cb4b849246a414f038e016c198603051dee57bf3bf53?s=96&d=mm&r=g\",\"caption\":\"comunicato stampa\"},\"sameAs\":[\"http:\/\/www.punto5.it\"],\"url\":\"https:\/\/punto5.it\/news\/author\/comunicato-stampa\/\"}]}<\/script>\n<!-- \/ Yoast SEO plugin. -->","yoast_head_json":{"title":"Si accende il mercato dell'Anima Casollese: ecco Manzi e Jos\u00e9 Diaz - Punto5.it","robots":{"index":"index","follow":"follow","max-snippet":"max-snippet:-1","max-image-preview":"max-image-preview:large","max-video-preview":"max-video-preview:-1"},"canonical":"https:\/\/punto5.it\/news\/17-08-2026\/serie-c2\/242656\/si-accende-il-mercato-dellanima-casollese-ecco-manzi-e-jose-diaz\/","og_locale":"it_IT","og_type":"article","og_title":"Si accende il mercato dell'Anima Casollese: ecco Manzi e Jos\u00e9 Diaz - Punto5.it","og_description":"Il mercato dell\u2019Anima Casollese entra nel vivo e il club mette a segno due operazioni importanti in vista della nuova stagione: arrivano Samuele Manzi e Facundo Jos\u00e9 Diaz. Due innesti diversi per caratteristiche, ma accomunati da esperienza, qualit\u00e0 e grande voglia di mettersi subito a disposizione del gruppo. Samuele Manzi \u00e8 un laterale rapido e [&hellip;]","og_url":"https:\/\/punto5.it\/news\/17-08-2026\/serie-c2\/242656\/si-accende-il-mercato-dellanima-casollese-ecco-manzi-e-jose-diaz\/","og_site_name":"Punto5.it","article_publisher":"https:\/\/www.facebook.com\/punto5.it\/","article_published_time":"2026-08-17T17:02:53+00:00","article_modified_time":"2026-08-17T17:02:57+00:00","og_image":[{"width":1200,"height":675,"url":"https:\/\/punto5.it\/news\/wp-content\/uploads\/2026\/08\/ada7d594-78cc-4079-ab37-3ef0a190b42b.jpeg","type":"image\/jpeg"}],"author":"comunicato stampa","twitter_misc":{"Scritto da":"comunicato stampa","Tempo di lettura stimato":"2 minuti"},"schema":{"@context":"https:\/\/schema.org","@graph":[{"@type":"Article","@id":"https:\/\/punto5.it\/news\/17-08-2026\/serie-c2\/242656\/si-accende-il-mercato-dellanima-casollese-ecco-manzi-e-jose-diaz\/#article","isPartOf":{"@id":"https:\/\/punto5.it\/news\/17-08-2026\/serie-c2\/242656\/si-accende-il-mercato-dellanima-casollese-ecco-manzi-e-jose-diaz\/"},"author":{"name":"comunicato stampa","@id":"https:\/\/punto5.it\/news\/#\/schema\/person\/6b1092945321c99a2b936c656a25b924"},"headline":"Si accende il mercato dell&#8217;Anima Casollese: ecco Manzi e Jos\u00e9 Diaz","datePublished":"2026-08-17T17:02:53+00:00","dateModified":"2026-08-17T17:02:57+00:00","mainEntityOfPage":{"@id":"https:\/\/punto5.it\/news\/17-08-2026\/serie-c2\/242656\/si-accende-il-mercato-dellanima-casollese-ecco-manzi-e-jose-diaz\/"},"wordCount":243,"commentCount":0,"publisher":{"@id":"https:\/\/punto5.it\/news\/#organization"},"image":{"@id":"https:\/\/punto5.it\/news\/17-08-2026\/serie-c2\/242656\/si-accende-il-mercato-dellanima-casollese-ecco-manzi-e-jose-diaz\/#primaryimage"},"thumbnailUrl":"https:\/\/punto5.it\/news\/wp-content\/uploads\/2026\/08\/ada7d594-78cc-4079-ab37-3ef0a190b42b.jpeg","keywords":["prima"],"articleSection":["Serie C2"],"inLanguage":"it-IT","potentialAction":[{"@type":"CommentAction","name":"Comment","target":["https:\/\/punto5.it\/news\/17-08-2026\/serie-c2\/242656\/si-accende-il-mercato-dellanima-casollese-ecco-manzi-e-jose-diaz\/#respond"]}]},{"@type":"WebPage","@id":"https:\/\/punto5.it\/news\/17-08-2026\/serie-c2\/242656\/si-accende-il-mercato-dellanima-casollese-ecco-manzi-e-jose-diaz\/","url":"https:\/\/punto5.it\/news\/17-08-2026\/serie-c2\/242656\/si-accende-il-mercato-dellanima-casollese-ecco-manzi-e-jose-diaz\/","name":"Si accende il mercato dell'Anima Casollese: ecco Manzi e Jos\u00e9 Diaz - Punto5.it","isPartOf":{"@id":"https:\/\/punto5.it\/news\/#website"},"primaryImageOfPage":{"@id":"https:\/\/punto5.it\/news\/17-08-2026\/serie-c2\/242656\/si-accende-il-mercato-dellanima-casollese-ecco-manzi-e-jose-diaz\/#primaryimage"},"image":{"@id":"https:\/\/punto5.it\/news\/17-08-2026\/serie-c2\/242656\/si-accende-il-mercato-dellanima-casollese-ecco-manzi-e-jose-diaz\/#primaryimage"},"thumbnailUrl":"https:\/\/punto5.it\/news\/wp-content\/uploads\/2026\/08\/ada7d594-78cc-4079-ab37-3ef0a190b42b.jpeg","datePublished":"2026-08-17T17:02:53+00:00","dateModified":"2026-08-17T17:02:57+00:00","breadcrumb":{"@id":"https:\/\/punto5.it\/news\/17-08-2026\/serie-c2\/242656\/si-accende-il-mercato-dellanima-casollese-ecco-manzi-e-jose-diaz\/#breadcrumb"},"inLanguage":"it-IT","potentialAction":[{"@type":"ReadAction","target":["https:\/\/punto5.it\/news\/17-08-2026\/serie-c2\/242656\/si-accende-il-mercato-dellanima-casollese-ecco-manzi-e-jose-diaz\/"]}]},{"@type":"ImageObject","inLanguage":"it-IT","@id":"https:\/\/punto5.it\/news\/17-08-2026\/serie-c2\/242656\/si-accende-il-mercato-dellanima-casollese-ecco-manzi-e-jose-diaz\/#primaryimage","url":"https:\/\/punto5.it\/news\/wp-content\/uploads\/2026\/08\/ada7d594-78cc-4079-ab37-3ef0a190b42b.jpeg","contentUrl":"https:\/\/punto5.it\/news\/wp-content\/uploads\/2026\/08\/ada7d594-78cc-4079-ab37-3ef0a190b42b.jpeg","width":1200,"height":675},{"@type":"BreadcrumbList","@id":"https:\/\/punto5.it\/news\/17-08-2026\/serie-c2\/242656\/si-accende-il-mercato-dellanima-casollese-ecco-manzi-e-jose-diaz\/#breadcrumb","itemListElement":[{"@type":"ListItem","position":1,"name":"Home","item":"https:\/\/punto5.it\/news\/"},{"@type":"ListItem","position":2,"name":"Si accende il mercato dell&#8217;Anima Casollese: ecco Manzi e Jos\u00e9 Diaz"}]},{"@type":"WebSite","@id":"https:\/\/punto5.it\/news\/#website","url":"https:\/\/punto5.it\/news\/","name":"Punto5.it","description":"La tua risorsa gratuita sul calcio a 5 in Campania.","publisher":{"@id":"https:\/\/punto5.it\/news\/#organization"},"potentialAction":[{"@type":"SearchAction","target":{"@type":"EntryPoint","urlTemplate":"https:\/\/punto5.it\/news\/?s={search_term_string}"},"query-input":{"@type":"PropertyValueSpecification","valueRequired":true,"valueName":"search_term_string"}}],"inLanguage":"it-IT"},{"@type":"Organization","@id":"https:\/\/punto5.it\/news\/#organization","name":"Punto5","url":"https:\/\/punto5.it\/news\/","logo":{"@type":"ImageObject","inLanguage":"it-IT","@id":"https:\/\/punto5.it\/news\/#\/schema\/logo\/image\/","url":"https:\/\/punto5.it\/news\/wp-content\/uploads\/2024\/12\/fbp5.png","contentUrl":"https:\/\/punto5.it\/news\/wp-content\/uploads\/2024\/12\/fbp5.png","width":500,"height":500,"caption":"Punto5"},"image":{"@id":"https:\/\/punto5.it\/news\/#\/schema\/logo\/image\/"},"sameAs":["https:\/\/www.facebook.com\/punto5.it\/"]},{"@type":"Person","@id":"https:\/\/punto5.it\/news\/#\/schema\/person\/6b1092945321c99a2b936c656a25b924","name":"comunicato stampa","image":{"@type":"ImageObject","inLanguage":"it-IT","@id":"https:\/\/punto5.it\/news\/#\/schema\/person\/image\/","url":"https:\/\/secure.gravatar.com\/avatar\/ffa8e990fc05bef01150cb4b849246a414f038e016c198603051dee57bf3bf53?s=96&d=mm&r=g","contentUrl":"https:\/\/secure.gravatar.com\/avatar\/ffa8e990fc05bef01150cb4b849246a414f038e016c198603051dee57bf3bf53?s=96&d=mm&r=g","caption":"comunicato stampa"},"sameAs":["http:\/\/www.punto5.it"],"url":"https:\/\/punto5.it\/news\/author\/comunicato-stampa\/"}]}},"_links":{"self":[{"href":"https:\/\/punto5.it\/news\/wp-json\/wp\/v2\/posts\/242656","targetHints":{"allow":["GET"]}}],"collection":[{"href":"https:\/\/punto5.it\/news\/wp-json\/wp\/v2\/posts"}],"about":[{"href":"https:\/\/punto5.it\/news\/wp-json\/wp\/v2\/types\/post"}],"author":[{"embeddable":true,"href":"https:\/\/punto5.it\/news\/wp-json\/wp\/v2\/users\/5"}],"replies":[{"embeddable":true,"href":"https:\/\/punto5.it\/news\/wp-json\/wp\/v2\/comments?post=242656"}],"version-history":[{"count":1,"href":"https:\/\/punto5.it\/news\/wp-json\/wp\/v2\/posts\/242656\/revisions"}],"predecessor-version":[{"id":242658,"href":"https:\/\/punto5.it\/news\/wp-json\/wp\/v2\/posts\/242656\/revisions\/242658"}],"wp:featuredmedia":[{"embeddable":true,"href":"https:\/\/punto5.it\/news\/wp-json\/wp\/v2\/media\/242657"}],"wp:attachment":[{"href":"https:\/\/punto5.it\/news\/wp-json\/wp\/v2\/media?parent=242656"}],"wp:term":[{"taxonomy":"category","embeddable":true,"href":"https:\/\/punto5.it\/news\/wp-json\/wp\/v2\/categories?post=242656"},{"taxonomy":"post_tag","embeddable":true,"href":"https:\/\/punto5.it\/news\/wp-json\/wp\/v2\/tags?post=242656"}],"curies":[{"name":"wp","href":"https:\/\/api.w.org\/{rel}","templated":true}]}}