{"id":242661,"date":"2026-08-18T22:16:45","date_gmt":"2026-08-18T20:16:45","guid":{"rendered":"https:\/\/punto5.it\/news\/?p=242661"},"modified":"2026-08-18T22:17:14","modified_gmt":"2026-08-18T20:17:14","slug":"fenix-ischia-il-progetto-continua-in-d-nica-player-manager-agnese-decisione-naturale-e-condivisa","status":"publish","type":"post","link":"https:\/\/punto5.it\/news\/18-08-2026\/serie-d\/242661\/fenix-ischia-il-progetto-continua-in-d-nica-player-manager-agnese-decisione-naturale-e-condivisa\/","title":{"rendered":"Fenix Ischia, si riparte dalla D con Nica player-manager. Agnese: &#8220;Decisione naturale e condivisa&#8221;"},"content":{"rendered":"\n<p>La Fenix Ischia comunica che, nella stagione 2026\/2027, la prima squadra ripartir\u00e0 dal campionato di Serie D.<\/p>\n\n\n\n<p>Il presidente Vincenzo Agnese, di comune accordo con la dirigenza, lo staff tecnico e la squadra, ha scelto di rinunciare al titolo di Serie C2 per dare vita a un nuovo ciclo, ripartendo dalla base e puntando con ancora maggiore convinzione sulla crescita dei giovani e sulla valorizzazione dei giocatori isolani.<\/p>\n\n\n\n<p>La societ\u00e0 \u00e8 lieta di annunciare che la guida tecnica della prima squadra, nel doppio ruolo di allenatore-giocatore, \u00e8 stata affidata a Luis Nica. Una scelta che va ben oltre la prima squadra: a Nica sar\u00e0 infatti affidato un ruolo centrale nel progetto tecnico della Fenix, con l\u2019obiettivo di accompagnare la crescita dell\u2019intero settore giovanile e creare una linea di lavoro comune tra scuola calcio a 5 e prima squadra.<\/p>\n\n\n\n<p>Confermata una parte importante del gruppo isolano protagonista della passata stagione. Hanno gi\u00e0 rinnovato il proprio tesseramento:<\/p>\n\n\n\n<p>Trofa, Giannini, Arcamone, Di Iorio L., Nica, Testa, Polito, Lubrano e Migliaccio.<\/p>\n\n\n\n<p>A loro si aggiungono due giovani provenienti dal calcio a 11, che hanno scelto di sposare il nuovo progetto Fenix: Giuseppe Spennato e Cristopher Lamonaca.<\/p>\n\n\n\n<p>La societ\u00e0 \u00e8 inoltre al lavoro per completare la rosa con altri giocatori, sempre isolani, mentre saranno progressivamente aggregati alla prima squadra anche alcuni giovani dell\u2019Under 17, con l\u2019obiettivo di creare un percorso concreto che accompagni i ragazzi dal settore giovanile fino alla formazione senior.<\/p>\n\n\n\n<p>Il presidente Vincenzo Agnese spiega cos\u00ec la scelta della societ\u00e0:<\/p>\n\n\n\n<p>\u00ab\u00c8 stata una decisione maturata in maniera naturale e condivisa con tutte le componenti della societ\u00e0. Il numero di squadre presenti oggi sull\u2019isola, per quanto ci abbiamo provato anche nella passata stagione, rende molto difficile riuscire ad aggregare un numero sufficiente di giocatori isolani gi\u00e0 pronti per avere ambizioni in un campionato importante come la C2.<\/p>\n\n\n\n<p>Avremmo potuto costruire una squadra con l\u2019obiettivo della salvezza, ma abbiamo preferito fare una scelta diversa: mettere il nuovo gruppo che stiamo allestendo, composto da giovani e da nuovi innesti provenienti dal calcio, nelle condizioni di lavorare e crescere con maggiore serenit\u00e0. Per molti di loro sar\u00e0 la prima vera esperienza nel calcio a 5.<\/p>\n\n\n\n<p>Il nostro investimento principale \u00e8 stato su Luis Nica, perch\u00e9 siamo convinti che il modo migliore per formare giocatori bravi sia innanzitutto allenarli bene. Abbiamo ritenuto che Luis rappresentasse la migliore opzione possibile sul nostro territorio, oltre a essere ormai da anni un punto di riferimento della Fenix.<\/p>\n\n\n\n<p>Con lui abbiamo concordato un progetto pluriennale. Vogliamo che i ragazzi possano stare insieme per pi\u00f9 stagioni, essere allenati bene e avere il tempo necessario per crescere. In passato ci siamo resi protagonisti di troppi tentativi che, per diversi motivi, si sono interrotti troppo presto e non hanno consentito ai giovani di completare un vero percorso di maturazione. Questo ci ha costretto troppo spesso a ricorrere al mercato per rinforzare la squadra.<\/p>\n\n\n\n<p>Oggi vogliamo provare a cambiare strada. Partiamo da una base di ragazzi che possono mettere a disposizione la propria esperienza, aggiungiamo giovani provenienti dal calcio a 11 e, soprattutto, vogliamo inserire progressivamente i ragazzi cresciuti nella nostra scuola calcio a 5.<\/p>\n\n\n\n<p>L\u2019obiettivo \u00e8 tornare, nel minor tempo possibile, in categorie importanti, ma farlo con un\u2019ossatura prevalentemente isolana, costruita nel tempo e non stagione dopo stagione. \u00c8 certamente una necessit\u00e0 legata anche all\u2019impossibilit\u00e0 di contare su disponibilit\u00e0 economiche elevate, ma soprattutto \u00e8 una sfida che troviamo estremamente stimolante: provare a creare, ancora una volta, qualcosa di nuovo e duraturo\u00bb.<\/p>\n\n\n\n<p><strong>Ufficio stampa Fenix Ischia<\/strong><\/p>\n","protected":false},"excerpt":{"rendered":"<p>La Fenix Ischia comunica che, nella stagione 2026\/2027, la prima squadra ripartir\u00e0 dal campionato di Serie D. Il presidente Vincenzo Agnese, di comune accordo con la dirigenza, lo staff tecnico e la squadra, ha scelto di rinunciare al titolo di Serie C2 per dare vita a un nuovo ciclo, ripartendo dalla base e puntando con [&hellip;]<\/p>\n","protected":false},"author":5,"featured_media":242662,"comment_status":"open","ping_status":"open","sticky":false,"template":"","format":"standard","meta":{"jnews-multi-image_gallery":[],"jnews_single_post":{"format":"standard"},"jnews_primary_category":[],"jnews_social_meta":[],"jnews_override_counter":[],"footnotes":""},"categories":[16],"tags":[1515],"class_list":["post-242661","post","type-post","status-publish","format-standard","has-post-thumbnail","hentry","category-serie-d","tag-prima"],"yoast_head":"<!-- This site is optimized with the Yoast SEO plugin v24.5 - https:\/\/yoast.com\/wordpress\/plugins\/seo\/ -->\n<title>Fenix Ischia, si riparte dalla D con Nica player-manager. Agnese: &quot;Decisione naturale e condivisa&quot; - Punto5.it<\/title>\n<meta name=\"robots\" content=\"index, follow, max-snippet:-1, max-image-preview:large, max-video-preview:-1\" \/>\n<link rel=\"canonical\" href=\"https:\/\/punto5.it\/news\/18-08-2026\/serie-d\/242661\/fenix-ischia-il-progetto-continua-in-d-nica-player-manager-agnese-decisione-naturale-e-condivisa\/\" \/>\n<meta property=\"og:locale\" content=\"it_IT\" \/>\n<meta property=\"og:type\" content=\"article\" \/>\n<meta property=\"og:title\" content=\"Fenix Ischia, si riparte dalla D con Nica player-manager. Agnese: &quot;Decisione naturale e condivisa&quot; - Punto5.it\" \/>\n<meta property=\"og:description\" content=\"La Fenix Ischia comunica che, nella stagione 2026\/2027, la prima squadra ripartir\u00e0 dal campionato di Serie D. Il presidente Vincenzo Agnese, di comune accordo con la dirigenza, lo staff tecnico e la squadra, ha scelto di rinunciare al titolo di Serie C2 per dare vita a un nuovo ciclo, ripartendo dalla base e puntando con [&hellip;]\" \/>\n<meta property=\"og:url\" content=\"https:\/\/punto5.it\/news\/18-08-2026\/serie-d\/242661\/fenix-ischia-il-progetto-continua-in-d-nica-player-manager-agnese-decisione-naturale-e-condivisa\/\" \/>\n<meta property=\"og:site_name\" content=\"Punto5.it\" \/>\n<meta property=\"article:publisher\" content=\"https:\/\/www.facebook.com\/punto5.it\/\" \/>\n<meta property=\"article:published_time\" content=\"2026-08-18T20:16:45+00:00\" \/>\n<meta property=\"article:modified_time\" content=\"2026-08-18T20:17:14+00:00\" \/>\n<meta property=\"og:image\" content=\"https:\/\/punto5.it\/news\/wp-content\/uploads\/2026\/08\/fenix.jpg\" \/>\n\t<meta property=\"og:image:width\" content=\"1080\" \/>\n\t<meta property=\"og:image:height\" content=\"608\" \/>\n\t<meta property=\"og:image:type\" content=\"image\/jpeg\" \/>\n<meta name=\"author\" content=\"comunicato stampa\" \/>\n<meta name=\"twitter:label1\" content=\"Scritto da\" \/>\n\t<meta name=\"twitter:data1\" content=\"comunicato stampa\" \/>\n\t<meta name=\"twitter:label2\" content=\"Tempo di lettura stimato\" \/>\n\t<meta name=\"twitter:data2\" content=\"4 minuti\" \/>\n<script type=\"application\/ld+json\" class=\"yoast-schema-graph\">{\"@context\":\"https:\/\/schema.org\",\"@graph\":[{\"@type\":\"Article\",\"@id\":\"https:\/\/punto5.it\/news\/18-08-2026\/serie-d\/242661\/fenix-ischia-il-progetto-continua-in-d-nica-player-manager-agnese-decisione-naturale-e-condivisa\/#article\",\"isPartOf\":{\"@id\":\"https:\/\/punto5.it\/news\/18-08-2026\/serie-d\/242661\/fenix-ischia-il-progetto-continua-in-d-nica-player-manager-agnese-decisione-naturale-e-condivisa\/\"},\"author\":{\"name\":\"comunicato stampa\",\"@id\":\"https:\/\/punto5.it\/news\/#\/schema\/person\/6b1092945321c99a2b936c656a25b924\"},\"headline\":\"Fenix Ischia, si riparte dalla D con Nica player-manager. Agnese: &#8220;Decisione naturale e condivisa&#8221;\",\"datePublished\":\"2026-08-18T20:16:45+00:00\",\"dateModified\":\"2026-08-18T20:17:14+00:00\",\"mainEntityOfPage\":{\"@id\":\"https:\/\/punto5.it\/news\/18-08-2026\/serie-d\/242661\/fenix-ischia-il-progetto-continua-in-d-nica-player-manager-agnese-decisione-naturale-e-condivisa\/\"},\"wordCount\":588,\"commentCount\":0,\"publisher\":{\"@id\":\"https:\/\/punto5.it\/news\/#organization\"},\"image\":{\"@id\":\"https:\/\/punto5.it\/news\/18-08-2026\/serie-d\/242661\/fenix-ischia-il-progetto-continua-in-d-nica-player-manager-agnese-decisione-naturale-e-condivisa\/#primaryimage\"},\"thumbnailUrl\":\"https:\/\/punto5.it\/news\/wp-content\/uploads\/2026\/08\/fenix.jpg\",\"keywords\":[\"prima\"],\"articleSection\":[\"Serie D\"],\"inLanguage\":\"it-IT\",\"potentialAction\":[{\"@type\":\"CommentAction\",\"name\":\"Comment\",\"target\":[\"https:\/\/punto5.it\/news\/18-08-2026\/serie-d\/242661\/fenix-ischia-il-progetto-continua-in-d-nica-player-manager-agnese-decisione-naturale-e-condivisa\/#respond\"]}]},{\"@type\":\"WebPage\",\"@id\":\"https:\/\/punto5.it\/news\/18-08-2026\/serie-d\/242661\/fenix-ischia-il-progetto-continua-in-d-nica-player-manager-agnese-decisione-naturale-e-condivisa\/\",\"url\":\"https:\/\/punto5.it\/news\/18-08-2026\/serie-d\/242661\/fenix-ischia-il-progetto-continua-in-d-nica-player-manager-agnese-decisione-naturale-e-condivisa\/\",\"name\":\"Fenix Ischia, si riparte dalla D con Nica player-manager. Agnese: \\\"Decisione naturale e condivisa\\\" - Punto5.it\",\"isPartOf\":{\"@id\":\"https:\/\/punto5.it\/news\/#website\"},\"primaryImageOfPage\":{\"@id\":\"https:\/\/punto5.it\/news\/18-08-2026\/serie-d\/242661\/fenix-ischia-il-progetto-continua-in-d-nica-player-manager-agnese-decisione-naturale-e-condivisa\/#primaryimage\"},\"image\":{\"@id\":\"https:\/\/punto5.it\/news\/18-08-2026\/serie-d\/242661\/fenix-ischia-il-progetto-continua-in-d-nica-player-manager-agnese-decisione-naturale-e-condivisa\/#primaryimage\"},\"thumbnailUrl\":\"https:\/\/punto5.it\/news\/wp-content\/uploads\/2026\/08\/fenix.jpg\",\"datePublished\":\"2026-08-18T20:16:45+00:00\",\"dateModified\":\"2026-08-18T20:17:14+00:00\",\"breadcrumb\":{\"@id\":\"https:\/\/punto5.it\/news\/18-08-2026\/serie-d\/242661\/fenix-ischia-il-progetto-continua-in-d-nica-player-manager-agnese-decisione-naturale-e-condivisa\/#breadcrumb\"},\"inLanguage\":\"it-IT\",\"potentialAction\":[{\"@type\":\"ReadAction\",\"target\":[\"https:\/\/punto5.it\/news\/18-08-2026\/serie-d\/242661\/fenix-ischia-il-progetto-continua-in-d-nica-player-manager-agnese-decisione-naturale-e-condivisa\/\"]}]},{\"@type\":\"ImageObject\",\"inLanguage\":\"it-IT\",\"@id\":\"https:\/\/punto5.it\/news\/18-08-2026\/serie-d\/242661\/fenix-ischia-il-progetto-continua-in-d-nica-player-manager-agnese-decisione-naturale-e-condivisa\/#primaryimage\",\"url\":\"https:\/\/punto5.it\/news\/wp-content\/uploads\/2026\/08\/fenix.jpg\",\"contentUrl\":\"https:\/\/punto5.it\/news\/wp-content\/uploads\/2026\/08\/fenix.jpg\",\"width\":1080,\"height\":608},{\"@type\":\"BreadcrumbList\",\"@id\":\"https:\/\/punto5.it\/news\/18-08-2026\/serie-d\/242661\/fenix-ischia-il-progetto-continua-in-d-nica-player-manager-agnese-decisione-naturale-e-condivisa\/#breadcrumb\",\"itemListElement\":[{\"@type\":\"ListItem\",\"position\":1,\"name\":\"Home\",\"item\":\"https:\/\/punto5.it\/news\/\"},{\"@type\":\"ListItem\",\"position\":2,\"name\":\"Fenix Ischia, si riparte dalla D con Nica player-manager. Agnese: &#8220;Decisione naturale e condivisa&#8221;\"}]},{\"@type\":\"WebSite\",\"@id\":\"https:\/\/punto5.it\/news\/#website\",\"url\":\"https:\/\/punto5.it\/news\/\",\"name\":\"Punto5.it\",\"description\":\"La tua risorsa gratuita sul calcio a 5 in Campania.\",\"publisher\":{\"@id\":\"https:\/\/punto5.it\/news\/#organization\"},\"potentialAction\":[{\"@type\":\"SearchAction\",\"target\":{\"@type\":\"EntryPoint\",\"urlTemplate\":\"https:\/\/punto5.it\/news\/?s={search_term_string}\"},\"query-input\":{\"@type\":\"PropertyValueSpecification\",\"valueRequired\":true,\"valueName\":\"search_term_string\"}}],\"inLanguage\":\"it-IT\"},{\"@type\":\"Organization\",\"@id\":\"https:\/\/punto5.it\/news\/#organization\",\"name\":\"Punto5\",\"url\":\"https:\/\/punto5.it\/news\/\",\"logo\":{\"@type\":\"ImageObject\",\"inLanguage\":\"it-IT\",\"@id\":\"https:\/\/punto5.it\/news\/#\/schema\/logo\/image\/\",\"url\":\"https:\/\/punto5.it\/news\/wp-content\/uploads\/2024\/12\/fbp5.png\",\"contentUrl\":\"https:\/\/punto5.it\/news\/wp-content\/uploads\/2024\/12\/fbp5.png\",\"width\":500,\"height\":500,\"caption\":\"Punto5\"},\"image\":{\"@id\":\"https:\/\/punto5.it\/news\/#\/schema\/logo\/image\/\"},\"sameAs\":[\"https:\/\/www.facebook.com\/punto5.it\/\"]},{\"@type\":\"Person\",\"@id\":\"https:\/\/punto5.it\/news\/#\/schema\/person\/6b1092945321c99a2b936c656a25b924\",\"name\":\"comunicato stampa\",\"image\":{\"@type\":\"ImageObject\",\"inLanguage\":\"it-IT\",\"@id\":\"https:\/\/punto5.it\/news\/#\/schema\/person\/image\/\",\"url\":\"https:\/\/secure.gravatar.com\/avatar\/ffa8e990fc05bef01150cb4b849246a414f038e016c198603051dee57bf3bf53?s=96&d=mm&r=g\",\"contentUrl\":\"https:\/\/secure.gravatar.com\/avatar\/ffa8e990fc05bef01150cb4b849246a414f038e016c198603051dee57bf3bf53?s=96&d=mm&r=g\",\"caption\":\"comunicato stampa\"},\"sameAs\":[\"http:\/\/www.punto5.it\"],\"url\":\"https:\/\/punto5.it\/news\/author\/comunicato-stampa\/\"}]}<\/script>\n<!-- \/ Yoast SEO plugin. -->","yoast_head_json":{"title":"Fenix Ischia, si riparte dalla D con Nica player-manager. Agnese: \"Decisione naturale e condivisa\" - Punto5.it","robots":{"index":"index","follow":"follow","max-snippet":"max-snippet:-1","max-image-preview":"max-image-preview:large","max-video-preview":"max-video-preview:-1"},"canonical":"https:\/\/punto5.it\/news\/18-08-2026\/serie-d\/242661\/fenix-ischia-il-progetto-continua-in-d-nica-player-manager-agnese-decisione-naturale-e-condivisa\/","og_locale":"it_IT","og_type":"article","og_title":"Fenix Ischia, si riparte dalla D con Nica player-manager. Agnese: \"Decisione naturale e condivisa\" - Punto5.it","og_description":"La Fenix Ischia comunica che, nella stagione 2026\/2027, la prima squadra ripartir\u00e0 dal campionato di Serie D. Il presidente Vincenzo Agnese, di comune accordo con la dirigenza, lo staff tecnico e la squadra, ha scelto di rinunciare al titolo di Serie C2 per dare vita a un nuovo ciclo, ripartendo dalla base e puntando con [&hellip;]","og_url":"https:\/\/punto5.it\/news\/18-08-2026\/serie-d\/242661\/fenix-ischia-il-progetto-continua-in-d-nica-player-manager-agnese-decisione-naturale-e-condivisa\/","og_site_name":"Punto5.it","article_publisher":"https:\/\/www.facebook.com\/punto5.it\/","article_published_time":"2026-08-18T20:16:45+00:00","article_modified_time":"2026-08-18T20:17:14+00:00","og_image":[{"width":1080,"height":608,"url":"https:\/\/punto5.it\/news\/wp-content\/uploads\/2026\/08\/fenix.jpg","type":"image\/jpeg"}],"author":"comunicato stampa","twitter_misc":{"Scritto da":"comunicato stampa","Tempo di lettura stimato":"4 minuti"},"schema":{"@context":"https:\/\/schema.org","@graph":[{"@type":"Article","@id":"https:\/\/punto5.it\/news\/18-08-2026\/serie-d\/242661\/fenix-ischia-il-progetto-continua-in-d-nica-player-manager-agnese-decisione-naturale-e-condivisa\/#article","isPartOf":{"@id":"https:\/\/punto5.it\/news\/18-08-2026\/serie-d\/242661\/fenix-ischia-il-progetto-continua-in-d-nica-player-manager-agnese-decisione-naturale-e-condivisa\/"},"author":{"name":"comunicato stampa","@id":"https:\/\/punto5.it\/news\/#\/schema\/person\/6b1092945321c99a2b936c656a25b924"},"headline":"Fenix Ischia, si riparte dalla D con Nica player-manager. Agnese: &#8220;Decisione naturale e condivisa&#8221;","datePublished":"2026-08-18T20:16:45+00:00","dateModified":"2026-08-18T20:17:14+00:00","mainEntityOfPage":{"@id":"https:\/\/punto5.it\/news\/18-08-2026\/serie-d\/242661\/fenix-ischia-il-progetto-continua-in-d-nica-player-manager-agnese-decisione-naturale-e-condivisa\/"},"wordCount":588,"commentCount":0,"publisher":{"@id":"https:\/\/punto5.it\/news\/#organization"},"image":{"@id":"https:\/\/punto5.it\/news\/18-08-2026\/serie-d\/242661\/fenix-ischia-il-progetto-continua-in-d-nica-player-manager-agnese-decisione-naturale-e-condivisa\/#primaryimage"},"thumbnailUrl":"https:\/\/punto5.it\/news\/wp-content\/uploads\/2026\/08\/fenix.jpg","keywords":["prima"],"articleSection":["Serie D"],"inLanguage":"it-IT","potentialAction":[{"@type":"CommentAction","name":"Comment","target":["https:\/\/punto5.it\/news\/18-08-2026\/serie-d\/242661\/fenix-ischia-il-progetto-continua-in-d-nica-player-manager-agnese-decisione-naturale-e-condivisa\/#respond"]}]},{"@type":"WebPage","@id":"https:\/\/punto5.it\/news\/18-08-2026\/serie-d\/242661\/fenix-ischia-il-progetto-continua-in-d-nica-player-manager-agnese-decisione-naturale-e-condivisa\/","url":"https:\/\/punto5.it\/news\/18-08-2026\/serie-d\/242661\/fenix-ischia-il-progetto-continua-in-d-nica-player-manager-agnese-decisione-naturale-e-condivisa\/","name":"Fenix Ischia, si riparte dalla D con Nica player-manager. Agnese: \"Decisione naturale e condivisa\" - Punto5.it","isPartOf":{"@id":"https:\/\/punto5.it\/news\/#website"},"primaryImageOfPage":{"@id":"https:\/\/punto5.it\/news\/18-08-2026\/serie-d\/242661\/fenix-ischia-il-progetto-continua-in-d-nica-player-manager-agnese-decisione-naturale-e-condivisa\/#primaryimage"},"image":{"@id":"https:\/\/punto5.it\/news\/18-08-2026\/serie-d\/242661\/fenix-ischia-il-progetto-continua-in-d-nica-player-manager-agnese-decisione-naturale-e-condivisa\/#primaryimage"},"thumbnailUrl":"https:\/\/punto5.it\/news\/wp-content\/uploads\/2026\/08\/fenix.jpg","datePublished":"2026-08-18T20:16:45+00:00","dateModified":"2026-08-18T20:17:14+00:00","breadcrumb":{"@id":"https:\/\/punto5.it\/news\/18-08-2026\/serie-d\/242661\/fenix-ischia-il-progetto-continua-in-d-nica-player-manager-agnese-decisione-naturale-e-condivisa\/#breadcrumb"},"inLanguage":"it-IT","potentialAction":[{"@type":"ReadAction","target":["https:\/\/punto5.it\/news\/18-08-2026\/serie-d\/242661\/fenix-ischia-il-progetto-continua-in-d-nica-player-manager-agnese-decisione-naturale-e-condivisa\/"]}]},{"@type":"ImageObject","inLanguage":"it-IT","@id":"https:\/\/punto5.it\/news\/18-08-2026\/serie-d\/242661\/fenix-ischia-il-progetto-continua-in-d-nica-player-manager-agnese-decisione-naturale-e-condivisa\/#primaryimage","url":"https:\/\/punto5.it\/news\/wp-content\/uploads\/2026\/08\/fenix.jpg","contentUrl":"https:\/\/punto5.it\/news\/wp-content\/uploads\/2026\/08\/fenix.jpg","width":1080,"height":608},{"@type":"BreadcrumbList","@id":"https:\/\/punto5.it\/news\/18-08-2026\/serie-d\/242661\/fenix-ischia-il-progetto-continua-in-d-nica-player-manager-agnese-decisione-naturale-e-condivisa\/#breadcrumb","itemListElement":[{"@type":"ListItem","position":1,"name":"Home","item":"https:\/\/punto5.it\/news\/"},{"@type":"ListItem","position":2,"name":"Fenix Ischia, si riparte dalla D con Nica player-manager. Agnese: &#8220;Decisione naturale e condivisa&#8221;"}]},{"@type":"WebSite","@id":"https:\/\/punto5.it\/news\/#website","url":"https:\/\/punto5.it\/news\/","name":"Punto5.it","description":"La tua risorsa gratuita sul calcio a 5 in Campania.","publisher":{"@id":"https:\/\/punto5.it\/news\/#organization"},"potentialAction":[{"@type":"SearchAction","target":{"@type":"EntryPoint","urlTemplate":"https:\/\/punto5.it\/news\/?s={search_term_string}"},"query-input":{"@type":"PropertyValueSpecification","valueRequired":true,"valueName":"search_term_string"}}],"inLanguage":"it-IT"},{"@type":"Organization","@id":"https:\/\/punto5.it\/news\/#organization","name":"Punto5","url":"https:\/\/punto5.it\/news\/","logo":{"@type":"ImageObject","inLanguage":"it-IT","@id":"https:\/\/punto5.it\/news\/#\/schema\/logo\/image\/","url":"https:\/\/punto5.it\/news\/wp-content\/uploads\/2024\/12\/fbp5.png","contentUrl":"https:\/\/punto5.it\/news\/wp-content\/uploads\/2024\/12\/fbp5.png","width":500,"height":500,"caption":"Punto5"},"image":{"@id":"https:\/\/punto5.it\/news\/#\/schema\/logo\/image\/"},"sameAs":["https:\/\/www.facebook.com\/punto5.it\/"]},{"@type":"Person","@id":"https:\/\/punto5.it\/news\/#\/schema\/person\/6b1092945321c99a2b936c656a25b924","name":"comunicato stampa","image":{"@type":"ImageObject","inLanguage":"it-IT","@id":"https:\/\/punto5.it\/news\/#\/schema\/person\/image\/","url":"https:\/\/secure.gravatar.com\/avatar\/ffa8e990fc05bef01150cb4b849246a414f038e016c198603051dee57bf3bf53?s=96&d=mm&r=g","contentUrl":"https:\/\/secure.gravatar.com\/avatar\/ffa8e990fc05bef01150cb4b849246a414f038e016c198603051dee57bf3bf53?s=96&d=mm&r=g","caption":"comunicato stampa"},"sameAs":["http:\/\/www.punto5.it"],"url":"https:\/\/punto5.it\/news\/author\/comunicato-stampa\/"}]}},"_links":{"self":[{"href":"https:\/\/punto5.it\/news\/wp-json\/wp\/v2\/posts\/242661","targetHints":{"allow":["GET"]}}],"collection":[{"href":"https:\/\/punto5.it\/news\/wp-json\/wp\/v2\/posts"}],"about":[{"href":"https:\/\/punto5.it\/news\/wp-json\/wp\/v2\/types\/post"}],"author":[{"embeddable":true,"href":"https:\/\/punto5.it\/news\/wp-json\/wp\/v2\/users\/5"}],"replies":[{"embeddable":true,"href":"https:\/\/punto5.it\/news\/wp-json\/wp\/v2\/comments?post=242661"}],"version-history":[{"count":2,"href":"https:\/\/punto5.it\/news\/wp-json\/wp\/v2\/posts\/242661\/revisions"}],"predecessor-version":[{"id":242664,"href":"https:\/\/punto5.it\/news\/wp-json\/wp\/v2\/posts\/242661\/revisions\/242664"}],"wp:featuredmedia":[{"embeddable":true,"href":"https:\/\/punto5.it\/news\/wp-json\/wp\/v2\/media\/242662"}],"wp:attachment":[{"href":"https:\/\/punto5.it\/news\/wp-json\/wp\/v2\/media?parent=242661"}],"wp:term":[{"taxonomy":"category","embeddable":true,"href":"https:\/\/punto5.it\/news\/wp-json\/wp\/v2\/categories?post=242661"},{"taxonomy":"post_tag","embeddable":true,"href":"https:\/\/punto5.it\/news\/wp-json\/wp\/v2\/tags?post=242661"}],"curies":[{"name":"wp","href":"https:\/\/api.w.org\/{rel}","templated":true}]}}