{"id":242674,"date":"2026-08-19T10:59:59","date_gmt":"2026-08-19T08:59:59","guid":{"rendered":"https:\/\/punto5.it\/news\/?p=242674"},"modified":"2026-08-19T11:00:37","modified_gmt":"2026-08-19T09:00:37","slug":"sportin-sala-consilina-gia-alla-seconda-settimana-di-preparazione","status":"publish","type":"post","link":"https:\/\/punto5.it\/news\/19-08-2026\/serie-a\/242674\/sportin-sala-consilina-gia-alla-seconda-settimana-di-preparazione\/","title":{"rendered":"Sporting Sala Consilina gi\u00e0 alla seconda settimana di preparazione agli ordini di Conde"},"content":{"rendered":"\n<p>Lo Sporting Sala Consilina \u00e8 stato il primo club ad iniziare la preparazione gi\u00e0 dalla scorsa settimana.  Al Centro Sportivo Meridionale di San Rufo tutti agli ordini del confermatissimo mister Conde. E&#8217; andato via Arillo, passato al Napoli, salutato anche Mello, torneer\u00e0 in gruppo  Diego Carducci, che prosegue il percorso di recupero dopo l\u2019intervento al ginocchio. Atteso Walex, che si aggregher\u00e0 alla squadra appena possibile.<\/p>\n\n\n\n<p><\/p>\n","protected":false},"excerpt":{"rendered":"<p>Lo Sporting Sala Consilina \u00e8 stato il primo club ad iniziare la preparazione gi\u00e0 dalla scorsa settimana. Al Centro Sportivo Meridionale di San Rufo tutti agli ordini del confermatissimo mister Conde. E&#8217; andato via Arillo, passato al Napoli, salutato anche Mello, torneer\u00e0 in gruppo Diego Carducci, che prosegue il percorso di recupero dopo l\u2019intervento al [&hellip;]<\/p>\n","protected":false},"author":3,"featured_media":242675,"comment_status":"open","ping_status":"open","sticky":false,"template":"","format":"standard","meta":{"jnews-multi-image_gallery":[],"jnews_single_post":{"format":"standard"},"jnews_primary_category":[],"jnews_social_meta":[],"jnews_override_counter":[],"footnotes":""},"categories":[11],"tags":[1515],"class_list":["post-242674","post","type-post","status-publish","format-standard","has-post-thumbnail","hentry","category-serie-a","tag-prima"],"yoast_head":"<!-- This site is optimized with the Yoast SEO plugin v24.5 - https:\/\/yoast.com\/wordpress\/plugins\/seo\/ -->\n<title>Sporting Sala Consilina gi\u00e0 alla seconda settimana di preparazione agli ordini di Conde - Punto5.it<\/title>\n<meta name=\"robots\" content=\"index, follow, max-snippet:-1, max-image-preview:large, max-video-preview:-1\" \/>\n<link rel=\"canonical\" href=\"https:\/\/punto5.it\/news\/19-08-2026\/serie-a\/242674\/sportin-sala-consilina-gia-alla-seconda-settimana-di-preparazione\/\" \/>\n<meta property=\"og:locale\" content=\"it_IT\" \/>\n<meta property=\"og:type\" content=\"article\" \/>\n<meta property=\"og:title\" content=\"Sporting Sala Consilina gi\u00e0 alla seconda settimana di preparazione agli ordini di Conde - Punto5.it\" \/>\n<meta property=\"og:description\" content=\"Lo Sporting Sala Consilina \u00e8 stato il primo club ad iniziare la preparazione gi\u00e0 dalla scorsa settimana. Al Centro Sportivo Meridionale di San Rufo tutti agli ordini del confermatissimo mister Conde. E&#8217; andato via Arillo, passato al Napoli, salutato anche Mello, torneer\u00e0 in gruppo Diego Carducci, che prosegue il percorso di recupero dopo l\u2019intervento al [&hellip;]\" \/>\n<meta property=\"og:url\" content=\"https:\/\/punto5.it\/news\/19-08-2026\/serie-a\/242674\/sportin-sala-consilina-gia-alla-seconda-settimana-di-preparazione\/\" \/>\n<meta property=\"og:site_name\" content=\"Punto5.it\" \/>\n<meta property=\"article:publisher\" content=\"https:\/\/www.facebook.com\/punto5.it\/\" \/>\n<meta property=\"article:published_time\" content=\"2026-08-19T08:59:59+00:00\" \/>\n<meta property=\"article:modified_time\" content=\"2026-08-19T09:00:37+00:00\" \/>\n<meta property=\"og:image\" content=\"https:\/\/punto5.it\/news\/wp-content\/uploads\/2026\/08\/sala.jpg\" \/>\n\t<meta property=\"og:image:width\" content=\"485\" \/>\n\t<meta property=\"og:image:height\" content=\"349\" \/>\n\t<meta property=\"og:image:type\" content=\"image\/jpeg\" \/>\n<meta name=\"author\" content=\"Fabio Morra\" \/>\n<meta name=\"twitter:label1\" content=\"Scritto da\" \/>\n\t<meta name=\"twitter:data1\" content=\"Fabio Morra\" \/>\n\t<meta name=\"twitter:label2\" content=\"Tempo di lettura stimato\" \/>\n\t<meta name=\"twitter:data2\" content=\"1 minuto\" \/>\n<script type=\"application\/ld+json\" class=\"yoast-schema-graph\">{\"@context\":\"https:\/\/schema.org\",\"@graph\":[{\"@type\":\"Article\",\"@id\":\"https:\/\/punto5.it\/news\/19-08-2026\/serie-a\/242674\/sportin-sala-consilina-gia-alla-seconda-settimana-di-preparazione\/#article\",\"isPartOf\":{\"@id\":\"https:\/\/punto5.it\/news\/19-08-2026\/serie-a\/242674\/sportin-sala-consilina-gia-alla-seconda-settimana-di-preparazione\/\"},\"author\":{\"name\":\"Fabio Morra\",\"@id\":\"https:\/\/punto5.it\/news\/#\/schema\/person\/6f43184130531772bacf25ec29424b85\"},\"headline\":\"Sporting Sala Consilina gi\u00e0 alla seconda settimana di preparazione agli ordini di Conde\",\"datePublished\":\"2026-08-19T08:59:59+00:00\",\"dateModified\":\"2026-08-19T09:00:37+00:00\",\"mainEntityOfPage\":{\"@id\":\"https:\/\/punto5.it\/news\/19-08-2026\/serie-a\/242674\/sportin-sala-consilina-gia-alla-seconda-settimana-di-preparazione\/\"},\"wordCount\":78,\"commentCount\":0,\"publisher\":{\"@id\":\"https:\/\/punto5.it\/news\/#organization\"},\"image\":{\"@id\":\"https:\/\/punto5.it\/news\/19-08-2026\/serie-a\/242674\/sportin-sala-consilina-gia-alla-seconda-settimana-di-preparazione\/#primaryimage\"},\"thumbnailUrl\":\"https:\/\/punto5.it\/news\/wp-content\/uploads\/2026\/08\/sala.jpg\",\"keywords\":[\"prima\"],\"articleSection\":[\"Serie A\"],\"inLanguage\":\"it-IT\",\"potentialAction\":[{\"@type\":\"CommentAction\",\"name\":\"Comment\",\"target\":[\"https:\/\/punto5.it\/news\/19-08-2026\/serie-a\/242674\/sportin-sala-consilina-gia-alla-seconda-settimana-di-preparazione\/#respond\"]}]},{\"@type\":\"WebPage\",\"@id\":\"https:\/\/punto5.it\/news\/19-08-2026\/serie-a\/242674\/sportin-sala-consilina-gia-alla-seconda-settimana-di-preparazione\/\",\"url\":\"https:\/\/punto5.it\/news\/19-08-2026\/serie-a\/242674\/sportin-sala-consilina-gia-alla-seconda-settimana-di-preparazione\/\",\"name\":\"Sporting Sala Consilina gi\u00e0 alla seconda settimana di preparazione agli ordini di Conde - Punto5.it\",\"isPartOf\":{\"@id\":\"https:\/\/punto5.it\/news\/#website\"},\"primaryImageOfPage\":{\"@id\":\"https:\/\/punto5.it\/news\/19-08-2026\/serie-a\/242674\/sportin-sala-consilina-gia-alla-seconda-settimana-di-preparazione\/#primaryimage\"},\"image\":{\"@id\":\"https:\/\/punto5.it\/news\/19-08-2026\/serie-a\/242674\/sportin-sala-consilina-gia-alla-seconda-settimana-di-preparazione\/#primaryimage\"},\"thumbnailUrl\":\"https:\/\/punto5.it\/news\/wp-content\/uploads\/2026\/08\/sala.jpg\",\"datePublished\":\"2026-08-19T08:59:59+00:00\",\"dateModified\":\"2026-08-19T09:00:37+00:00\",\"breadcrumb\":{\"@id\":\"https:\/\/punto5.it\/news\/19-08-2026\/serie-a\/242674\/sportin-sala-consilina-gia-alla-seconda-settimana-di-preparazione\/#breadcrumb\"},\"inLanguage\":\"it-IT\",\"potentialAction\":[{\"@type\":\"ReadAction\",\"target\":[\"https:\/\/punto5.it\/news\/19-08-2026\/serie-a\/242674\/sportin-sala-consilina-gia-alla-seconda-settimana-di-preparazione\/\"]}]},{\"@type\":\"ImageObject\",\"inLanguage\":\"it-IT\",\"@id\":\"https:\/\/punto5.it\/news\/19-08-2026\/serie-a\/242674\/sportin-sala-consilina-gia-alla-seconda-settimana-di-preparazione\/#primaryimage\",\"url\":\"https:\/\/punto5.it\/news\/wp-content\/uploads\/2026\/08\/sala.jpg\",\"contentUrl\":\"https:\/\/punto5.it\/news\/wp-content\/uploads\/2026\/08\/sala.jpg\",\"width\":485,\"height\":349},{\"@type\":\"BreadcrumbList\",\"@id\":\"https:\/\/punto5.it\/news\/19-08-2026\/serie-a\/242674\/sportin-sala-consilina-gia-alla-seconda-settimana-di-preparazione\/#breadcrumb\",\"itemListElement\":[{\"@type\":\"ListItem\",\"position\":1,\"name\":\"Home\",\"item\":\"https:\/\/punto5.it\/news\/\"},{\"@type\":\"ListItem\",\"position\":2,\"name\":\"Sporting Sala Consilina gi\u00e0 alla seconda settimana di preparazione agli ordini di Conde\"}]},{\"@type\":\"WebSite\",\"@id\":\"https:\/\/punto5.it\/news\/#website\",\"url\":\"https:\/\/punto5.it\/news\/\",\"name\":\"Punto5.it\",\"description\":\"La tua risorsa gratuita sul calcio a 5 in Campania.\",\"publisher\":{\"@id\":\"https:\/\/punto5.it\/news\/#organization\"},\"potentialAction\":[{\"@type\":\"SearchAction\",\"target\":{\"@type\":\"EntryPoint\",\"urlTemplate\":\"https:\/\/punto5.it\/news\/?s={search_term_string}\"},\"query-input\":{\"@type\":\"PropertyValueSpecification\",\"valueRequired\":true,\"valueName\":\"search_term_string\"}}],\"inLanguage\":\"it-IT\"},{\"@type\":\"Organization\",\"@id\":\"https:\/\/punto5.it\/news\/#organization\",\"name\":\"Punto5\",\"url\":\"https:\/\/punto5.it\/news\/\",\"logo\":{\"@type\":\"ImageObject\",\"inLanguage\":\"it-IT\",\"@id\":\"https:\/\/punto5.it\/news\/#\/schema\/logo\/image\/\",\"url\":\"https:\/\/punto5.it\/news\/wp-content\/uploads\/2024\/12\/fbp5.png\",\"contentUrl\":\"https:\/\/punto5.it\/news\/wp-content\/uploads\/2024\/12\/fbp5.png\",\"width\":500,\"height\":500,\"caption\":\"Punto5\"},\"image\":{\"@id\":\"https:\/\/punto5.it\/news\/#\/schema\/logo\/image\/\"},\"sameAs\":[\"https:\/\/www.facebook.com\/punto5.it\/\"]},{\"@type\":\"Person\",\"@id\":\"https:\/\/punto5.it\/news\/#\/schema\/person\/6f43184130531772bacf25ec29424b85\",\"name\":\"Fabio Morra\",\"image\":{\"@type\":\"ImageObject\",\"inLanguage\":\"it-IT\",\"@id\":\"https:\/\/punto5.it\/news\/#\/schema\/person\/image\/\",\"url\":\"https:\/\/secure.gravatar.com\/avatar\/514a4b68e06a5ca8738267e93003109edfd3e4f6036c899369a23c23df5802d1?s=96&d=mm&r=g\",\"contentUrl\":\"https:\/\/secure.gravatar.com\/avatar\/514a4b68e06a5ca8738267e93003109edfd3e4f6036c899369a23c23df5802d1?s=96&d=mm&r=g\",\"caption\":\"Fabio Morra\"},\"sameAs\":[\"http:\/\/www.punto5.it\"],\"url\":\"https:\/\/punto5.it\/news\/author\/fabio\/\"}]}<\/script>\n<!-- \/ Yoast SEO plugin. -->","yoast_head_json":{"title":"Sporting Sala Consilina gi\u00e0 alla seconda settimana di preparazione agli ordini di Conde - Punto5.it","robots":{"index":"index","follow":"follow","max-snippet":"max-snippet:-1","max-image-preview":"max-image-preview:large","max-video-preview":"max-video-preview:-1"},"canonical":"https:\/\/punto5.it\/news\/19-08-2026\/serie-a\/242674\/sportin-sala-consilina-gia-alla-seconda-settimana-di-preparazione\/","og_locale":"it_IT","og_type":"article","og_title":"Sporting Sala Consilina gi\u00e0 alla seconda settimana di preparazione agli ordini di Conde - Punto5.it","og_description":"Lo Sporting Sala Consilina \u00e8 stato il primo club ad iniziare la preparazione gi\u00e0 dalla scorsa settimana. Al Centro Sportivo Meridionale di San Rufo tutti agli ordini del confermatissimo mister Conde. E&#8217; andato via Arillo, passato al Napoli, salutato anche Mello, torneer\u00e0 in gruppo Diego Carducci, che prosegue il percorso di recupero dopo l\u2019intervento al [&hellip;]","og_url":"https:\/\/punto5.it\/news\/19-08-2026\/serie-a\/242674\/sportin-sala-consilina-gia-alla-seconda-settimana-di-preparazione\/","og_site_name":"Punto5.it","article_publisher":"https:\/\/www.facebook.com\/punto5.it\/","article_published_time":"2026-08-19T08:59:59+00:00","article_modified_time":"2026-08-19T09:00:37+00:00","og_image":[{"width":485,"height":349,"url":"https:\/\/punto5.it\/news\/wp-content\/uploads\/2026\/08\/sala.jpg","type":"image\/jpeg"}],"author":"Fabio Morra","twitter_misc":{"Scritto da":"Fabio Morra","Tempo di lettura stimato":"1 minuto"},"schema":{"@context":"https:\/\/schema.org","@graph":[{"@type":"Article","@id":"https:\/\/punto5.it\/news\/19-08-2026\/serie-a\/242674\/sportin-sala-consilina-gia-alla-seconda-settimana-di-preparazione\/#article","isPartOf":{"@id":"https:\/\/punto5.it\/news\/19-08-2026\/serie-a\/242674\/sportin-sala-consilina-gia-alla-seconda-settimana-di-preparazione\/"},"author":{"name":"Fabio Morra","@id":"https:\/\/punto5.it\/news\/#\/schema\/person\/6f43184130531772bacf25ec29424b85"},"headline":"Sporting Sala Consilina gi\u00e0 alla seconda settimana di preparazione agli ordini di Conde","datePublished":"2026-08-19T08:59:59+00:00","dateModified":"2026-08-19T09:00:37+00:00","mainEntityOfPage":{"@id":"https:\/\/punto5.it\/news\/19-08-2026\/serie-a\/242674\/sportin-sala-consilina-gia-alla-seconda-settimana-di-preparazione\/"},"wordCount":78,"commentCount":0,"publisher":{"@id":"https:\/\/punto5.it\/news\/#organization"},"image":{"@id":"https:\/\/punto5.it\/news\/19-08-2026\/serie-a\/242674\/sportin-sala-consilina-gia-alla-seconda-settimana-di-preparazione\/#primaryimage"},"thumbnailUrl":"https:\/\/punto5.it\/news\/wp-content\/uploads\/2026\/08\/sala.jpg","keywords":["prima"],"articleSection":["Serie A"],"inLanguage":"it-IT","potentialAction":[{"@type":"CommentAction","name":"Comment","target":["https:\/\/punto5.it\/news\/19-08-2026\/serie-a\/242674\/sportin-sala-consilina-gia-alla-seconda-settimana-di-preparazione\/#respond"]}]},{"@type":"WebPage","@id":"https:\/\/punto5.it\/news\/19-08-2026\/serie-a\/242674\/sportin-sala-consilina-gia-alla-seconda-settimana-di-preparazione\/","url":"https:\/\/punto5.it\/news\/19-08-2026\/serie-a\/242674\/sportin-sala-consilina-gia-alla-seconda-settimana-di-preparazione\/","name":"Sporting Sala Consilina gi\u00e0 alla seconda settimana di preparazione agli ordini di Conde - Punto5.it","isPartOf":{"@id":"https:\/\/punto5.it\/news\/#website"},"primaryImageOfPage":{"@id":"https:\/\/punto5.it\/news\/19-08-2026\/serie-a\/242674\/sportin-sala-consilina-gia-alla-seconda-settimana-di-preparazione\/#primaryimage"},"image":{"@id":"https:\/\/punto5.it\/news\/19-08-2026\/serie-a\/242674\/sportin-sala-consilina-gia-alla-seconda-settimana-di-preparazione\/#primaryimage"},"thumbnailUrl":"https:\/\/punto5.it\/news\/wp-content\/uploads\/2026\/08\/sala.jpg","datePublished":"2026-08-19T08:59:59+00:00","dateModified":"2026-08-19T09:00:37+00:00","breadcrumb":{"@id":"https:\/\/punto5.it\/news\/19-08-2026\/serie-a\/242674\/sportin-sala-consilina-gia-alla-seconda-settimana-di-preparazione\/#breadcrumb"},"inLanguage":"it-IT","potentialAction":[{"@type":"ReadAction","target":["https:\/\/punto5.it\/news\/19-08-2026\/serie-a\/242674\/sportin-sala-consilina-gia-alla-seconda-settimana-di-preparazione\/"]}]},{"@type":"ImageObject","inLanguage":"it-IT","@id":"https:\/\/punto5.it\/news\/19-08-2026\/serie-a\/242674\/sportin-sala-consilina-gia-alla-seconda-settimana-di-preparazione\/#primaryimage","url":"https:\/\/punto5.it\/news\/wp-content\/uploads\/2026\/08\/sala.jpg","contentUrl":"https:\/\/punto5.it\/news\/wp-content\/uploads\/2026\/08\/sala.jpg","width":485,"height":349},{"@type":"BreadcrumbList","@id":"https:\/\/punto5.it\/news\/19-08-2026\/serie-a\/242674\/sportin-sala-consilina-gia-alla-seconda-settimana-di-preparazione\/#breadcrumb","itemListElement":[{"@type":"ListItem","position":1,"name":"Home","item":"https:\/\/punto5.it\/news\/"},{"@type":"ListItem","position":2,"name":"Sporting Sala Consilina gi\u00e0 alla seconda settimana di preparazione agli ordini di Conde"}]},{"@type":"WebSite","@id":"https:\/\/punto5.it\/news\/#website","url":"https:\/\/punto5.it\/news\/","name":"Punto5.it","description":"La tua risorsa gratuita sul calcio a 5 in Campania.","publisher":{"@id":"https:\/\/punto5.it\/news\/#organization"},"potentialAction":[{"@type":"SearchAction","target":{"@type":"EntryPoint","urlTemplate":"https:\/\/punto5.it\/news\/?s={search_term_string}"},"query-input":{"@type":"PropertyValueSpecification","valueRequired":true,"valueName":"search_term_string"}}],"inLanguage":"it-IT"},{"@type":"Organization","@id":"https:\/\/punto5.it\/news\/#organization","name":"Punto5","url":"https:\/\/punto5.it\/news\/","logo":{"@type":"ImageObject","inLanguage":"it-IT","@id":"https:\/\/punto5.it\/news\/#\/schema\/logo\/image\/","url":"https:\/\/punto5.it\/news\/wp-content\/uploads\/2024\/12\/fbp5.png","contentUrl":"https:\/\/punto5.it\/news\/wp-content\/uploads\/2024\/12\/fbp5.png","width":500,"height":500,"caption":"Punto5"},"image":{"@id":"https:\/\/punto5.it\/news\/#\/schema\/logo\/image\/"},"sameAs":["https:\/\/www.facebook.com\/punto5.it\/"]},{"@type":"Person","@id":"https:\/\/punto5.it\/news\/#\/schema\/person\/6f43184130531772bacf25ec29424b85","name":"Fabio Morra","image":{"@type":"ImageObject","inLanguage":"it-IT","@id":"https:\/\/punto5.it\/news\/#\/schema\/person\/image\/","url":"https:\/\/secure.gravatar.com\/avatar\/514a4b68e06a5ca8738267e93003109edfd3e4f6036c899369a23c23df5802d1?s=96&d=mm&r=g","contentUrl":"https:\/\/secure.gravatar.com\/avatar\/514a4b68e06a5ca8738267e93003109edfd3e4f6036c899369a23c23df5802d1?s=96&d=mm&r=g","caption":"Fabio Morra"},"sameAs":["http:\/\/www.punto5.it"],"url":"https:\/\/punto5.it\/news\/author\/fabio\/"}]}},"_links":{"self":[{"href":"https:\/\/punto5.it\/news\/wp-json\/wp\/v2\/posts\/242674","targetHints":{"allow":["GET"]}}],"collection":[{"href":"https:\/\/punto5.it\/news\/wp-json\/wp\/v2\/posts"}],"about":[{"href":"https:\/\/punto5.it\/news\/wp-json\/wp\/v2\/types\/post"}],"author":[{"embeddable":true,"href":"https:\/\/punto5.it\/news\/wp-json\/wp\/v2\/users\/3"}],"replies":[{"embeddable":true,"href":"https:\/\/punto5.it\/news\/wp-json\/wp\/v2\/comments?post=242674"}],"version-history":[{"count":3,"href":"https:\/\/punto5.it\/news\/wp-json\/wp\/v2\/posts\/242674\/revisions"}],"predecessor-version":[{"id":242679,"href":"https:\/\/punto5.it\/news\/wp-json\/wp\/v2\/posts\/242674\/revisions\/242679"}],"wp:featuredmedia":[{"embeddable":true,"href":"https:\/\/punto5.it\/news\/wp-json\/wp\/v2\/media\/242675"}],"wp:attachment":[{"href":"https:\/\/punto5.it\/news\/wp-json\/wp\/v2\/media?parent=242674"}],"wp:term":[{"taxonomy":"category","embeddable":true,"href":"https:\/\/punto5.it\/news\/wp-json\/wp\/v2\/categories?post=242674"},{"taxonomy":"post_tag","embeddable":true,"href":"https:\/\/punto5.it\/news\/wp-json\/wp\/v2\/tags?post=242674"}],"curies":[{"name":"wp","href":"https:\/\/api.w.org\/{rel}","templated":true}]}}