{"id":242705,"date":"2026-08-11T21:55:00","date_gmt":"2026-08-11T19:55:00","guid":{"rendered":"https:\/\/punto5.it\/news\/?p=242705"},"modified":"2026-08-20T09:58:28","modified_gmt":"2026-08-20T07:58:28","slug":"__trashed","status":"publish","type":"post","link":"https:\/\/punto5.it\/news\/11-08-2026\/giovanili\/under-15-elite\/242705\/__trashed\/","title":{"rendered":"Mama, collaborazione con il San Marzano Project: nasce l&#8217;U15. Martorelli: &#8220;Daremo vita ad una cantera&#8221;"},"content":{"rendered":"\n<p>Due realt\u00e0 locali che si incontrano. Stretta di mano tra Mama e San Marzano Project, l\u2019obiettivo comune \u00e8 sviluppare la formazione dei pi\u00f9 giovani. L\u2019affiliazione permetter\u00e0 la costituzione di una Under 15 che sfrutti la propedeuticit\u00e0 tecnica del futsal e la possibilit\u00e0 di porre le basi per un vivaio che parta dalle fondamenta.<\/p>\n\n\n\n<p>\u201c\u00c8 sicuramente una grande soddisfazione &#8211; le parole di Gianluca Pascale, presidente del San Marzano Project &#8211; perch\u00e9 collaborare con una realt\u00e0 importante come il Mama, affermata a livello nazionale, rappresenta per noi una grande opportunit\u00e0. L\u2019obiettivo principale \u00e8 dare ai nostri ragazzi qualcosa in pi\u00f9 nel loro percorso di crescita. Il calcio a 5, con i suoi spazi stretti e ritmi elevati, li aiuta a migliorare tecnica, velocit\u00e0 di pensiero e capacit\u00e0 di prendere decisioni. Vogliamo semplicemente offrire ai nostri bambini pi\u00f9 strumenti per diventare giocatori completi, senza perdere mai di vista la cosa pi\u00f9 importante: che si divertano e crescano attraverso lo sport\u201d.<\/p>\n\n\n\n<p>\u201cIl Mama ha sempre avuto come scopo quello di radicarsi nel territorio, puntando sullo sviluppo e sulla formazione dei giovani atleti &#8211; cos\u00ec il vicepresidente Martorelli.- L\u2019inizio di questa collaborazione con la scuola calcio San Marzano Project rappresenta un ulteriore tassello nel percorso che stiamo costruendo, con la volont\u00e0 di dare vita a una vera e propria cantera granata\u201d.<\/p>\n\n\n\n<p><strong>Ufficio stampa Mama San Marzano<\/strong><\/p>\n\n\n\n<p><\/p>\n","protected":false},"excerpt":{"rendered":"<p>Due realt\u00e0 locali che si incontrano. Stretta di mano tra Mama e San Marzano Project, l\u2019obiettivo comune \u00e8 sviluppare la formazione dei pi\u00f9 giovani. L\u2019affiliazione permetter\u00e0 la costituzione di una Under 15 che sfrutti la propedeuticit\u00e0 tecnica del futsal e la possibilit\u00e0 di porre le basi per un vivaio che parta dalle fondamenta. \u201c\u00c8 sicuramente [&hellip;]<\/p>\n","protected":false},"author":5,"featured_media":242706,"comment_status":"open","ping_status":"open","sticky":false,"template":"","format":"standard","meta":{"jnews-multi-image_gallery":[],"jnews_single_post":{"format":"standard"},"jnews_primary_category":[],"jnews_social_meta":[],"jnews_override_counter":[],"footnotes":""},"categories":[1608],"tags":[],"class_list":["post-242705","post","type-post","status-publish","format-standard","has-post-thumbnail","hentry","category-under-15-elite"],"yoast_head":"<!-- This site is optimized with the Yoast SEO plugin v24.5 - https:\/\/yoast.com\/wordpress\/plugins\/seo\/ -->\n<title>Mama, collaborazione con il San Marzano Project: nasce l&#039;U15. Martorelli: &quot;Daremo vita ad una cantera&quot; - Punto5.it<\/title>\n<meta name=\"robots\" content=\"index, follow, max-snippet:-1, max-image-preview:large, max-video-preview:-1\" \/>\n<link rel=\"canonical\" href=\"https:\/\/punto5.it\/news\/11-08-2026\/giovanili\/under-15-elite\/242705\/__trashed\/\" \/>\n<meta property=\"og:locale\" content=\"it_IT\" \/>\n<meta property=\"og:type\" content=\"article\" \/>\n<meta property=\"og:title\" content=\"Mama, collaborazione con il San Marzano Project: nasce l&#039;U15. Martorelli: &quot;Daremo vita ad una cantera&quot; - Punto5.it\" \/>\n<meta property=\"og:description\" content=\"Due realt\u00e0 locali che si incontrano. Stretta di mano tra Mama e San Marzano Project, l\u2019obiettivo comune \u00e8 sviluppare la formazione dei pi\u00f9 giovani. L\u2019affiliazione permetter\u00e0 la costituzione di una Under 15 che sfrutti la propedeuticit\u00e0 tecnica del futsal e la possibilit\u00e0 di porre le basi per un vivaio che parta dalle fondamenta. \u201c\u00c8 sicuramente [&hellip;]\" \/>\n<meta property=\"og:url\" content=\"https:\/\/punto5.it\/news\/11-08-2026\/giovanili\/under-15-elite\/242705\/__trashed\/\" \/>\n<meta property=\"og:site_name\" content=\"Punto5.it\" \/>\n<meta property=\"article:publisher\" content=\"https:\/\/www.facebook.com\/punto5.it\/\" \/>\n<meta property=\"article:published_time\" content=\"2026-08-11T19:55:00+00:00\" \/>\n<meta property=\"article:modified_time\" content=\"2026-08-20T07:58:28+00:00\" \/>\n<meta property=\"og:image\" content=\"https:\/\/punto5.it\/news\/wp-content\/uploads\/2026\/08\/771024527_1040941811884766_1342123162176239110_n.jpg\" \/>\n\t<meta property=\"og:image:width\" content=\"526\" \/>\n\t<meta property=\"og:image:height\" content=\"633\" \/>\n\t<meta property=\"og:image:type\" content=\"image\/jpeg\" \/>\n<meta name=\"author\" content=\"comunicato stampa\" \/>\n<meta name=\"twitter:label1\" content=\"Scritto da\" \/>\n\t<meta name=\"twitter:data1\" content=\"comunicato stampa\" \/>\n\t<meta name=\"twitter:label2\" content=\"Tempo di lettura stimato\" \/>\n\t<meta name=\"twitter:data2\" content=\"2 minuti\" \/>\n<script type=\"application\/ld+json\" class=\"yoast-schema-graph\">{\"@context\":\"https:\/\/schema.org\",\"@graph\":[{\"@type\":\"Article\",\"@id\":\"https:\/\/punto5.it\/news\/11-08-2026\/giovanili\/under-15-elite\/242705\/__trashed\/#article\",\"isPartOf\":{\"@id\":\"https:\/\/punto5.it\/news\/11-08-2026\/giovanili\/under-15-elite\/242705\/__trashed\/\"},\"author\":{\"name\":\"comunicato stampa\",\"@id\":\"https:\/\/punto5.it\/news\/#\/schema\/person\/6b1092945321c99a2b936c656a25b924\"},\"headline\":\"Mama, collaborazione con il San Marzano Project: nasce l&#8217;U15. Martorelli: &#8220;Daremo vita ad una cantera&#8221;\",\"datePublished\":\"2026-08-11T19:55:00+00:00\",\"dateModified\":\"2026-08-20T07:58:28+00:00\",\"mainEntityOfPage\":{\"@id\":\"https:\/\/punto5.it\/news\/11-08-2026\/giovanili\/under-15-elite\/242705\/__trashed\/\"},\"wordCount\":238,\"commentCount\":0,\"publisher\":{\"@id\":\"https:\/\/punto5.it\/news\/#organization\"},\"image\":{\"@id\":\"https:\/\/punto5.it\/news\/11-08-2026\/giovanili\/under-15-elite\/242705\/__trashed\/#primaryimage\"},\"thumbnailUrl\":\"https:\/\/punto5.it\/news\/wp-content\/uploads\/2026\/08\/771024527_1040941811884766_1342123162176239110_n.jpg\",\"articleSection\":[\"Under 15 \u00c8lite\"],\"inLanguage\":\"it-IT\",\"potentialAction\":[{\"@type\":\"CommentAction\",\"name\":\"Comment\",\"target\":[\"https:\/\/punto5.it\/news\/11-08-2026\/giovanili\/under-15-elite\/242705\/__trashed\/#respond\"]}]},{\"@type\":\"WebPage\",\"@id\":\"https:\/\/punto5.it\/news\/11-08-2026\/giovanili\/under-15-elite\/242705\/__trashed\/\",\"url\":\"https:\/\/punto5.it\/news\/11-08-2026\/giovanili\/under-15-elite\/242705\/__trashed\/\",\"name\":\"Mama, collaborazione con il San Marzano Project: nasce l'U15. Martorelli: \\\"Daremo vita ad una cantera\\\" - Punto5.it\",\"isPartOf\":{\"@id\":\"https:\/\/punto5.it\/news\/#website\"},\"primaryImageOfPage\":{\"@id\":\"https:\/\/punto5.it\/news\/11-08-2026\/giovanili\/under-15-elite\/242705\/__trashed\/#primaryimage\"},\"image\":{\"@id\":\"https:\/\/punto5.it\/news\/11-08-2026\/giovanili\/under-15-elite\/242705\/__trashed\/#primaryimage\"},\"thumbnailUrl\":\"https:\/\/punto5.it\/news\/wp-content\/uploads\/2026\/08\/771024527_1040941811884766_1342123162176239110_n.jpg\",\"datePublished\":\"2026-08-11T19:55:00+00:00\",\"dateModified\":\"2026-08-20T07:58:28+00:00\",\"breadcrumb\":{\"@id\":\"https:\/\/punto5.it\/news\/11-08-2026\/giovanili\/under-15-elite\/242705\/__trashed\/#breadcrumb\"},\"inLanguage\":\"it-IT\",\"potentialAction\":[{\"@type\":\"ReadAction\",\"target\":[\"https:\/\/punto5.it\/news\/11-08-2026\/giovanili\/under-15-elite\/242705\/__trashed\/\"]}]},{\"@type\":\"ImageObject\",\"inLanguage\":\"it-IT\",\"@id\":\"https:\/\/punto5.it\/news\/11-08-2026\/giovanili\/under-15-elite\/242705\/__trashed\/#primaryimage\",\"url\":\"https:\/\/punto5.it\/news\/wp-content\/uploads\/2026\/08\/771024527_1040941811884766_1342123162176239110_n.jpg\",\"contentUrl\":\"https:\/\/punto5.it\/news\/wp-content\/uploads\/2026\/08\/771024527_1040941811884766_1342123162176239110_n.jpg\",\"width\":526,\"height\":633},{\"@type\":\"BreadcrumbList\",\"@id\":\"https:\/\/punto5.it\/news\/11-08-2026\/giovanili\/under-15-elite\/242705\/__trashed\/#breadcrumb\",\"itemListElement\":[{\"@type\":\"ListItem\",\"position\":1,\"name\":\"Home\",\"item\":\"https:\/\/punto5.it\/news\/\"},{\"@type\":\"ListItem\",\"position\":2,\"name\":\"Mama, collaborazione con il San Marzano Project: nasce l&#8217;U15. Martorelli: &#8220;Daremo vita ad una cantera&#8221;\"}]},{\"@type\":\"WebSite\",\"@id\":\"https:\/\/punto5.it\/news\/#website\",\"url\":\"https:\/\/punto5.it\/news\/\",\"name\":\"Punto5.it\",\"description\":\"La tua risorsa gratuita sul calcio a 5 in Campania.\",\"publisher\":{\"@id\":\"https:\/\/punto5.it\/news\/#organization\"},\"potentialAction\":[{\"@type\":\"SearchAction\",\"target\":{\"@type\":\"EntryPoint\",\"urlTemplate\":\"https:\/\/punto5.it\/news\/?s={search_term_string}\"},\"query-input\":{\"@type\":\"PropertyValueSpecification\",\"valueRequired\":true,\"valueName\":\"search_term_string\"}}],\"inLanguage\":\"it-IT\"},{\"@type\":\"Organization\",\"@id\":\"https:\/\/punto5.it\/news\/#organization\",\"name\":\"Punto5\",\"url\":\"https:\/\/punto5.it\/news\/\",\"logo\":{\"@type\":\"ImageObject\",\"inLanguage\":\"it-IT\",\"@id\":\"https:\/\/punto5.it\/news\/#\/schema\/logo\/image\/\",\"url\":\"https:\/\/punto5.it\/news\/wp-content\/uploads\/2024\/12\/fbp5.png\",\"contentUrl\":\"https:\/\/punto5.it\/news\/wp-content\/uploads\/2024\/12\/fbp5.png\",\"width\":500,\"height\":500,\"caption\":\"Punto5\"},\"image\":{\"@id\":\"https:\/\/punto5.it\/news\/#\/schema\/logo\/image\/\"},\"sameAs\":[\"https:\/\/www.facebook.com\/punto5.it\/\"]},{\"@type\":\"Person\",\"@id\":\"https:\/\/punto5.it\/news\/#\/schema\/person\/6b1092945321c99a2b936c656a25b924\",\"name\":\"comunicato stampa\",\"image\":{\"@type\":\"ImageObject\",\"inLanguage\":\"it-IT\",\"@id\":\"https:\/\/punto5.it\/news\/#\/schema\/person\/image\/\",\"url\":\"https:\/\/secure.gravatar.com\/avatar\/ffa8e990fc05bef01150cb4b849246a414f038e016c198603051dee57bf3bf53?s=96&d=mm&r=g\",\"contentUrl\":\"https:\/\/secure.gravatar.com\/avatar\/ffa8e990fc05bef01150cb4b849246a414f038e016c198603051dee57bf3bf53?s=96&d=mm&r=g\",\"caption\":\"comunicato stampa\"},\"sameAs\":[\"http:\/\/www.punto5.it\"],\"url\":\"https:\/\/punto5.it\/news\/author\/comunicato-stampa\/\"}]}<\/script>\n<!-- \/ Yoast SEO plugin. -->","yoast_head_json":{"title":"Mama, collaborazione con il San Marzano Project: nasce l'U15. Martorelli: \"Daremo vita ad una cantera\" - Punto5.it","robots":{"index":"index","follow":"follow","max-snippet":"max-snippet:-1","max-image-preview":"max-image-preview:large","max-video-preview":"max-video-preview:-1"},"canonical":"https:\/\/punto5.it\/news\/11-08-2026\/giovanili\/under-15-elite\/242705\/__trashed\/","og_locale":"it_IT","og_type":"article","og_title":"Mama, collaborazione con il San Marzano Project: nasce l'U15. Martorelli: \"Daremo vita ad una cantera\" - Punto5.it","og_description":"Due realt\u00e0 locali che si incontrano. Stretta di mano tra Mama e San Marzano Project, l\u2019obiettivo comune \u00e8 sviluppare la formazione dei pi\u00f9 giovani. L\u2019affiliazione permetter\u00e0 la costituzione di una Under 15 che sfrutti la propedeuticit\u00e0 tecnica del futsal e la possibilit\u00e0 di porre le basi per un vivaio che parta dalle fondamenta. \u201c\u00c8 sicuramente [&hellip;]","og_url":"https:\/\/punto5.it\/news\/11-08-2026\/giovanili\/under-15-elite\/242705\/__trashed\/","og_site_name":"Punto5.it","article_publisher":"https:\/\/www.facebook.com\/punto5.it\/","article_published_time":"2026-08-11T19:55:00+00:00","article_modified_time":"2026-08-20T07:58:28+00:00","og_image":[{"width":526,"height":633,"url":"https:\/\/punto5.it\/news\/wp-content\/uploads\/2026\/08\/771024527_1040941811884766_1342123162176239110_n.jpg","type":"image\/jpeg"}],"author":"comunicato stampa","twitter_misc":{"Scritto da":"comunicato stampa","Tempo di lettura stimato":"2 minuti"},"schema":{"@context":"https:\/\/schema.org","@graph":[{"@type":"Article","@id":"https:\/\/punto5.it\/news\/11-08-2026\/giovanili\/under-15-elite\/242705\/__trashed\/#article","isPartOf":{"@id":"https:\/\/punto5.it\/news\/11-08-2026\/giovanili\/under-15-elite\/242705\/__trashed\/"},"author":{"name":"comunicato stampa","@id":"https:\/\/punto5.it\/news\/#\/schema\/person\/6b1092945321c99a2b936c656a25b924"},"headline":"Mama, collaborazione con il San Marzano Project: nasce l&#8217;U15. Martorelli: &#8220;Daremo vita ad una cantera&#8221;","datePublished":"2026-08-11T19:55:00+00:00","dateModified":"2026-08-20T07:58:28+00:00","mainEntityOfPage":{"@id":"https:\/\/punto5.it\/news\/11-08-2026\/giovanili\/under-15-elite\/242705\/__trashed\/"},"wordCount":238,"commentCount":0,"publisher":{"@id":"https:\/\/punto5.it\/news\/#organization"},"image":{"@id":"https:\/\/punto5.it\/news\/11-08-2026\/giovanili\/under-15-elite\/242705\/__trashed\/#primaryimage"},"thumbnailUrl":"https:\/\/punto5.it\/news\/wp-content\/uploads\/2026\/08\/771024527_1040941811884766_1342123162176239110_n.jpg","articleSection":["Under 15 \u00c8lite"],"inLanguage":"it-IT","potentialAction":[{"@type":"CommentAction","name":"Comment","target":["https:\/\/punto5.it\/news\/11-08-2026\/giovanili\/under-15-elite\/242705\/__trashed\/#respond"]}]},{"@type":"WebPage","@id":"https:\/\/punto5.it\/news\/11-08-2026\/giovanili\/under-15-elite\/242705\/__trashed\/","url":"https:\/\/punto5.it\/news\/11-08-2026\/giovanili\/under-15-elite\/242705\/__trashed\/","name":"Mama, collaborazione con il San Marzano Project: nasce l'U15. Martorelli: \"Daremo vita ad una cantera\" - Punto5.it","isPartOf":{"@id":"https:\/\/punto5.it\/news\/#website"},"primaryImageOfPage":{"@id":"https:\/\/punto5.it\/news\/11-08-2026\/giovanili\/under-15-elite\/242705\/__trashed\/#primaryimage"},"image":{"@id":"https:\/\/punto5.it\/news\/11-08-2026\/giovanili\/under-15-elite\/242705\/__trashed\/#primaryimage"},"thumbnailUrl":"https:\/\/punto5.it\/news\/wp-content\/uploads\/2026\/08\/771024527_1040941811884766_1342123162176239110_n.jpg","datePublished":"2026-08-11T19:55:00+00:00","dateModified":"2026-08-20T07:58:28+00:00","breadcrumb":{"@id":"https:\/\/punto5.it\/news\/11-08-2026\/giovanili\/under-15-elite\/242705\/__trashed\/#breadcrumb"},"inLanguage":"it-IT","potentialAction":[{"@type":"ReadAction","target":["https:\/\/punto5.it\/news\/11-08-2026\/giovanili\/under-15-elite\/242705\/__trashed\/"]}]},{"@type":"ImageObject","inLanguage":"it-IT","@id":"https:\/\/punto5.it\/news\/11-08-2026\/giovanili\/under-15-elite\/242705\/__trashed\/#primaryimage","url":"https:\/\/punto5.it\/news\/wp-content\/uploads\/2026\/08\/771024527_1040941811884766_1342123162176239110_n.jpg","contentUrl":"https:\/\/punto5.it\/news\/wp-content\/uploads\/2026\/08\/771024527_1040941811884766_1342123162176239110_n.jpg","width":526,"height":633},{"@type":"BreadcrumbList","@id":"https:\/\/punto5.it\/news\/11-08-2026\/giovanili\/under-15-elite\/242705\/__trashed\/#breadcrumb","itemListElement":[{"@type":"ListItem","position":1,"name":"Home","item":"https:\/\/punto5.it\/news\/"},{"@type":"ListItem","position":2,"name":"Mama, collaborazione con il San Marzano Project: nasce l&#8217;U15. Martorelli: &#8220;Daremo vita ad una cantera&#8221;"}]},{"@type":"WebSite","@id":"https:\/\/punto5.it\/news\/#website","url":"https:\/\/punto5.it\/news\/","name":"Punto5.it","description":"La tua risorsa gratuita sul calcio a 5 in Campania.","publisher":{"@id":"https:\/\/punto5.it\/news\/#organization"},"potentialAction":[{"@type":"SearchAction","target":{"@type":"EntryPoint","urlTemplate":"https:\/\/punto5.it\/news\/?s={search_term_string}"},"query-input":{"@type":"PropertyValueSpecification","valueRequired":true,"valueName":"search_term_string"}}],"inLanguage":"it-IT"},{"@type":"Organization","@id":"https:\/\/punto5.it\/news\/#organization","name":"Punto5","url":"https:\/\/punto5.it\/news\/","logo":{"@type":"ImageObject","inLanguage":"it-IT","@id":"https:\/\/punto5.it\/news\/#\/schema\/logo\/image\/","url":"https:\/\/punto5.it\/news\/wp-content\/uploads\/2024\/12\/fbp5.png","contentUrl":"https:\/\/punto5.it\/news\/wp-content\/uploads\/2024\/12\/fbp5.png","width":500,"height":500,"caption":"Punto5"},"image":{"@id":"https:\/\/punto5.it\/news\/#\/schema\/logo\/image\/"},"sameAs":["https:\/\/www.facebook.com\/punto5.it\/"]},{"@type":"Person","@id":"https:\/\/punto5.it\/news\/#\/schema\/person\/6b1092945321c99a2b936c656a25b924","name":"comunicato stampa","image":{"@type":"ImageObject","inLanguage":"it-IT","@id":"https:\/\/punto5.it\/news\/#\/schema\/person\/image\/","url":"https:\/\/secure.gravatar.com\/avatar\/ffa8e990fc05bef01150cb4b849246a414f038e016c198603051dee57bf3bf53?s=96&d=mm&r=g","contentUrl":"https:\/\/secure.gravatar.com\/avatar\/ffa8e990fc05bef01150cb4b849246a414f038e016c198603051dee57bf3bf53?s=96&d=mm&r=g","caption":"comunicato stampa"},"sameAs":["http:\/\/www.punto5.it"],"url":"https:\/\/punto5.it\/news\/author\/comunicato-stampa\/"}]}},"_links":{"self":[{"href":"https:\/\/punto5.it\/news\/wp-json\/wp\/v2\/posts\/242705","targetHints":{"allow":["GET"]}}],"collection":[{"href":"https:\/\/punto5.it\/news\/wp-json\/wp\/v2\/posts"}],"about":[{"href":"https:\/\/punto5.it\/news\/wp-json\/wp\/v2\/types\/post"}],"author":[{"embeddable":true,"href":"https:\/\/punto5.it\/news\/wp-json\/wp\/v2\/users\/5"}],"replies":[{"embeddable":true,"href":"https:\/\/punto5.it\/news\/wp-json\/wp\/v2\/comments?post=242705"}],"version-history":[{"count":2,"href":"https:\/\/punto5.it\/news\/wp-json\/wp\/v2\/posts\/242705\/revisions"}],"predecessor-version":[{"id":242709,"href":"https:\/\/punto5.it\/news\/wp-json\/wp\/v2\/posts\/242705\/revisions\/242709"}],"wp:featuredmedia":[{"embeddable":true,"href":"https:\/\/punto5.it\/news\/wp-json\/wp\/v2\/media\/242706"}],"wp:attachment":[{"href":"https:\/\/punto5.it\/news\/wp-json\/wp\/v2\/media?parent=242705"}],"wp:term":[{"taxonomy":"category","embeddable":true,"href":"https:\/\/punto5.it\/news\/wp-json\/wp\/v2\/categories?post=242705"},{"taxonomy":"post_tag","embeddable":true,"href":"https:\/\/punto5.it\/news\/wp-json\/wp\/v2\/tags?post=242705"}],"curies":[{"name":"wp","href":"https:\/\/api.w.org\/{rel}","templated":true}]}}