{"id":242713,"date":"2026-08-20T10:24:43","date_gmt":"2026-08-20T08:24:43","guid":{"rendered":"https:\/\/punto5.it\/news\/?p=242713"},"modified":"2026-08-20T11:07:45","modified_gmt":"2026-08-20T09:07:45","slug":"nasce-la-movisud-magic-santantimo-che-innesti-con-fardello-e-orteca","status":"publish","type":"post","link":"https:\/\/punto5.it\/news\/20-08-2026\/serie-c2\/242713\/nasce-la-movisud-magic-santantimo-che-innesti-con-fardello-e-orteca\/","title":{"rendered":"Nasce la Movisud Magic Sant&#8217;Antimo. Che innesti con Fardello e Orteca!"},"content":{"rendered":"\n<p>Nasce la Movisud Magic Sant\u2019Antimo. Azienda leader nel settore della costruzione edile, si sono gettate le basi affinch\u00e9 Movisud, nella persona di Sossio Martino, sia sempre presente con il suo brand accanto a squadra e societ\u00e0 per costruire insieme un futuro roseo.<br>Confermato tutto il roster che ha battuto ogni record nella passata stagione in serie D a partire dalla conduzione tecnica affidata al duo Florio-Martino con Gregorio Martino direttore sportivo. Confermato il blocco d\u2019esperienza Palumbo, Somaripa, Micalizzi ai quali si \u00e8 aggiunto Gennaro Fardello per aumentare qualit\u00e0 ad una rosa gi\u00e0 forte. Il capitano sar\u00e0 ancora Francesco Ricciardiello, chioccia importante per tutti all\u2019interno dello spogliatoio. Alle giocate funamboliche di Frasca e Terracciano si aggiungeranno quelle di Gaetano Orteca, proveniente dalla Friends Arzano. A far coppia sui laterali oltre a Spada ci sar\u00e0 Riccardo Napolitano anch\u2019essi proveniente dalla Friends Arzano. La coppia di pivot sar\u00e0 sempre composta da bomber Nello Nannola e Mattia Russo con Massimo Capasso confermato a supporto. Confermato anche il blocco dei portieri con Russo Acerra e Cesaro ai quali va aggiunto il ritorno gradito di Lino Finizio. A completare il roster ci saranno anche due giovani dalli grandi prospettive come Pasquale De rosa e Pasquale Sorvino.<br>I presidenti saranno sempre Mario Paudice e Roberto Avolio, ai quali vanno fatti i complimenti insieme al direttore sportivo Gregorio Martino per aver allestito una rosa all\u2019altezza della C2 che verr\u00e0.<\/p>\n","protected":false},"excerpt":{"rendered":"<p>Nasce la Movisud Magic Sant\u2019Antimo. Azienda leader nel settore della costruzione edile, si sono gettate le basi affinch\u00e9 Movisud, nella persona di Sossio Martino, sia sempre presente con il suo brand accanto a squadra e societ\u00e0 per costruire insieme un futuro roseo.Confermato tutto il roster che ha battuto ogni record nella passata stagione in serie [&hellip;]<\/p>\n","protected":false},"author":5,"featured_media":242714,"comment_status":"closed","ping_status":"closed","sticky":false,"template":"","format":"standard","meta":{"jnews-multi-image_gallery":[],"jnews_single_post":{"format":"standard"},"jnews_primary_category":[],"jnews_social_meta":[],"jnews_override_counter":[],"footnotes":""},"categories":[15],"tags":[1515],"class_list":["post-242713","post","type-post","status-publish","format-standard","has-post-thumbnail","hentry","category-serie-c2","tag-prima"],"yoast_head":"<!-- This site is optimized with the Yoast SEO plugin v24.5 - https:\/\/yoast.com\/wordpress\/plugins\/seo\/ -->\n<title>Nasce la Movisud Magic Sant&#039;Antimo. Che innesti con Fardello e Orteca! - Punto5.it<\/title>\n<meta name=\"robots\" content=\"index, follow, max-snippet:-1, max-image-preview:large, max-video-preview:-1\" \/>\n<link rel=\"canonical\" href=\"https:\/\/punto5.it\/news\/20-08-2026\/serie-c2\/242713\/nasce-la-movisud-magic-santantimo-che-innesti-con-fardello-e-orteca\/\" \/>\n<meta property=\"og:locale\" content=\"it_IT\" \/>\n<meta property=\"og:type\" content=\"article\" \/>\n<meta property=\"og:title\" content=\"Nasce la Movisud Magic Sant&#039;Antimo. Che innesti con Fardello e Orteca! - Punto5.it\" \/>\n<meta property=\"og:description\" content=\"Nasce la Movisud Magic Sant\u2019Antimo. Azienda leader nel settore della costruzione edile, si sono gettate le basi affinch\u00e9 Movisud, nella persona di Sossio Martino, sia sempre presente con il suo brand accanto a squadra e societ\u00e0 per costruire insieme un futuro roseo.Confermato tutto il roster che ha battuto ogni record nella passata stagione in serie [&hellip;]\" \/>\n<meta property=\"og:url\" content=\"https:\/\/punto5.it\/news\/20-08-2026\/serie-c2\/242713\/nasce-la-movisud-magic-santantimo-che-innesti-con-fardello-e-orteca\/\" \/>\n<meta property=\"og:site_name\" content=\"Punto5.it\" \/>\n<meta property=\"article:publisher\" content=\"https:\/\/www.facebook.com\/punto5.it\/\" \/>\n<meta property=\"article:published_time\" content=\"2026-08-20T08:24:43+00:00\" \/>\n<meta property=\"article:modified_time\" content=\"2026-08-20T09:07:45+00:00\" \/>\n<meta property=\"og:image\" content=\"https:\/\/punto5.it\/news\/wp-content\/uploads\/2026\/08\/immagine.png\" \/>\n\t<meta property=\"og:image:width\" content=\"1672\" \/>\n\t<meta property=\"og:image:height\" content=\"941\" \/>\n\t<meta property=\"og:image:type\" content=\"image\/png\" \/>\n<meta name=\"author\" content=\"comunicato stampa\" \/>\n<meta name=\"twitter:label1\" content=\"Scritto da\" \/>\n\t<meta name=\"twitter:data1\" content=\"comunicato stampa\" \/>\n\t<meta name=\"twitter:label2\" content=\"Tempo di lettura stimato\" \/>\n\t<meta name=\"twitter:data2\" content=\"2 minuti\" \/>\n<script type=\"application\/ld+json\" class=\"yoast-schema-graph\">{\"@context\":\"https:\/\/schema.org\",\"@graph\":[{\"@type\":\"Article\",\"@id\":\"https:\/\/punto5.it\/news\/20-08-2026\/serie-c2\/242713\/nasce-la-movisud-magic-santantimo-che-innesti-con-fardello-e-orteca\/#article\",\"isPartOf\":{\"@id\":\"https:\/\/punto5.it\/news\/20-08-2026\/serie-c2\/242713\/nasce-la-movisud-magic-santantimo-che-innesti-con-fardello-e-orteca\/\"},\"author\":{\"name\":\"comunicato stampa\",\"@id\":\"https:\/\/punto5.it\/news\/#\/schema\/person\/6b1092945321c99a2b936c656a25b924\"},\"headline\":\"Nasce la Movisud Magic Sant&#8217;Antimo. Che innesti con Fardello e Orteca!\",\"datePublished\":\"2026-08-20T08:24:43+00:00\",\"dateModified\":\"2026-08-20T09:07:45+00:00\",\"mainEntityOfPage\":{\"@id\":\"https:\/\/punto5.it\/news\/20-08-2026\/serie-c2\/242713\/nasce-la-movisud-magic-santantimo-che-innesti-con-fardello-e-orteca\/\"},\"wordCount\":247,\"publisher\":{\"@id\":\"https:\/\/punto5.it\/news\/#organization\"},\"image\":{\"@id\":\"https:\/\/punto5.it\/news\/20-08-2026\/serie-c2\/242713\/nasce-la-movisud-magic-santantimo-che-innesti-con-fardello-e-orteca\/#primaryimage\"},\"thumbnailUrl\":\"https:\/\/punto5.it\/news\/wp-content\/uploads\/2026\/08\/immagine.png\",\"keywords\":[\"prima\"],\"articleSection\":[\"Serie C2\"],\"inLanguage\":\"it-IT\"},{\"@type\":\"WebPage\",\"@id\":\"https:\/\/punto5.it\/news\/20-08-2026\/serie-c2\/242713\/nasce-la-movisud-magic-santantimo-che-innesti-con-fardello-e-orteca\/\",\"url\":\"https:\/\/punto5.it\/news\/20-08-2026\/serie-c2\/242713\/nasce-la-movisud-magic-santantimo-che-innesti-con-fardello-e-orteca\/\",\"name\":\"Nasce la Movisud Magic Sant'Antimo. Che innesti con Fardello e Orteca! - Punto5.it\",\"isPartOf\":{\"@id\":\"https:\/\/punto5.it\/news\/#website\"},\"primaryImageOfPage\":{\"@id\":\"https:\/\/punto5.it\/news\/20-08-2026\/serie-c2\/242713\/nasce-la-movisud-magic-santantimo-che-innesti-con-fardello-e-orteca\/#primaryimage\"},\"image\":{\"@id\":\"https:\/\/punto5.it\/news\/20-08-2026\/serie-c2\/242713\/nasce-la-movisud-magic-santantimo-che-innesti-con-fardello-e-orteca\/#primaryimage\"},\"thumbnailUrl\":\"https:\/\/punto5.it\/news\/wp-content\/uploads\/2026\/08\/immagine.png\",\"datePublished\":\"2026-08-20T08:24:43+00:00\",\"dateModified\":\"2026-08-20T09:07:45+00:00\",\"breadcrumb\":{\"@id\":\"https:\/\/punto5.it\/news\/20-08-2026\/serie-c2\/242713\/nasce-la-movisud-magic-santantimo-che-innesti-con-fardello-e-orteca\/#breadcrumb\"},\"inLanguage\":\"it-IT\",\"potentialAction\":[{\"@type\":\"ReadAction\",\"target\":[\"https:\/\/punto5.it\/news\/20-08-2026\/serie-c2\/242713\/nasce-la-movisud-magic-santantimo-che-innesti-con-fardello-e-orteca\/\"]}]},{\"@type\":\"ImageObject\",\"inLanguage\":\"it-IT\",\"@id\":\"https:\/\/punto5.it\/news\/20-08-2026\/serie-c2\/242713\/nasce-la-movisud-magic-santantimo-che-innesti-con-fardello-e-orteca\/#primaryimage\",\"url\":\"https:\/\/punto5.it\/news\/wp-content\/uploads\/2026\/08\/immagine.png\",\"contentUrl\":\"https:\/\/punto5.it\/news\/wp-content\/uploads\/2026\/08\/immagine.png\",\"width\":1672,\"height\":941},{\"@type\":\"BreadcrumbList\",\"@id\":\"https:\/\/punto5.it\/news\/20-08-2026\/serie-c2\/242713\/nasce-la-movisud-magic-santantimo-che-innesti-con-fardello-e-orteca\/#breadcrumb\",\"itemListElement\":[{\"@type\":\"ListItem\",\"position\":1,\"name\":\"Home\",\"item\":\"https:\/\/punto5.it\/news\/\"},{\"@type\":\"ListItem\",\"position\":2,\"name\":\"Nasce la Movisud Magic Sant&#8217;Antimo. Che innesti con Fardello e Orteca!\"}]},{\"@type\":\"WebSite\",\"@id\":\"https:\/\/punto5.it\/news\/#website\",\"url\":\"https:\/\/punto5.it\/news\/\",\"name\":\"Punto5.it\",\"description\":\"La tua risorsa gratuita sul calcio a 5 in Campania.\",\"publisher\":{\"@id\":\"https:\/\/punto5.it\/news\/#organization\"},\"potentialAction\":[{\"@type\":\"SearchAction\",\"target\":{\"@type\":\"EntryPoint\",\"urlTemplate\":\"https:\/\/punto5.it\/news\/?s={search_term_string}\"},\"query-input\":{\"@type\":\"PropertyValueSpecification\",\"valueRequired\":true,\"valueName\":\"search_term_string\"}}],\"inLanguage\":\"it-IT\"},{\"@type\":\"Organization\",\"@id\":\"https:\/\/punto5.it\/news\/#organization\",\"name\":\"Punto5\",\"url\":\"https:\/\/punto5.it\/news\/\",\"logo\":{\"@type\":\"ImageObject\",\"inLanguage\":\"it-IT\",\"@id\":\"https:\/\/punto5.it\/news\/#\/schema\/logo\/image\/\",\"url\":\"https:\/\/punto5.it\/news\/wp-content\/uploads\/2024\/12\/fbp5.png\",\"contentUrl\":\"https:\/\/punto5.it\/news\/wp-content\/uploads\/2024\/12\/fbp5.png\",\"width\":500,\"height\":500,\"caption\":\"Punto5\"},\"image\":{\"@id\":\"https:\/\/punto5.it\/news\/#\/schema\/logo\/image\/\"},\"sameAs\":[\"https:\/\/www.facebook.com\/punto5.it\/\"]},{\"@type\":\"Person\",\"@id\":\"https:\/\/punto5.it\/news\/#\/schema\/person\/6b1092945321c99a2b936c656a25b924\",\"name\":\"comunicato stampa\",\"image\":{\"@type\":\"ImageObject\",\"inLanguage\":\"it-IT\",\"@id\":\"https:\/\/punto5.it\/news\/#\/schema\/person\/image\/\",\"url\":\"https:\/\/secure.gravatar.com\/avatar\/ffa8e990fc05bef01150cb4b849246a414f038e016c198603051dee57bf3bf53?s=96&d=mm&r=g\",\"contentUrl\":\"https:\/\/secure.gravatar.com\/avatar\/ffa8e990fc05bef01150cb4b849246a414f038e016c198603051dee57bf3bf53?s=96&d=mm&r=g\",\"caption\":\"comunicato stampa\"},\"sameAs\":[\"http:\/\/www.punto5.it\"],\"url\":\"https:\/\/punto5.it\/news\/author\/comunicato-stampa\/\"}]}<\/script>\n<!-- \/ Yoast SEO plugin. -->","yoast_head_json":{"title":"Nasce la Movisud Magic Sant'Antimo. Che innesti con Fardello e Orteca! - Punto5.it","robots":{"index":"index","follow":"follow","max-snippet":"max-snippet:-1","max-image-preview":"max-image-preview:large","max-video-preview":"max-video-preview:-1"},"canonical":"https:\/\/punto5.it\/news\/20-08-2026\/serie-c2\/242713\/nasce-la-movisud-magic-santantimo-che-innesti-con-fardello-e-orteca\/","og_locale":"it_IT","og_type":"article","og_title":"Nasce la Movisud Magic Sant'Antimo. Che innesti con Fardello e Orteca! - Punto5.it","og_description":"Nasce la Movisud Magic Sant\u2019Antimo. Azienda leader nel settore della costruzione edile, si sono gettate le basi affinch\u00e9 Movisud, nella persona di Sossio Martino, sia sempre presente con il suo brand accanto a squadra e societ\u00e0 per costruire insieme un futuro roseo.Confermato tutto il roster che ha battuto ogni record nella passata stagione in serie [&hellip;]","og_url":"https:\/\/punto5.it\/news\/20-08-2026\/serie-c2\/242713\/nasce-la-movisud-magic-santantimo-che-innesti-con-fardello-e-orteca\/","og_site_name":"Punto5.it","article_publisher":"https:\/\/www.facebook.com\/punto5.it\/","article_published_time":"2026-08-20T08:24:43+00:00","article_modified_time":"2026-08-20T09:07:45+00:00","og_image":[{"width":1672,"height":941,"url":"https:\/\/punto5.it\/news\/wp-content\/uploads\/2026\/08\/immagine.png","type":"image\/png"}],"author":"comunicato stampa","twitter_misc":{"Scritto da":"comunicato stampa","Tempo di lettura stimato":"2 minuti"},"schema":{"@context":"https:\/\/schema.org","@graph":[{"@type":"Article","@id":"https:\/\/punto5.it\/news\/20-08-2026\/serie-c2\/242713\/nasce-la-movisud-magic-santantimo-che-innesti-con-fardello-e-orteca\/#article","isPartOf":{"@id":"https:\/\/punto5.it\/news\/20-08-2026\/serie-c2\/242713\/nasce-la-movisud-magic-santantimo-che-innesti-con-fardello-e-orteca\/"},"author":{"name":"comunicato stampa","@id":"https:\/\/punto5.it\/news\/#\/schema\/person\/6b1092945321c99a2b936c656a25b924"},"headline":"Nasce la Movisud Magic Sant&#8217;Antimo. Che innesti con Fardello e Orteca!","datePublished":"2026-08-20T08:24:43+00:00","dateModified":"2026-08-20T09:07:45+00:00","mainEntityOfPage":{"@id":"https:\/\/punto5.it\/news\/20-08-2026\/serie-c2\/242713\/nasce-la-movisud-magic-santantimo-che-innesti-con-fardello-e-orteca\/"},"wordCount":247,"publisher":{"@id":"https:\/\/punto5.it\/news\/#organization"},"image":{"@id":"https:\/\/punto5.it\/news\/20-08-2026\/serie-c2\/242713\/nasce-la-movisud-magic-santantimo-che-innesti-con-fardello-e-orteca\/#primaryimage"},"thumbnailUrl":"https:\/\/punto5.it\/news\/wp-content\/uploads\/2026\/08\/immagine.png","keywords":["prima"],"articleSection":["Serie C2"],"inLanguage":"it-IT"},{"@type":"WebPage","@id":"https:\/\/punto5.it\/news\/20-08-2026\/serie-c2\/242713\/nasce-la-movisud-magic-santantimo-che-innesti-con-fardello-e-orteca\/","url":"https:\/\/punto5.it\/news\/20-08-2026\/serie-c2\/242713\/nasce-la-movisud-magic-santantimo-che-innesti-con-fardello-e-orteca\/","name":"Nasce la Movisud Magic Sant'Antimo. Che innesti con Fardello e Orteca! - Punto5.it","isPartOf":{"@id":"https:\/\/punto5.it\/news\/#website"},"primaryImageOfPage":{"@id":"https:\/\/punto5.it\/news\/20-08-2026\/serie-c2\/242713\/nasce-la-movisud-magic-santantimo-che-innesti-con-fardello-e-orteca\/#primaryimage"},"image":{"@id":"https:\/\/punto5.it\/news\/20-08-2026\/serie-c2\/242713\/nasce-la-movisud-magic-santantimo-che-innesti-con-fardello-e-orteca\/#primaryimage"},"thumbnailUrl":"https:\/\/punto5.it\/news\/wp-content\/uploads\/2026\/08\/immagine.png","datePublished":"2026-08-20T08:24:43+00:00","dateModified":"2026-08-20T09:07:45+00:00","breadcrumb":{"@id":"https:\/\/punto5.it\/news\/20-08-2026\/serie-c2\/242713\/nasce-la-movisud-magic-santantimo-che-innesti-con-fardello-e-orteca\/#breadcrumb"},"inLanguage":"it-IT","potentialAction":[{"@type":"ReadAction","target":["https:\/\/punto5.it\/news\/20-08-2026\/serie-c2\/242713\/nasce-la-movisud-magic-santantimo-che-innesti-con-fardello-e-orteca\/"]}]},{"@type":"ImageObject","inLanguage":"it-IT","@id":"https:\/\/punto5.it\/news\/20-08-2026\/serie-c2\/242713\/nasce-la-movisud-magic-santantimo-che-innesti-con-fardello-e-orteca\/#primaryimage","url":"https:\/\/punto5.it\/news\/wp-content\/uploads\/2026\/08\/immagine.png","contentUrl":"https:\/\/punto5.it\/news\/wp-content\/uploads\/2026\/08\/immagine.png","width":1672,"height":941},{"@type":"BreadcrumbList","@id":"https:\/\/punto5.it\/news\/20-08-2026\/serie-c2\/242713\/nasce-la-movisud-magic-santantimo-che-innesti-con-fardello-e-orteca\/#breadcrumb","itemListElement":[{"@type":"ListItem","position":1,"name":"Home","item":"https:\/\/punto5.it\/news\/"},{"@type":"ListItem","position":2,"name":"Nasce la Movisud Magic Sant&#8217;Antimo. Che innesti con Fardello e Orteca!"}]},{"@type":"WebSite","@id":"https:\/\/punto5.it\/news\/#website","url":"https:\/\/punto5.it\/news\/","name":"Punto5.it","description":"La tua risorsa gratuita sul calcio a 5 in Campania.","publisher":{"@id":"https:\/\/punto5.it\/news\/#organization"},"potentialAction":[{"@type":"SearchAction","target":{"@type":"EntryPoint","urlTemplate":"https:\/\/punto5.it\/news\/?s={search_term_string}"},"query-input":{"@type":"PropertyValueSpecification","valueRequired":true,"valueName":"search_term_string"}}],"inLanguage":"it-IT"},{"@type":"Organization","@id":"https:\/\/punto5.it\/news\/#organization","name":"Punto5","url":"https:\/\/punto5.it\/news\/","logo":{"@type":"ImageObject","inLanguage":"it-IT","@id":"https:\/\/punto5.it\/news\/#\/schema\/logo\/image\/","url":"https:\/\/punto5.it\/news\/wp-content\/uploads\/2024\/12\/fbp5.png","contentUrl":"https:\/\/punto5.it\/news\/wp-content\/uploads\/2024\/12\/fbp5.png","width":500,"height":500,"caption":"Punto5"},"image":{"@id":"https:\/\/punto5.it\/news\/#\/schema\/logo\/image\/"},"sameAs":["https:\/\/www.facebook.com\/punto5.it\/"]},{"@type":"Person","@id":"https:\/\/punto5.it\/news\/#\/schema\/person\/6b1092945321c99a2b936c656a25b924","name":"comunicato stampa","image":{"@type":"ImageObject","inLanguage":"it-IT","@id":"https:\/\/punto5.it\/news\/#\/schema\/person\/image\/","url":"https:\/\/secure.gravatar.com\/avatar\/ffa8e990fc05bef01150cb4b849246a414f038e016c198603051dee57bf3bf53?s=96&d=mm&r=g","contentUrl":"https:\/\/secure.gravatar.com\/avatar\/ffa8e990fc05bef01150cb4b849246a414f038e016c198603051dee57bf3bf53?s=96&d=mm&r=g","caption":"comunicato stampa"},"sameAs":["http:\/\/www.punto5.it"],"url":"https:\/\/punto5.it\/news\/author\/comunicato-stampa\/"}]}},"_links":{"self":[{"href":"https:\/\/punto5.it\/news\/wp-json\/wp\/v2\/posts\/242713","targetHints":{"allow":["GET"]}}],"collection":[{"href":"https:\/\/punto5.it\/news\/wp-json\/wp\/v2\/posts"}],"about":[{"href":"https:\/\/punto5.it\/news\/wp-json\/wp\/v2\/types\/post"}],"author":[{"embeddable":true,"href":"https:\/\/punto5.it\/news\/wp-json\/wp\/v2\/users\/5"}],"replies":[{"embeddable":true,"href":"https:\/\/punto5.it\/news\/wp-json\/wp\/v2\/comments?post=242713"}],"version-history":[{"count":2,"href":"https:\/\/punto5.it\/news\/wp-json\/wp\/v2\/posts\/242713\/revisions"}],"predecessor-version":[{"id":242724,"href":"https:\/\/punto5.it\/news\/wp-json\/wp\/v2\/posts\/242713\/revisions\/242724"}],"wp:featuredmedia":[{"embeddable":true,"href":"https:\/\/punto5.it\/news\/wp-json\/wp\/v2\/media\/242714"}],"wp:attachment":[{"href":"https:\/\/punto5.it\/news\/wp-json\/wp\/v2\/media?parent=242713"}],"wp:term":[{"taxonomy":"category","embeddable":true,"href":"https:\/\/punto5.it\/news\/wp-json\/wp\/v2\/categories?post=242713"},{"taxonomy":"post_tag","embeddable":true,"href":"https:\/\/punto5.it\/news\/wp-json\/wp\/v2\/tags?post=242713"}],"curies":[{"name":"wp","href":"https:\/\/api.w.org\/{rel}","templated":true}]}}