{"id":242721,"date":"2026-08-20T11:06:40","date_gmt":"2026-08-20T09:06:40","guid":{"rendered":"https:\/\/punto5.it\/news\/?p=242721"},"modified":"2026-08-20T11:06:44","modified_gmt":"2026-08-20T09:06:44","slug":"il-rageto-di-lieto-ha-una-freccia-nellarco-il-bomber-di-baia-qui-per-fare-una-grande-stagione","status":"publish","type":"post","link":"https:\/\/punto5.it\/news\/20-08-2026\/serie-c2\/242721\/il-rageto-di-lieto-ha-una-freccia-nellarco-il-bomber-di-baia-qui-per-fare-una-grande-stagione\/","title":{"rendered":"Il Rageto di Lieto ha una freccia nell&#8217;arco: il bomber Di Baia: &#8220;Qui per fare una grande stagione&#8221;"},"content":{"rendered":"\n<p>La societ\u00e0 riconferma il blocco storico e si rinforza per la nuova stagione. Continuit\u00e0, graditi ritorni e volti nuovi per un gruppo che ha ampiamente dimostrato il proprio valore. Il club \u00e8 lieto di ufficializzare la conferma gran parte della rosa che tanto bene ha fatto nel corso degli ultimi due anni, ripartendo con determinazione dalla guida tecnica di mister Gerardo Lieto, subentrato a campionato in corso e bravissimo a prendere in mano la squadra dopo il grave episodio che ha colpito mister Panniello e l&#8217;ambiente.<br>Parallelamente, il club desidera salutare e ringraziare calorosamente i tesserati che non faranno parte del progetto per la prossima stagione: Menditto (passato al Futsal SMCV), Lavagna (Real Acerra), Petrella (Maddalonese C5), M. D\u2019Onofrio e il preparatore dei portieri Palladino (accasatosi alla Pol. Limatola). A ciascuno di loro va il pi\u00f9 sincero augurio per un prosieguo di carriera ricco di soddisfazioni personali e sportive.<br>Sul fronte acquisti, la dirigenza si \u00e8 mossa con decisione per arricchire l&#8217;organico e mettere a disposizione del riconfermato gruppo squadra elementi di grande valore:<br>Di Baia (dal Futsal Matese): capocannoniere della passata stagione nel nostro girone, pronto a portare gol ed esperienza nel reparto avanzato. Le sue parole al momento dell&#8217;acquisto: &#8220;Non vedo l&#8217;ora d&#8217;iniziare e mettermi a disposizione del mister. Sono qui per fare una grande stagione&#8221;<br>Olivo, Federico e De Luca: per tutti e tre si tratta di un graditissimo ritorno in maglia societaria per rinforzare il gruppo storico.<br>Novit\u00e0 importanti riguardano anche lo staff tecnico, che si arricchisce di due professionisti per affiancare al meglio mister Lieto, Errico \u00e8 il nuovo preparatore atletico e <br>V. De Cecio \u00e8 nuovo preparatore dei portieri.<br>Con questo mix di conferme, innesti mirati e graditi ritorni, la squadra \u00e8 pronta a iniziare la preparazione con il massimo dell&#8217;entusiasmo e l&#8217;ambizione di ben figurare nel prossimo campionato.<\/p>\n\n\n\n<p><\/p>\n","protected":false},"excerpt":{"rendered":"<p>La societ\u00e0 riconferma il blocco storico e si rinforza per la nuova stagione. Continuit\u00e0, graditi ritorni e volti nuovi per un gruppo che ha ampiamente dimostrato il proprio valore. Il club \u00e8 lieto di ufficializzare la conferma gran parte della rosa che tanto bene ha fatto nel corso degli ultimi due anni, ripartendo con determinazione [&hellip;]<\/p>\n","protected":false},"author":9,"featured_media":242722,"comment_status":"open","ping_status":"open","sticky":false,"template":"","format":"standard","meta":{"jnews-multi-image_gallery":[],"jnews_single_post":{"format":"standard"},"jnews_primary_category":[],"jnews_social_meta":[],"jnews_override_counter":[],"footnotes":""},"categories":[15],"tags":[1515],"class_list":["post-242721","post","type-post","status-publish","format-standard","has-post-thumbnail","hentry","category-serie-c2","tag-prima"],"yoast_head":"<!-- This site is optimized with the Yoast SEO plugin v24.5 - https:\/\/yoast.com\/wordpress\/plugins\/seo\/ -->\n<title>Il Rageto di Lieto ha una freccia nell&#039;arco: il bomber Di Baia: &quot;Qui per fare una grande stagione&quot; - Punto5.it<\/title>\n<meta name=\"robots\" content=\"index, follow, max-snippet:-1, max-image-preview:large, max-video-preview:-1\" \/>\n<link rel=\"canonical\" href=\"https:\/\/punto5.it\/news\/20-08-2026\/serie-c2\/242721\/il-rageto-di-lieto-ha-una-freccia-nellarco-il-bomber-di-baia-qui-per-fare-una-grande-stagione\/\" \/>\n<meta property=\"og:locale\" content=\"it_IT\" \/>\n<meta property=\"og:type\" content=\"article\" \/>\n<meta property=\"og:title\" content=\"Il Rageto di Lieto ha una freccia nell&#039;arco: il bomber Di Baia: &quot;Qui per fare una grande stagione&quot; - Punto5.it\" \/>\n<meta property=\"og:description\" content=\"La societ\u00e0 riconferma il blocco storico e si rinforza per la nuova stagione. Continuit\u00e0, graditi ritorni e volti nuovi per un gruppo che ha ampiamente dimostrato il proprio valore. Il club \u00e8 lieto di ufficializzare la conferma gran parte della rosa che tanto bene ha fatto nel corso degli ultimi due anni, ripartendo con determinazione [&hellip;]\" \/>\n<meta property=\"og:url\" content=\"https:\/\/punto5.it\/news\/20-08-2026\/serie-c2\/242721\/il-rageto-di-lieto-ha-una-freccia-nellarco-il-bomber-di-baia-qui-per-fare-una-grande-stagione\/\" \/>\n<meta property=\"og:site_name\" content=\"Punto5.it\" \/>\n<meta property=\"article:publisher\" content=\"https:\/\/www.facebook.com\/punto5.it\/\" \/>\n<meta property=\"article:published_time\" content=\"2026-08-20T09:06:40+00:00\" \/>\n<meta property=\"article:modified_time\" content=\"2026-08-20T09:06:44+00:00\" \/>\n<meta property=\"og:image\" content=\"https:\/\/punto5.it\/news\/wp-content\/uploads\/2026\/08\/758677273_27709252108694379_32226502740060488_n.jpg\" \/>\n\t<meta property=\"og:image:width\" content=\"2048\" \/>\n\t<meta property=\"og:image:height\" content=\"1368\" \/>\n\t<meta property=\"og:image:type\" content=\"image\/jpeg\" \/>\n<meta name=\"author\" content=\"Redazione Punto 5\" \/>\n<meta name=\"twitter:label1\" content=\"Scritto da\" \/>\n\t<meta name=\"twitter:data1\" content=\"Redazione Punto 5\" \/>\n\t<meta name=\"twitter:label2\" content=\"Tempo di lettura stimato\" \/>\n\t<meta name=\"twitter:data2\" content=\"2 minuti\" \/>\n<script type=\"application\/ld+json\" class=\"yoast-schema-graph\">{\"@context\":\"https:\/\/schema.org\",\"@graph\":[{\"@type\":\"Article\",\"@id\":\"https:\/\/punto5.it\/news\/20-08-2026\/serie-c2\/242721\/il-rageto-di-lieto-ha-una-freccia-nellarco-il-bomber-di-baia-qui-per-fare-una-grande-stagione\/#article\",\"isPartOf\":{\"@id\":\"https:\/\/punto5.it\/news\/20-08-2026\/serie-c2\/242721\/il-rageto-di-lieto-ha-una-freccia-nellarco-il-bomber-di-baia-qui-per-fare-una-grande-stagione\/\"},\"author\":{\"name\":\"Redazione Punto 5\",\"@id\":\"https:\/\/punto5.it\/news\/#\/schema\/person\/f43571c649bda323e609b937e7220560\"},\"headline\":\"Il Rageto di Lieto ha una freccia nell&#8217;arco: il bomber Di Baia: &#8220;Qui per fare una grande stagione&#8221;\",\"datePublished\":\"2026-08-20T09:06:40+00:00\",\"dateModified\":\"2026-08-20T09:06:44+00:00\",\"mainEntityOfPage\":{\"@id\":\"https:\/\/punto5.it\/news\/20-08-2026\/serie-c2\/242721\/il-rageto-di-lieto-ha-una-freccia-nellarco-il-bomber-di-baia-qui-per-fare-una-grande-stagione\/\"},\"wordCount\":327,\"commentCount\":0,\"publisher\":{\"@id\":\"https:\/\/punto5.it\/news\/#organization\"},\"image\":{\"@id\":\"https:\/\/punto5.it\/news\/20-08-2026\/serie-c2\/242721\/il-rageto-di-lieto-ha-una-freccia-nellarco-il-bomber-di-baia-qui-per-fare-una-grande-stagione\/#primaryimage\"},\"thumbnailUrl\":\"https:\/\/punto5.it\/news\/wp-content\/uploads\/2026\/08\/758677273_27709252108694379_32226502740060488_n.jpg\",\"keywords\":[\"prima\"],\"articleSection\":[\"Serie C2\"],\"inLanguage\":\"it-IT\",\"potentialAction\":[{\"@type\":\"CommentAction\",\"name\":\"Comment\",\"target\":[\"https:\/\/punto5.it\/news\/20-08-2026\/serie-c2\/242721\/il-rageto-di-lieto-ha-una-freccia-nellarco-il-bomber-di-baia-qui-per-fare-una-grande-stagione\/#respond\"]}]},{\"@type\":\"WebPage\",\"@id\":\"https:\/\/punto5.it\/news\/20-08-2026\/serie-c2\/242721\/il-rageto-di-lieto-ha-una-freccia-nellarco-il-bomber-di-baia-qui-per-fare-una-grande-stagione\/\",\"url\":\"https:\/\/punto5.it\/news\/20-08-2026\/serie-c2\/242721\/il-rageto-di-lieto-ha-una-freccia-nellarco-il-bomber-di-baia-qui-per-fare-una-grande-stagione\/\",\"name\":\"Il Rageto di Lieto ha una freccia nell'arco: il bomber Di Baia: \\\"Qui per fare una grande stagione\\\" - Punto5.it\",\"isPartOf\":{\"@id\":\"https:\/\/punto5.it\/news\/#website\"},\"primaryImageOfPage\":{\"@id\":\"https:\/\/punto5.it\/news\/20-08-2026\/serie-c2\/242721\/il-rageto-di-lieto-ha-una-freccia-nellarco-il-bomber-di-baia-qui-per-fare-una-grande-stagione\/#primaryimage\"},\"image\":{\"@id\":\"https:\/\/punto5.it\/news\/20-08-2026\/serie-c2\/242721\/il-rageto-di-lieto-ha-una-freccia-nellarco-il-bomber-di-baia-qui-per-fare-una-grande-stagione\/#primaryimage\"},\"thumbnailUrl\":\"https:\/\/punto5.it\/news\/wp-content\/uploads\/2026\/08\/758677273_27709252108694379_32226502740060488_n.jpg\",\"datePublished\":\"2026-08-20T09:06:40+00:00\",\"dateModified\":\"2026-08-20T09:06:44+00:00\",\"breadcrumb\":{\"@id\":\"https:\/\/punto5.it\/news\/20-08-2026\/serie-c2\/242721\/il-rageto-di-lieto-ha-una-freccia-nellarco-il-bomber-di-baia-qui-per-fare-una-grande-stagione\/#breadcrumb\"},\"inLanguage\":\"it-IT\",\"potentialAction\":[{\"@type\":\"ReadAction\",\"target\":[\"https:\/\/punto5.it\/news\/20-08-2026\/serie-c2\/242721\/il-rageto-di-lieto-ha-una-freccia-nellarco-il-bomber-di-baia-qui-per-fare-una-grande-stagione\/\"]}]},{\"@type\":\"ImageObject\",\"inLanguage\":\"it-IT\",\"@id\":\"https:\/\/punto5.it\/news\/20-08-2026\/serie-c2\/242721\/il-rageto-di-lieto-ha-una-freccia-nellarco-il-bomber-di-baia-qui-per-fare-una-grande-stagione\/#primaryimage\",\"url\":\"https:\/\/punto5.it\/news\/wp-content\/uploads\/2026\/08\/758677273_27709252108694379_32226502740060488_n.jpg\",\"contentUrl\":\"https:\/\/punto5.it\/news\/wp-content\/uploads\/2026\/08\/758677273_27709252108694379_32226502740060488_n.jpg\",\"width\":2048,\"height\":1368},{\"@type\":\"BreadcrumbList\",\"@id\":\"https:\/\/punto5.it\/news\/20-08-2026\/serie-c2\/242721\/il-rageto-di-lieto-ha-una-freccia-nellarco-il-bomber-di-baia-qui-per-fare-una-grande-stagione\/#breadcrumb\",\"itemListElement\":[{\"@type\":\"ListItem\",\"position\":1,\"name\":\"Home\",\"item\":\"https:\/\/punto5.it\/news\/\"},{\"@type\":\"ListItem\",\"position\":2,\"name\":\"Il Rageto di Lieto ha una freccia nell&#8217;arco: il bomber Di Baia: &#8220;Qui per fare una grande stagione&#8221;\"}]},{\"@type\":\"WebSite\",\"@id\":\"https:\/\/punto5.it\/news\/#website\",\"url\":\"https:\/\/punto5.it\/news\/\",\"name\":\"Punto5.it\",\"description\":\"La tua risorsa gratuita sul calcio a 5 in Campania.\",\"publisher\":{\"@id\":\"https:\/\/punto5.it\/news\/#organization\"},\"potentialAction\":[{\"@type\":\"SearchAction\",\"target\":{\"@type\":\"EntryPoint\",\"urlTemplate\":\"https:\/\/punto5.it\/news\/?s={search_term_string}\"},\"query-input\":{\"@type\":\"PropertyValueSpecification\",\"valueRequired\":true,\"valueName\":\"search_term_string\"}}],\"inLanguage\":\"it-IT\"},{\"@type\":\"Organization\",\"@id\":\"https:\/\/punto5.it\/news\/#organization\",\"name\":\"Punto5\",\"url\":\"https:\/\/punto5.it\/news\/\",\"logo\":{\"@type\":\"ImageObject\",\"inLanguage\":\"it-IT\",\"@id\":\"https:\/\/punto5.it\/news\/#\/schema\/logo\/image\/\",\"url\":\"https:\/\/punto5.it\/news\/wp-content\/uploads\/2024\/12\/fbp5.png\",\"contentUrl\":\"https:\/\/punto5.it\/news\/wp-content\/uploads\/2024\/12\/fbp5.png\",\"width\":500,\"height\":500,\"caption\":\"Punto5\"},\"image\":{\"@id\":\"https:\/\/punto5.it\/news\/#\/schema\/logo\/image\/\"},\"sameAs\":[\"https:\/\/www.facebook.com\/punto5.it\/\"]},{\"@type\":\"Person\",\"@id\":\"https:\/\/punto5.it\/news\/#\/schema\/person\/f43571c649bda323e609b937e7220560\",\"name\":\"Redazione Punto 5\",\"image\":{\"@type\":\"ImageObject\",\"inLanguage\":\"it-IT\",\"@id\":\"https:\/\/punto5.it\/news\/#\/schema\/person\/image\/\",\"url\":\"https:\/\/secure.gravatar.com\/avatar\/423ce27dd258b3600399bf17a7454eeea31cf273646f568d4382fd2c4db91e5e?s=96&d=mm&r=g\",\"contentUrl\":\"https:\/\/secure.gravatar.com\/avatar\/423ce27dd258b3600399bf17a7454eeea31cf273646f568d4382fd2c4db91e5e?s=96&d=mm&r=g\",\"caption\":\"Redazione Punto 5\"},\"sameAs\":[\"http:\/\/www.punto5.it\"],\"url\":\"https:\/\/punto5.it\/news\/author\/redazione-punto-5\/\"}]}<\/script>\n<!-- \/ Yoast SEO plugin. -->","yoast_head_json":{"title":"Il Rageto di Lieto ha una freccia nell'arco: il bomber Di Baia: \"Qui per fare una grande stagione\" - Punto5.it","robots":{"index":"index","follow":"follow","max-snippet":"max-snippet:-1","max-image-preview":"max-image-preview:large","max-video-preview":"max-video-preview:-1"},"canonical":"https:\/\/punto5.it\/news\/20-08-2026\/serie-c2\/242721\/il-rageto-di-lieto-ha-una-freccia-nellarco-il-bomber-di-baia-qui-per-fare-una-grande-stagione\/","og_locale":"it_IT","og_type":"article","og_title":"Il Rageto di Lieto ha una freccia nell'arco: il bomber Di Baia: \"Qui per fare una grande stagione\" - Punto5.it","og_description":"La societ\u00e0 riconferma il blocco storico e si rinforza per la nuova stagione. Continuit\u00e0, graditi ritorni e volti nuovi per un gruppo che ha ampiamente dimostrato il proprio valore. Il club \u00e8 lieto di ufficializzare la conferma gran parte della rosa che tanto bene ha fatto nel corso degli ultimi due anni, ripartendo con determinazione [&hellip;]","og_url":"https:\/\/punto5.it\/news\/20-08-2026\/serie-c2\/242721\/il-rageto-di-lieto-ha-una-freccia-nellarco-il-bomber-di-baia-qui-per-fare-una-grande-stagione\/","og_site_name":"Punto5.it","article_publisher":"https:\/\/www.facebook.com\/punto5.it\/","article_published_time":"2026-08-20T09:06:40+00:00","article_modified_time":"2026-08-20T09:06:44+00:00","og_image":[{"width":2048,"height":1368,"url":"https:\/\/punto5.it\/news\/wp-content\/uploads\/2026\/08\/758677273_27709252108694379_32226502740060488_n.jpg","type":"image\/jpeg"}],"author":"Redazione Punto 5","twitter_misc":{"Scritto da":"Redazione Punto 5","Tempo di lettura stimato":"2 minuti"},"schema":{"@context":"https:\/\/schema.org","@graph":[{"@type":"Article","@id":"https:\/\/punto5.it\/news\/20-08-2026\/serie-c2\/242721\/il-rageto-di-lieto-ha-una-freccia-nellarco-il-bomber-di-baia-qui-per-fare-una-grande-stagione\/#article","isPartOf":{"@id":"https:\/\/punto5.it\/news\/20-08-2026\/serie-c2\/242721\/il-rageto-di-lieto-ha-una-freccia-nellarco-il-bomber-di-baia-qui-per-fare-una-grande-stagione\/"},"author":{"name":"Redazione Punto 5","@id":"https:\/\/punto5.it\/news\/#\/schema\/person\/f43571c649bda323e609b937e7220560"},"headline":"Il Rageto di Lieto ha una freccia nell&#8217;arco: il bomber Di Baia: &#8220;Qui per fare una grande stagione&#8221;","datePublished":"2026-08-20T09:06:40+00:00","dateModified":"2026-08-20T09:06:44+00:00","mainEntityOfPage":{"@id":"https:\/\/punto5.it\/news\/20-08-2026\/serie-c2\/242721\/il-rageto-di-lieto-ha-una-freccia-nellarco-il-bomber-di-baia-qui-per-fare-una-grande-stagione\/"},"wordCount":327,"commentCount":0,"publisher":{"@id":"https:\/\/punto5.it\/news\/#organization"},"image":{"@id":"https:\/\/punto5.it\/news\/20-08-2026\/serie-c2\/242721\/il-rageto-di-lieto-ha-una-freccia-nellarco-il-bomber-di-baia-qui-per-fare-una-grande-stagione\/#primaryimage"},"thumbnailUrl":"https:\/\/punto5.it\/news\/wp-content\/uploads\/2026\/08\/758677273_27709252108694379_32226502740060488_n.jpg","keywords":["prima"],"articleSection":["Serie C2"],"inLanguage":"it-IT","potentialAction":[{"@type":"CommentAction","name":"Comment","target":["https:\/\/punto5.it\/news\/20-08-2026\/serie-c2\/242721\/il-rageto-di-lieto-ha-una-freccia-nellarco-il-bomber-di-baia-qui-per-fare-una-grande-stagione\/#respond"]}]},{"@type":"WebPage","@id":"https:\/\/punto5.it\/news\/20-08-2026\/serie-c2\/242721\/il-rageto-di-lieto-ha-una-freccia-nellarco-il-bomber-di-baia-qui-per-fare-una-grande-stagione\/","url":"https:\/\/punto5.it\/news\/20-08-2026\/serie-c2\/242721\/il-rageto-di-lieto-ha-una-freccia-nellarco-il-bomber-di-baia-qui-per-fare-una-grande-stagione\/","name":"Il Rageto di Lieto ha una freccia nell'arco: il bomber Di Baia: \"Qui per fare una grande stagione\" - Punto5.it","isPartOf":{"@id":"https:\/\/punto5.it\/news\/#website"},"primaryImageOfPage":{"@id":"https:\/\/punto5.it\/news\/20-08-2026\/serie-c2\/242721\/il-rageto-di-lieto-ha-una-freccia-nellarco-il-bomber-di-baia-qui-per-fare-una-grande-stagione\/#primaryimage"},"image":{"@id":"https:\/\/punto5.it\/news\/20-08-2026\/serie-c2\/242721\/il-rageto-di-lieto-ha-una-freccia-nellarco-il-bomber-di-baia-qui-per-fare-una-grande-stagione\/#primaryimage"},"thumbnailUrl":"https:\/\/punto5.it\/news\/wp-content\/uploads\/2026\/08\/758677273_27709252108694379_32226502740060488_n.jpg","datePublished":"2026-08-20T09:06:40+00:00","dateModified":"2026-08-20T09:06:44+00:00","breadcrumb":{"@id":"https:\/\/punto5.it\/news\/20-08-2026\/serie-c2\/242721\/il-rageto-di-lieto-ha-una-freccia-nellarco-il-bomber-di-baia-qui-per-fare-una-grande-stagione\/#breadcrumb"},"inLanguage":"it-IT","potentialAction":[{"@type":"ReadAction","target":["https:\/\/punto5.it\/news\/20-08-2026\/serie-c2\/242721\/il-rageto-di-lieto-ha-una-freccia-nellarco-il-bomber-di-baia-qui-per-fare-una-grande-stagione\/"]}]},{"@type":"ImageObject","inLanguage":"it-IT","@id":"https:\/\/punto5.it\/news\/20-08-2026\/serie-c2\/242721\/il-rageto-di-lieto-ha-una-freccia-nellarco-il-bomber-di-baia-qui-per-fare-una-grande-stagione\/#primaryimage","url":"https:\/\/punto5.it\/news\/wp-content\/uploads\/2026\/08\/758677273_27709252108694379_32226502740060488_n.jpg","contentUrl":"https:\/\/punto5.it\/news\/wp-content\/uploads\/2026\/08\/758677273_27709252108694379_32226502740060488_n.jpg","width":2048,"height":1368},{"@type":"BreadcrumbList","@id":"https:\/\/punto5.it\/news\/20-08-2026\/serie-c2\/242721\/il-rageto-di-lieto-ha-una-freccia-nellarco-il-bomber-di-baia-qui-per-fare-una-grande-stagione\/#breadcrumb","itemListElement":[{"@type":"ListItem","position":1,"name":"Home","item":"https:\/\/punto5.it\/news\/"},{"@type":"ListItem","position":2,"name":"Il Rageto di Lieto ha una freccia nell&#8217;arco: il bomber Di Baia: &#8220;Qui per fare una grande stagione&#8221;"}]},{"@type":"WebSite","@id":"https:\/\/punto5.it\/news\/#website","url":"https:\/\/punto5.it\/news\/","name":"Punto5.it","description":"La tua risorsa gratuita sul calcio a 5 in Campania.","publisher":{"@id":"https:\/\/punto5.it\/news\/#organization"},"potentialAction":[{"@type":"SearchAction","target":{"@type":"EntryPoint","urlTemplate":"https:\/\/punto5.it\/news\/?s={search_term_string}"},"query-input":{"@type":"PropertyValueSpecification","valueRequired":true,"valueName":"search_term_string"}}],"inLanguage":"it-IT"},{"@type":"Organization","@id":"https:\/\/punto5.it\/news\/#organization","name":"Punto5","url":"https:\/\/punto5.it\/news\/","logo":{"@type":"ImageObject","inLanguage":"it-IT","@id":"https:\/\/punto5.it\/news\/#\/schema\/logo\/image\/","url":"https:\/\/punto5.it\/news\/wp-content\/uploads\/2024\/12\/fbp5.png","contentUrl":"https:\/\/punto5.it\/news\/wp-content\/uploads\/2024\/12\/fbp5.png","width":500,"height":500,"caption":"Punto5"},"image":{"@id":"https:\/\/punto5.it\/news\/#\/schema\/logo\/image\/"},"sameAs":["https:\/\/www.facebook.com\/punto5.it\/"]},{"@type":"Person","@id":"https:\/\/punto5.it\/news\/#\/schema\/person\/f43571c649bda323e609b937e7220560","name":"Redazione Punto 5","image":{"@type":"ImageObject","inLanguage":"it-IT","@id":"https:\/\/punto5.it\/news\/#\/schema\/person\/image\/","url":"https:\/\/secure.gravatar.com\/avatar\/423ce27dd258b3600399bf17a7454eeea31cf273646f568d4382fd2c4db91e5e?s=96&d=mm&r=g","contentUrl":"https:\/\/secure.gravatar.com\/avatar\/423ce27dd258b3600399bf17a7454eeea31cf273646f568d4382fd2c4db91e5e?s=96&d=mm&r=g","caption":"Redazione Punto 5"},"sameAs":["http:\/\/www.punto5.it"],"url":"https:\/\/punto5.it\/news\/author\/redazione-punto-5\/"}]}},"_links":{"self":[{"href":"https:\/\/punto5.it\/news\/wp-json\/wp\/v2\/posts\/242721","targetHints":{"allow":["GET"]}}],"collection":[{"href":"https:\/\/punto5.it\/news\/wp-json\/wp\/v2\/posts"}],"about":[{"href":"https:\/\/punto5.it\/news\/wp-json\/wp\/v2\/types\/post"}],"author":[{"embeddable":true,"href":"https:\/\/punto5.it\/news\/wp-json\/wp\/v2\/users\/9"}],"replies":[{"embeddable":true,"href":"https:\/\/punto5.it\/news\/wp-json\/wp\/v2\/comments?post=242721"}],"version-history":[{"count":1,"href":"https:\/\/punto5.it\/news\/wp-json\/wp\/v2\/posts\/242721\/revisions"}],"predecessor-version":[{"id":242723,"href":"https:\/\/punto5.it\/news\/wp-json\/wp\/v2\/posts\/242721\/revisions\/242723"}],"wp:featuredmedia":[{"embeddable":true,"href":"https:\/\/punto5.it\/news\/wp-json\/wp\/v2\/media\/242722"}],"wp:attachment":[{"href":"https:\/\/punto5.it\/news\/wp-json\/wp\/v2\/media?parent=242721"}],"wp:term":[{"taxonomy":"category","embeddable":true,"href":"https:\/\/punto5.it\/news\/wp-json\/wp\/v2\/categories?post=242721"},{"taxonomy":"post_tag","embeddable":true,"href":"https:\/\/punto5.it\/news\/wp-json\/wp\/v2\/tags?post=242721"}],"curies":[{"name":"wp","href":"https:\/\/api.w.org\/{rel}","templated":true}]}}