{"id":242731,"date":"2026-08-20T16:51:12","date_gmt":"2026-08-20T14:51:12","guid":{"rendered":"https:\/\/punto5.it\/news\/?p=242731"},"modified":"2026-08-20T16:51:16","modified_gmt":"2026-08-20T14:51:16","slug":"serie-a-kinto-26-27-il-calendario-completo-l84-roma-la-prima-diretta-sky-castiglia-il-futsal-al-centro-della-casa-dello-sport","status":"publish","type":"post","link":"https:\/\/punto5.it\/news\/20-08-2026\/serie-a\/242731\/serie-a-kinto-26-27-il-calendario-completo-l84-roma-la-prima-diretta-sky-castiglia-il-futsal-al-centro-della-casa-dello-sport\/","title":{"rendered":"Serie A KINTO 26\/27: il calendario completo. L84-Roma la prima diretta Sky, Castiglia: \u201cIl futsal al centro della casa dello sport\u201d"},"content":{"rendered":"\n<p>La regular season della&nbsp;<strong>43esima edizione della Serie A KINTO<\/strong>, che scatter\u00e0 il prossimo&nbsp;<strong>19 settembre<\/strong>, \u00e8 realt\u00e0: \u00e8 stato svelato in diretta a Milano negli studi di&nbsp;<strong>Sky Sport 24<\/strong>, alla presenza del&nbsp;<strong>Presidente della Divisione Calcio a 5 Stefano Castiglia<\/strong>, il&nbsp;<strong>calendario completo<\/strong>&nbsp;della categoria regina del futsal italiano, segnando l\u2019occasione per l\u2019annuncio della prosecuzione e del rilancio della partnership con la casa dello sport.<\/p>\n\n\n\n<p><strong>PRIMA GIORNATA \u2013<\/strong>&nbsp;I campioni d\u2019Italia in carica della&nbsp;<strong>L84 Torino<\/strong>&nbsp;e la&nbsp;<strong>Roma 1927<\/strong>&nbsp;saranno protagonisti della&nbsp;<strong>prima diretta Sky<\/strong>&nbsp;della stagione in una giornata inaugurale che vedr\u00e0 la Covei Meta Catania Bricocity, finalista scudetto e vincitrice dell\u2019ultima Coppa Italia, di scena sul campo della Came Treviso. La Feldi Eboli, regina di Supercoppa, far\u00e0 visita all\u2019Active Network, due impegni interni e una trasferta per le neopromosse: GG Team Wear Benevento 5 e Defender Giovinazzo ospiteranno rispettivamente Global Work Capurso e Sandro Abate, Vinumitaly Petrarca atteso dal Napoli. Chiude il quadro un\u2019altra sfida in terra campana, Sporting Sala Consilina-Fortitudo Pomezia. Tre i turni infrasettimanali previsti: 22 settembre, 12 gennaio e 6 aprile.<\/p>\n\n\n\n<p><strong>CASTIGLIA \u2013<\/strong>&nbsp;\u201cLa prosecuzione della partnership tra la Divisione Calcio a 5 e Sky Sport rappresenta un ulteriore passo nel percorso di crescita e valorizzazione del futsal italiano \u2013 esordisce il numero uno di Viale Tiziano -. \u00c8 una collaborazione che si \u00e8 consolidata nel tempo, creando valore e contribuendo in maniera significativa alla visibilit\u00e0 del nostro movimento. Essere protagonisti sui canali di Sky Sport significa portare il futsal italiano al centro della casa dello sport italiano, all\u2019interno di un contesto editoriale di assoluto prestigio. La continuit\u00e0 di questa partnership testimonia anche la crescita del brand futsal, sempre pi\u00f9 riconoscibile, attrattivo e capace di raggiungere un pubblico ampio e trasversale. Un mio personale grazie va ai vertici di Sky Sport per aver creduto e per continuare a credere nel futsal italiano, accompagnandone con convinzione il percorso di crescita e valorizzazione. Ora non resta che attendere il fischio d\u2019inizio della nuova stagione della Serie A KINTO e dare appuntamento a tutti gli appassionati sui canali di Sky Sport, per vivere insieme ancora una volta lo spettacolo del nostro campionato\u201d.<\/p>\n\n\n\n<p><a href=\"https:\/\/divisionecalcioa5.it\/wp-content\/uploads\/2026\/08\/Calendario-Serie-A-KINTO-2026_27.pdf\"><strong>IL CALENDARIO DELLA SERIE A KINTO 2026\/2027<\/strong><\/a><\/p>\n","protected":false},"excerpt":{"rendered":"<p>La regular season della&nbsp;43esima edizione della Serie A KINTO, che scatter\u00e0 il prossimo&nbsp;19 settembre, \u00e8 realt\u00e0: \u00e8 stato svelato in diretta a Milano negli studi di&nbsp;Sky Sport 24, alla presenza del&nbsp;Presidente della Divisione Calcio a 5 Stefano Castiglia, il&nbsp;calendario completo&nbsp;della categoria regina del futsal italiano, segnando l\u2019occasione per l\u2019annuncio della prosecuzione e del rilancio della [&hellip;]<\/p>\n","protected":false},"author":5,"featured_media":242732,"comment_status":"open","ping_status":"open","sticky":false,"template":"","format":"standard","meta":{"jnews-multi-image_gallery":[],"jnews_single_post":{"format":"standard"},"jnews_primary_category":[],"jnews_social_meta":[],"jnews_override_counter":[],"footnotes":""},"categories":[11],"tags":[1515],"class_list":["post-242731","post","type-post","status-publish","format-standard","has-post-thumbnail","hentry","category-serie-a","tag-prima"],"yoast_head":"<!-- This site is optimized with the Yoast SEO plugin v24.5 - https:\/\/yoast.com\/wordpress\/plugins\/seo\/ -->\n<title>Serie A KINTO 26\/27: il calendario completo. L84-Roma la prima diretta Sky, Castiglia: \u201cIl futsal al centro della casa dello sport\u201d - Punto5.it<\/title>\n<meta name=\"robots\" content=\"index, follow, max-snippet:-1, max-image-preview:large, max-video-preview:-1\" \/>\n<link rel=\"canonical\" href=\"https:\/\/punto5.it\/news\/20-08-2026\/serie-a\/242731\/serie-a-kinto-26-27-il-calendario-completo-l84-roma-la-prima-diretta-sky-castiglia-il-futsal-al-centro-della-casa-dello-sport\/\" \/>\n<meta property=\"og:locale\" content=\"it_IT\" \/>\n<meta property=\"og:type\" content=\"article\" \/>\n<meta property=\"og:title\" content=\"Serie A KINTO 26\/27: il calendario completo. L84-Roma la prima diretta Sky, Castiglia: \u201cIl futsal al centro della casa dello sport\u201d - Punto5.it\" \/>\n<meta property=\"og:description\" content=\"La regular season della&nbsp;43esima edizione della Serie A KINTO, che scatter\u00e0 il prossimo&nbsp;19 settembre, \u00e8 realt\u00e0: \u00e8 stato svelato in diretta a Milano negli studi di&nbsp;Sky Sport 24, alla presenza del&nbsp;Presidente della Divisione Calcio a 5 Stefano Castiglia, il&nbsp;calendario completo&nbsp;della categoria regina del futsal italiano, segnando l\u2019occasione per l\u2019annuncio della prosecuzione e del rilancio della [&hellip;]\" \/>\n<meta property=\"og:url\" content=\"https:\/\/punto5.it\/news\/20-08-2026\/serie-a\/242731\/serie-a-kinto-26-27-il-calendario-completo-l84-roma-la-prima-diretta-sky-castiglia-il-futsal-al-centro-della-casa-dello-sport\/\" \/>\n<meta property=\"og:site_name\" content=\"Punto5.it\" \/>\n<meta property=\"article:publisher\" content=\"https:\/\/www.facebook.com\/punto5.it\/\" \/>\n<meta property=\"article:published_time\" content=\"2026-08-20T14:51:12+00:00\" \/>\n<meta property=\"article:modified_time\" content=\"2026-08-20T14:51:16+00:00\" \/>\n<meta property=\"og:image\" content=\"https:\/\/punto5.it\/news\/wp-content\/uploads\/2026\/08\/Calendario-Serie-A.jpeg\" \/>\n\t<meta property=\"og:image:width\" content=\"1600\" \/>\n\t<meta property=\"og:image:height\" content=\"1200\" \/>\n\t<meta property=\"og:image:type\" content=\"image\/jpeg\" \/>\n<meta name=\"author\" content=\"comunicato stampa\" \/>\n<meta name=\"twitter:label1\" content=\"Scritto da\" \/>\n\t<meta name=\"twitter:data1\" content=\"comunicato stampa\" \/>\n\t<meta name=\"twitter:label2\" content=\"Tempo di lettura stimato\" \/>\n\t<meta name=\"twitter:data2\" content=\"3 minuti\" \/>\n<script type=\"application\/ld+json\" class=\"yoast-schema-graph\">{\"@context\":\"https:\/\/schema.org\",\"@graph\":[{\"@type\":\"Article\",\"@id\":\"https:\/\/punto5.it\/news\/20-08-2026\/serie-a\/242731\/serie-a-kinto-26-27-il-calendario-completo-l84-roma-la-prima-diretta-sky-castiglia-il-futsal-al-centro-della-casa-dello-sport\/#article\",\"isPartOf\":{\"@id\":\"https:\/\/punto5.it\/news\/20-08-2026\/serie-a\/242731\/serie-a-kinto-26-27-il-calendario-completo-l84-roma-la-prima-diretta-sky-castiglia-il-futsal-al-centro-della-casa-dello-sport\/\"},\"author\":{\"name\":\"comunicato stampa\",\"@id\":\"https:\/\/punto5.it\/news\/#\/schema\/person\/6b1092945321c99a2b936c656a25b924\"},\"headline\":\"Serie A KINTO 26\/27: il calendario completo. L84-Roma la prima diretta Sky, Castiglia: \u201cIl futsal al centro della casa dello sport\u201d\",\"datePublished\":\"2026-08-20T14:51:12+00:00\",\"dateModified\":\"2026-08-20T14:51:16+00:00\",\"mainEntityOfPage\":{\"@id\":\"https:\/\/punto5.it\/news\/20-08-2026\/serie-a\/242731\/serie-a-kinto-26-27-il-calendario-completo-l84-roma-la-prima-diretta-sky-castiglia-il-futsal-al-centro-della-casa-dello-sport\/\"},\"wordCount\":390,\"commentCount\":0,\"publisher\":{\"@id\":\"https:\/\/punto5.it\/news\/#organization\"},\"image\":{\"@id\":\"https:\/\/punto5.it\/news\/20-08-2026\/serie-a\/242731\/serie-a-kinto-26-27-il-calendario-completo-l84-roma-la-prima-diretta-sky-castiglia-il-futsal-al-centro-della-casa-dello-sport\/#primaryimage\"},\"thumbnailUrl\":\"https:\/\/punto5.it\/news\/wp-content\/uploads\/2026\/08\/Calendario-Serie-A.jpeg\",\"keywords\":[\"prima\"],\"articleSection\":[\"Serie A\"],\"inLanguage\":\"it-IT\",\"potentialAction\":[{\"@type\":\"CommentAction\",\"name\":\"Comment\",\"target\":[\"https:\/\/punto5.it\/news\/20-08-2026\/serie-a\/242731\/serie-a-kinto-26-27-il-calendario-completo-l84-roma-la-prima-diretta-sky-castiglia-il-futsal-al-centro-della-casa-dello-sport\/#respond\"]}]},{\"@type\":\"WebPage\",\"@id\":\"https:\/\/punto5.it\/news\/20-08-2026\/serie-a\/242731\/serie-a-kinto-26-27-il-calendario-completo-l84-roma-la-prima-diretta-sky-castiglia-il-futsal-al-centro-della-casa-dello-sport\/\",\"url\":\"https:\/\/punto5.it\/news\/20-08-2026\/serie-a\/242731\/serie-a-kinto-26-27-il-calendario-completo-l84-roma-la-prima-diretta-sky-castiglia-il-futsal-al-centro-della-casa-dello-sport\/\",\"name\":\"Serie A KINTO 26\/27: il calendario completo. L84-Roma la prima diretta Sky, Castiglia: \u201cIl futsal al centro della casa dello sport\u201d - Punto5.it\",\"isPartOf\":{\"@id\":\"https:\/\/punto5.it\/news\/#website\"},\"primaryImageOfPage\":{\"@id\":\"https:\/\/punto5.it\/news\/20-08-2026\/serie-a\/242731\/serie-a-kinto-26-27-il-calendario-completo-l84-roma-la-prima-diretta-sky-castiglia-il-futsal-al-centro-della-casa-dello-sport\/#primaryimage\"},\"image\":{\"@id\":\"https:\/\/punto5.it\/news\/20-08-2026\/serie-a\/242731\/serie-a-kinto-26-27-il-calendario-completo-l84-roma-la-prima-diretta-sky-castiglia-il-futsal-al-centro-della-casa-dello-sport\/#primaryimage\"},\"thumbnailUrl\":\"https:\/\/punto5.it\/news\/wp-content\/uploads\/2026\/08\/Calendario-Serie-A.jpeg\",\"datePublished\":\"2026-08-20T14:51:12+00:00\",\"dateModified\":\"2026-08-20T14:51:16+00:00\",\"breadcrumb\":{\"@id\":\"https:\/\/punto5.it\/news\/20-08-2026\/serie-a\/242731\/serie-a-kinto-26-27-il-calendario-completo-l84-roma-la-prima-diretta-sky-castiglia-il-futsal-al-centro-della-casa-dello-sport\/#breadcrumb\"},\"inLanguage\":\"it-IT\",\"potentialAction\":[{\"@type\":\"ReadAction\",\"target\":[\"https:\/\/punto5.it\/news\/20-08-2026\/serie-a\/242731\/serie-a-kinto-26-27-il-calendario-completo-l84-roma-la-prima-diretta-sky-castiglia-il-futsal-al-centro-della-casa-dello-sport\/\"]}]},{\"@type\":\"ImageObject\",\"inLanguage\":\"it-IT\",\"@id\":\"https:\/\/punto5.it\/news\/20-08-2026\/serie-a\/242731\/serie-a-kinto-26-27-il-calendario-completo-l84-roma-la-prima-diretta-sky-castiglia-il-futsal-al-centro-della-casa-dello-sport\/#primaryimage\",\"url\":\"https:\/\/punto5.it\/news\/wp-content\/uploads\/2026\/08\/Calendario-Serie-A.jpeg\",\"contentUrl\":\"https:\/\/punto5.it\/news\/wp-content\/uploads\/2026\/08\/Calendario-Serie-A.jpeg\",\"width\":1600,\"height\":1200},{\"@type\":\"BreadcrumbList\",\"@id\":\"https:\/\/punto5.it\/news\/20-08-2026\/serie-a\/242731\/serie-a-kinto-26-27-il-calendario-completo-l84-roma-la-prima-diretta-sky-castiglia-il-futsal-al-centro-della-casa-dello-sport\/#breadcrumb\",\"itemListElement\":[{\"@type\":\"ListItem\",\"position\":1,\"name\":\"Home\",\"item\":\"https:\/\/punto5.it\/news\/\"},{\"@type\":\"ListItem\",\"position\":2,\"name\":\"Serie A KINTO 26\/27: il calendario completo. L84-Roma la prima diretta Sky, Castiglia: \u201cIl futsal al centro della casa dello sport\u201d\"}]},{\"@type\":\"WebSite\",\"@id\":\"https:\/\/punto5.it\/news\/#website\",\"url\":\"https:\/\/punto5.it\/news\/\",\"name\":\"Punto5.it\",\"description\":\"La tua risorsa gratuita sul calcio a 5 in Campania.\",\"publisher\":{\"@id\":\"https:\/\/punto5.it\/news\/#organization\"},\"potentialAction\":[{\"@type\":\"SearchAction\",\"target\":{\"@type\":\"EntryPoint\",\"urlTemplate\":\"https:\/\/punto5.it\/news\/?s={search_term_string}\"},\"query-input\":{\"@type\":\"PropertyValueSpecification\",\"valueRequired\":true,\"valueName\":\"search_term_string\"}}],\"inLanguage\":\"it-IT\"},{\"@type\":\"Organization\",\"@id\":\"https:\/\/punto5.it\/news\/#organization\",\"name\":\"Punto5\",\"url\":\"https:\/\/punto5.it\/news\/\",\"logo\":{\"@type\":\"ImageObject\",\"inLanguage\":\"it-IT\",\"@id\":\"https:\/\/punto5.it\/news\/#\/schema\/logo\/image\/\",\"url\":\"https:\/\/punto5.it\/news\/wp-content\/uploads\/2024\/12\/fbp5.png\",\"contentUrl\":\"https:\/\/punto5.it\/news\/wp-content\/uploads\/2024\/12\/fbp5.png\",\"width\":500,\"height\":500,\"caption\":\"Punto5\"},\"image\":{\"@id\":\"https:\/\/punto5.it\/news\/#\/schema\/logo\/image\/\"},\"sameAs\":[\"https:\/\/www.facebook.com\/punto5.it\/\"]},{\"@type\":\"Person\",\"@id\":\"https:\/\/punto5.it\/news\/#\/schema\/person\/6b1092945321c99a2b936c656a25b924\",\"name\":\"comunicato stampa\",\"image\":{\"@type\":\"ImageObject\",\"inLanguage\":\"it-IT\",\"@id\":\"https:\/\/punto5.it\/news\/#\/schema\/person\/image\/\",\"url\":\"https:\/\/secure.gravatar.com\/avatar\/ffa8e990fc05bef01150cb4b849246a414f038e016c198603051dee57bf3bf53?s=96&d=mm&r=g\",\"contentUrl\":\"https:\/\/secure.gravatar.com\/avatar\/ffa8e990fc05bef01150cb4b849246a414f038e016c198603051dee57bf3bf53?s=96&d=mm&r=g\",\"caption\":\"comunicato stampa\"},\"sameAs\":[\"http:\/\/www.punto5.it\"],\"url\":\"https:\/\/punto5.it\/news\/author\/comunicato-stampa\/\"}]}<\/script>\n<!-- \/ Yoast SEO plugin. -->","yoast_head_json":{"title":"Serie A KINTO 26\/27: il calendario completo. L84-Roma la prima diretta Sky, Castiglia: \u201cIl futsal al centro della casa dello sport\u201d - Punto5.it","robots":{"index":"index","follow":"follow","max-snippet":"max-snippet:-1","max-image-preview":"max-image-preview:large","max-video-preview":"max-video-preview:-1"},"canonical":"https:\/\/punto5.it\/news\/20-08-2026\/serie-a\/242731\/serie-a-kinto-26-27-il-calendario-completo-l84-roma-la-prima-diretta-sky-castiglia-il-futsal-al-centro-della-casa-dello-sport\/","og_locale":"it_IT","og_type":"article","og_title":"Serie A KINTO 26\/27: il calendario completo. L84-Roma la prima diretta Sky, Castiglia: \u201cIl futsal al centro della casa dello sport\u201d - Punto5.it","og_description":"La regular season della&nbsp;43esima edizione della Serie A KINTO, che scatter\u00e0 il prossimo&nbsp;19 settembre, \u00e8 realt\u00e0: \u00e8 stato svelato in diretta a Milano negli studi di&nbsp;Sky Sport 24, alla presenza del&nbsp;Presidente della Divisione Calcio a 5 Stefano Castiglia, il&nbsp;calendario completo&nbsp;della categoria regina del futsal italiano, segnando l\u2019occasione per l\u2019annuncio della prosecuzione e del rilancio della [&hellip;]","og_url":"https:\/\/punto5.it\/news\/20-08-2026\/serie-a\/242731\/serie-a-kinto-26-27-il-calendario-completo-l84-roma-la-prima-diretta-sky-castiglia-il-futsal-al-centro-della-casa-dello-sport\/","og_site_name":"Punto5.it","article_publisher":"https:\/\/www.facebook.com\/punto5.it\/","article_published_time":"2026-08-20T14:51:12+00:00","article_modified_time":"2026-08-20T14:51:16+00:00","og_image":[{"width":1600,"height":1200,"url":"https:\/\/punto5.it\/news\/wp-content\/uploads\/2026\/08\/Calendario-Serie-A.jpeg","type":"image\/jpeg"}],"author":"comunicato stampa","twitter_misc":{"Scritto da":"comunicato stampa","Tempo di lettura stimato":"3 minuti"},"schema":{"@context":"https:\/\/schema.org","@graph":[{"@type":"Article","@id":"https:\/\/punto5.it\/news\/20-08-2026\/serie-a\/242731\/serie-a-kinto-26-27-il-calendario-completo-l84-roma-la-prima-diretta-sky-castiglia-il-futsal-al-centro-della-casa-dello-sport\/#article","isPartOf":{"@id":"https:\/\/punto5.it\/news\/20-08-2026\/serie-a\/242731\/serie-a-kinto-26-27-il-calendario-completo-l84-roma-la-prima-diretta-sky-castiglia-il-futsal-al-centro-della-casa-dello-sport\/"},"author":{"name":"comunicato stampa","@id":"https:\/\/punto5.it\/news\/#\/schema\/person\/6b1092945321c99a2b936c656a25b924"},"headline":"Serie A KINTO 26\/27: il calendario completo. L84-Roma la prima diretta Sky, Castiglia: \u201cIl futsal al centro della casa dello sport\u201d","datePublished":"2026-08-20T14:51:12+00:00","dateModified":"2026-08-20T14:51:16+00:00","mainEntityOfPage":{"@id":"https:\/\/punto5.it\/news\/20-08-2026\/serie-a\/242731\/serie-a-kinto-26-27-il-calendario-completo-l84-roma-la-prima-diretta-sky-castiglia-il-futsal-al-centro-della-casa-dello-sport\/"},"wordCount":390,"commentCount":0,"publisher":{"@id":"https:\/\/punto5.it\/news\/#organization"},"image":{"@id":"https:\/\/punto5.it\/news\/20-08-2026\/serie-a\/242731\/serie-a-kinto-26-27-il-calendario-completo-l84-roma-la-prima-diretta-sky-castiglia-il-futsal-al-centro-della-casa-dello-sport\/#primaryimage"},"thumbnailUrl":"https:\/\/punto5.it\/news\/wp-content\/uploads\/2026\/08\/Calendario-Serie-A.jpeg","keywords":["prima"],"articleSection":["Serie A"],"inLanguage":"it-IT","potentialAction":[{"@type":"CommentAction","name":"Comment","target":["https:\/\/punto5.it\/news\/20-08-2026\/serie-a\/242731\/serie-a-kinto-26-27-il-calendario-completo-l84-roma-la-prima-diretta-sky-castiglia-il-futsal-al-centro-della-casa-dello-sport\/#respond"]}]},{"@type":"WebPage","@id":"https:\/\/punto5.it\/news\/20-08-2026\/serie-a\/242731\/serie-a-kinto-26-27-il-calendario-completo-l84-roma-la-prima-diretta-sky-castiglia-il-futsal-al-centro-della-casa-dello-sport\/","url":"https:\/\/punto5.it\/news\/20-08-2026\/serie-a\/242731\/serie-a-kinto-26-27-il-calendario-completo-l84-roma-la-prima-diretta-sky-castiglia-il-futsal-al-centro-della-casa-dello-sport\/","name":"Serie A KINTO 26\/27: il calendario completo. L84-Roma la prima diretta Sky, Castiglia: \u201cIl futsal al centro della casa dello sport\u201d - Punto5.it","isPartOf":{"@id":"https:\/\/punto5.it\/news\/#website"},"primaryImageOfPage":{"@id":"https:\/\/punto5.it\/news\/20-08-2026\/serie-a\/242731\/serie-a-kinto-26-27-il-calendario-completo-l84-roma-la-prima-diretta-sky-castiglia-il-futsal-al-centro-della-casa-dello-sport\/#primaryimage"},"image":{"@id":"https:\/\/punto5.it\/news\/20-08-2026\/serie-a\/242731\/serie-a-kinto-26-27-il-calendario-completo-l84-roma-la-prima-diretta-sky-castiglia-il-futsal-al-centro-della-casa-dello-sport\/#primaryimage"},"thumbnailUrl":"https:\/\/punto5.it\/news\/wp-content\/uploads\/2026\/08\/Calendario-Serie-A.jpeg","datePublished":"2026-08-20T14:51:12+00:00","dateModified":"2026-08-20T14:51:16+00:00","breadcrumb":{"@id":"https:\/\/punto5.it\/news\/20-08-2026\/serie-a\/242731\/serie-a-kinto-26-27-il-calendario-completo-l84-roma-la-prima-diretta-sky-castiglia-il-futsal-al-centro-della-casa-dello-sport\/#breadcrumb"},"inLanguage":"it-IT","potentialAction":[{"@type":"ReadAction","target":["https:\/\/punto5.it\/news\/20-08-2026\/serie-a\/242731\/serie-a-kinto-26-27-il-calendario-completo-l84-roma-la-prima-diretta-sky-castiglia-il-futsal-al-centro-della-casa-dello-sport\/"]}]},{"@type":"ImageObject","inLanguage":"it-IT","@id":"https:\/\/punto5.it\/news\/20-08-2026\/serie-a\/242731\/serie-a-kinto-26-27-il-calendario-completo-l84-roma-la-prima-diretta-sky-castiglia-il-futsal-al-centro-della-casa-dello-sport\/#primaryimage","url":"https:\/\/punto5.it\/news\/wp-content\/uploads\/2026\/08\/Calendario-Serie-A.jpeg","contentUrl":"https:\/\/punto5.it\/news\/wp-content\/uploads\/2026\/08\/Calendario-Serie-A.jpeg","width":1600,"height":1200},{"@type":"BreadcrumbList","@id":"https:\/\/punto5.it\/news\/20-08-2026\/serie-a\/242731\/serie-a-kinto-26-27-il-calendario-completo-l84-roma-la-prima-diretta-sky-castiglia-il-futsal-al-centro-della-casa-dello-sport\/#breadcrumb","itemListElement":[{"@type":"ListItem","position":1,"name":"Home","item":"https:\/\/punto5.it\/news\/"},{"@type":"ListItem","position":2,"name":"Serie A KINTO 26\/27: il calendario completo. L84-Roma la prima diretta Sky, Castiglia: \u201cIl futsal al centro della casa dello sport\u201d"}]},{"@type":"WebSite","@id":"https:\/\/punto5.it\/news\/#website","url":"https:\/\/punto5.it\/news\/","name":"Punto5.it","description":"La tua risorsa gratuita sul calcio a 5 in Campania.","publisher":{"@id":"https:\/\/punto5.it\/news\/#organization"},"potentialAction":[{"@type":"SearchAction","target":{"@type":"EntryPoint","urlTemplate":"https:\/\/punto5.it\/news\/?s={search_term_string}"},"query-input":{"@type":"PropertyValueSpecification","valueRequired":true,"valueName":"search_term_string"}}],"inLanguage":"it-IT"},{"@type":"Organization","@id":"https:\/\/punto5.it\/news\/#organization","name":"Punto5","url":"https:\/\/punto5.it\/news\/","logo":{"@type":"ImageObject","inLanguage":"it-IT","@id":"https:\/\/punto5.it\/news\/#\/schema\/logo\/image\/","url":"https:\/\/punto5.it\/news\/wp-content\/uploads\/2024\/12\/fbp5.png","contentUrl":"https:\/\/punto5.it\/news\/wp-content\/uploads\/2024\/12\/fbp5.png","width":500,"height":500,"caption":"Punto5"},"image":{"@id":"https:\/\/punto5.it\/news\/#\/schema\/logo\/image\/"},"sameAs":["https:\/\/www.facebook.com\/punto5.it\/"]},{"@type":"Person","@id":"https:\/\/punto5.it\/news\/#\/schema\/person\/6b1092945321c99a2b936c656a25b924","name":"comunicato stampa","image":{"@type":"ImageObject","inLanguage":"it-IT","@id":"https:\/\/punto5.it\/news\/#\/schema\/person\/image\/","url":"https:\/\/secure.gravatar.com\/avatar\/ffa8e990fc05bef01150cb4b849246a414f038e016c198603051dee57bf3bf53?s=96&d=mm&r=g","contentUrl":"https:\/\/secure.gravatar.com\/avatar\/ffa8e990fc05bef01150cb4b849246a414f038e016c198603051dee57bf3bf53?s=96&d=mm&r=g","caption":"comunicato stampa"},"sameAs":["http:\/\/www.punto5.it"],"url":"https:\/\/punto5.it\/news\/author\/comunicato-stampa\/"}]}},"_links":{"self":[{"href":"https:\/\/punto5.it\/news\/wp-json\/wp\/v2\/posts\/242731","targetHints":{"allow":["GET"]}}],"collection":[{"href":"https:\/\/punto5.it\/news\/wp-json\/wp\/v2\/posts"}],"about":[{"href":"https:\/\/punto5.it\/news\/wp-json\/wp\/v2\/types\/post"}],"author":[{"embeddable":true,"href":"https:\/\/punto5.it\/news\/wp-json\/wp\/v2\/users\/5"}],"replies":[{"embeddable":true,"href":"https:\/\/punto5.it\/news\/wp-json\/wp\/v2\/comments?post=242731"}],"version-history":[{"count":1,"href":"https:\/\/punto5.it\/news\/wp-json\/wp\/v2\/posts\/242731\/revisions"}],"predecessor-version":[{"id":242733,"href":"https:\/\/punto5.it\/news\/wp-json\/wp\/v2\/posts\/242731\/revisions\/242733"}],"wp:featuredmedia":[{"embeddable":true,"href":"https:\/\/punto5.it\/news\/wp-json\/wp\/v2\/media\/242732"}],"wp:attachment":[{"href":"https:\/\/punto5.it\/news\/wp-json\/wp\/v2\/media?parent=242731"}],"wp:term":[{"taxonomy":"category","embeddable":true,"href":"https:\/\/punto5.it\/news\/wp-json\/wp\/v2\/categories?post=242731"},{"taxonomy":"post_tag","embeddable":true,"href":"https:\/\/punto5.it\/news\/wp-json\/wp\/v2\/tags?post=242731"}],"curies":[{"name":"wp","href":"https:\/\/api.w.org\/{rel}","templated":true}]}}