{"id":242751,"date":"2026-08-24T09:45:29","date_gmt":"2026-08-24T07:45:29","guid":{"rendered":"https:\/\/punto5.it\/news\/?p=242751"},"modified":"2026-08-24T09:45:32","modified_gmt":"2026-08-24T07:45:32","slug":"benevento-i-primi-test-al-palatedeschi-con-chaminade-e-gagliole","status":"publish","type":"post","link":"https:\/\/punto5.it\/news\/24-08-2026\/serie-a\/242751\/benevento-i-primi-test-al-palatedeschi-con-chaminade-e-gagliole\/","title":{"rendered":"Benevento, i primi test al Palatedeschi con Chaminade e Gagliole"},"content":{"rendered":"\n<p>La preparazione del Benevento entra nel vivo con tre importanti appuntamenti che accompagneranno la squadra verso l\u2019inizio della nuova stagione.<\/p>\n\n\n\n<p>Il primo test \u00e8 in programma <strong>venerd\u00ec 28 agosto<\/strong> al <strong>PalaTedeschi<\/strong>, dove si disputer\u00e0 un triangolare che vedr\u00e0 protagoniste anche <strong>Chaminade<\/strong> e <strong>Gagliole<\/strong>. Un\u2019occasione utile per mettere minuti nelle gambe e verificare sul campo il lavoro svolto durante le prime settimane.<\/p>\n\n\n\n<p>Il livello si alzer\u00e0 ulteriormente il <strong>4 e 5 settembre<\/strong> con il quadrangolare <strong>\u201cCitt\u00e0 di Napoli\u201d<\/strong>, in programma al <strong>PalaVesuvio<\/strong>. Un appuntamento di prestigio che vedr\u00e0 la partecipazione del <strong>Napoli<\/strong>, della <strong>Feldi Eboli<\/strong> e della formazione croata della <strong>Dinamo Zagabria<\/strong>, offrendo un banco di prova particolarmente interessante in vista degli impegni ufficiali.<\/p>\n\n\n\n<p>Il percorso di avvicinamento alla stagione proseguir\u00e0 poi <strong>sabato 12 settembre<\/strong> con l\u2019amichevole in trasferta contro il <strong>CUS Molise<\/strong>. Un altro test importante per affinare condizione, automatismi e intesa del gruppo.<\/p>\n\n\n\n<p>Tre tappe, dunque, distribuite nell\u2019arco di poco pi\u00f9 di due settimane, attraverso le quali la squadra potr\u00e0 aumentare progressivamente ritmo e intensit\u00e0 e arrivare nelle migliori condizioni possibili all\u2019inizio delle gare ufficiali.<\/p>\n","protected":false},"excerpt":{"rendered":"<p>La preparazione del Benevento entra nel vivo con tre importanti appuntamenti che accompagneranno la squadra verso l\u2019inizio della nuova stagione. Il primo test \u00e8 in programma venerd\u00ec 28 agosto al PalaTedeschi, dove si disputer\u00e0 un triangolare che vedr\u00e0 protagoniste anche Chaminade e Gagliole. Un\u2019occasione utile per mettere minuti nelle gambe e verificare sul campo il [&hellip;]<\/p>\n","protected":false},"author":9,"featured_media":242752,"comment_status":"open","ping_status":"open","sticky":false,"template":"","format":"standard","meta":{"jnews-multi-image_gallery":[],"jnews_single_post":{"format":"standard"},"jnews_primary_category":[],"jnews_social_meta":[],"jnews_override_counter":[],"footnotes":""},"categories":[11],"tags":[1515],"class_list":["post-242751","post","type-post","status-publish","format-standard","has-post-thumbnail","hentry","category-serie-a","tag-prima"],"yoast_head":"<!-- This site is optimized with the Yoast SEO plugin v24.5 - https:\/\/yoast.com\/wordpress\/plugins\/seo\/ -->\n<title>Benevento, i primi test al Palatedeschi con Chaminade e Gagliole - Punto5.it<\/title>\n<meta name=\"robots\" content=\"index, follow, max-snippet:-1, max-image-preview:large, max-video-preview:-1\" \/>\n<link rel=\"canonical\" href=\"https:\/\/punto5.it\/news\/24-08-2026\/serie-a\/242751\/benevento-i-primi-test-al-palatedeschi-con-chaminade-e-gagliole\/\" \/>\n<meta property=\"og:locale\" content=\"it_IT\" \/>\n<meta property=\"og:type\" content=\"article\" \/>\n<meta property=\"og:title\" content=\"Benevento, i primi test al Palatedeschi con Chaminade e Gagliole - Punto5.it\" \/>\n<meta property=\"og:description\" content=\"La preparazione del Benevento entra nel vivo con tre importanti appuntamenti che accompagneranno la squadra verso l\u2019inizio della nuova stagione. Il primo test \u00e8 in programma venerd\u00ec 28 agosto al PalaTedeschi, dove si disputer\u00e0 un triangolare che vedr\u00e0 protagoniste anche Chaminade e Gagliole. Un\u2019occasione utile per mettere minuti nelle gambe e verificare sul campo il [&hellip;]\" \/>\n<meta property=\"og:url\" content=\"https:\/\/punto5.it\/news\/24-08-2026\/serie-a\/242751\/benevento-i-primi-test-al-palatedeschi-con-chaminade-e-gagliole\/\" \/>\n<meta property=\"og:site_name\" content=\"Punto5.it\" \/>\n<meta property=\"article:publisher\" content=\"https:\/\/www.facebook.com\/punto5.it\/\" \/>\n<meta property=\"article:published_time\" content=\"2026-08-24T07:45:29+00:00\" \/>\n<meta property=\"article:modified_time\" content=\"2026-08-24T07:45:32+00:00\" \/>\n<meta property=\"og:image\" content=\"https:\/\/punto5.it\/news\/wp-content\/uploads\/2026\/08\/bene-.jpg\" \/>\n\t<meta property=\"og:image:width\" content=\"2252\" \/>\n\t<meta property=\"og:image:height\" content=\"1506\" \/>\n\t<meta property=\"og:image:type\" content=\"image\/jpeg\" \/>\n<meta name=\"author\" content=\"Redazione Punto 5\" \/>\n<meta name=\"twitter:label1\" content=\"Scritto da\" \/>\n\t<meta name=\"twitter:data1\" content=\"Redazione Punto 5\" \/>\n\t<meta name=\"twitter:label2\" content=\"Tempo di lettura stimato\" \/>\n\t<meta name=\"twitter:data2\" content=\"2 minuti\" \/>\n<script type=\"application\/ld+json\" class=\"yoast-schema-graph\">{\"@context\":\"https:\/\/schema.org\",\"@graph\":[{\"@type\":\"Article\",\"@id\":\"https:\/\/punto5.it\/news\/24-08-2026\/serie-a\/242751\/benevento-i-primi-test-al-palatedeschi-con-chaminade-e-gagliole\/#article\",\"isPartOf\":{\"@id\":\"https:\/\/punto5.it\/news\/24-08-2026\/serie-a\/242751\/benevento-i-primi-test-al-palatedeschi-con-chaminade-e-gagliole\/\"},\"author\":{\"name\":\"Redazione Punto 5\",\"@id\":\"https:\/\/punto5.it\/news\/#\/schema\/person\/f43571c649bda323e609b937e7220560\"},\"headline\":\"Benevento, i primi test al Palatedeschi con Chaminade e Gagliole\",\"datePublished\":\"2026-08-24T07:45:29+00:00\",\"dateModified\":\"2026-08-24T07:45:32+00:00\",\"mainEntityOfPage\":{\"@id\":\"https:\/\/punto5.it\/news\/24-08-2026\/serie-a\/242751\/benevento-i-primi-test-al-palatedeschi-con-chaminade-e-gagliole\/\"},\"wordCount\":186,\"commentCount\":0,\"publisher\":{\"@id\":\"https:\/\/punto5.it\/news\/#organization\"},\"image\":{\"@id\":\"https:\/\/punto5.it\/news\/24-08-2026\/serie-a\/242751\/benevento-i-primi-test-al-palatedeschi-con-chaminade-e-gagliole\/#primaryimage\"},\"thumbnailUrl\":\"https:\/\/punto5.it\/news\/wp-content\/uploads\/2026\/08\/bene-.jpg\",\"keywords\":[\"prima\"],\"articleSection\":[\"Serie A\"],\"inLanguage\":\"it-IT\",\"potentialAction\":[{\"@type\":\"CommentAction\",\"name\":\"Comment\",\"target\":[\"https:\/\/punto5.it\/news\/24-08-2026\/serie-a\/242751\/benevento-i-primi-test-al-palatedeschi-con-chaminade-e-gagliole\/#respond\"]}]},{\"@type\":\"WebPage\",\"@id\":\"https:\/\/punto5.it\/news\/24-08-2026\/serie-a\/242751\/benevento-i-primi-test-al-palatedeschi-con-chaminade-e-gagliole\/\",\"url\":\"https:\/\/punto5.it\/news\/24-08-2026\/serie-a\/242751\/benevento-i-primi-test-al-palatedeschi-con-chaminade-e-gagliole\/\",\"name\":\"Benevento, i primi test al Palatedeschi con Chaminade e Gagliole - Punto5.it\",\"isPartOf\":{\"@id\":\"https:\/\/punto5.it\/news\/#website\"},\"primaryImageOfPage\":{\"@id\":\"https:\/\/punto5.it\/news\/24-08-2026\/serie-a\/242751\/benevento-i-primi-test-al-palatedeschi-con-chaminade-e-gagliole\/#primaryimage\"},\"image\":{\"@id\":\"https:\/\/punto5.it\/news\/24-08-2026\/serie-a\/242751\/benevento-i-primi-test-al-palatedeschi-con-chaminade-e-gagliole\/#primaryimage\"},\"thumbnailUrl\":\"https:\/\/punto5.it\/news\/wp-content\/uploads\/2026\/08\/bene-.jpg\",\"datePublished\":\"2026-08-24T07:45:29+00:00\",\"dateModified\":\"2026-08-24T07:45:32+00:00\",\"breadcrumb\":{\"@id\":\"https:\/\/punto5.it\/news\/24-08-2026\/serie-a\/242751\/benevento-i-primi-test-al-palatedeschi-con-chaminade-e-gagliole\/#breadcrumb\"},\"inLanguage\":\"it-IT\",\"potentialAction\":[{\"@type\":\"ReadAction\",\"target\":[\"https:\/\/punto5.it\/news\/24-08-2026\/serie-a\/242751\/benevento-i-primi-test-al-palatedeschi-con-chaminade-e-gagliole\/\"]}]},{\"@type\":\"ImageObject\",\"inLanguage\":\"it-IT\",\"@id\":\"https:\/\/punto5.it\/news\/24-08-2026\/serie-a\/242751\/benevento-i-primi-test-al-palatedeschi-con-chaminade-e-gagliole\/#primaryimage\",\"url\":\"https:\/\/punto5.it\/news\/wp-content\/uploads\/2026\/08\/bene-.jpg\",\"contentUrl\":\"https:\/\/punto5.it\/news\/wp-content\/uploads\/2026\/08\/bene-.jpg\",\"width\":2252,\"height\":1506},{\"@type\":\"BreadcrumbList\",\"@id\":\"https:\/\/punto5.it\/news\/24-08-2026\/serie-a\/242751\/benevento-i-primi-test-al-palatedeschi-con-chaminade-e-gagliole\/#breadcrumb\",\"itemListElement\":[{\"@type\":\"ListItem\",\"position\":1,\"name\":\"Home\",\"item\":\"https:\/\/punto5.it\/news\/\"},{\"@type\":\"ListItem\",\"position\":2,\"name\":\"Benevento, i primi test al Palatedeschi con Chaminade e Gagliole\"}]},{\"@type\":\"WebSite\",\"@id\":\"https:\/\/punto5.it\/news\/#website\",\"url\":\"https:\/\/punto5.it\/news\/\",\"name\":\"Punto5.it\",\"description\":\"La tua risorsa gratuita sul calcio a 5 in Campania.\",\"publisher\":{\"@id\":\"https:\/\/punto5.it\/news\/#organization\"},\"potentialAction\":[{\"@type\":\"SearchAction\",\"target\":{\"@type\":\"EntryPoint\",\"urlTemplate\":\"https:\/\/punto5.it\/news\/?s={search_term_string}\"},\"query-input\":{\"@type\":\"PropertyValueSpecification\",\"valueRequired\":true,\"valueName\":\"search_term_string\"}}],\"inLanguage\":\"it-IT\"},{\"@type\":\"Organization\",\"@id\":\"https:\/\/punto5.it\/news\/#organization\",\"name\":\"Punto5\",\"url\":\"https:\/\/punto5.it\/news\/\",\"logo\":{\"@type\":\"ImageObject\",\"inLanguage\":\"it-IT\",\"@id\":\"https:\/\/punto5.it\/news\/#\/schema\/logo\/image\/\",\"url\":\"https:\/\/punto5.it\/news\/wp-content\/uploads\/2024\/12\/fbp5.png\",\"contentUrl\":\"https:\/\/punto5.it\/news\/wp-content\/uploads\/2024\/12\/fbp5.png\",\"width\":500,\"height\":500,\"caption\":\"Punto5\"},\"image\":{\"@id\":\"https:\/\/punto5.it\/news\/#\/schema\/logo\/image\/\"},\"sameAs\":[\"https:\/\/www.facebook.com\/punto5.it\/\"]},{\"@type\":\"Person\",\"@id\":\"https:\/\/punto5.it\/news\/#\/schema\/person\/f43571c649bda323e609b937e7220560\",\"name\":\"Redazione Punto 5\",\"image\":{\"@type\":\"ImageObject\",\"inLanguage\":\"it-IT\",\"@id\":\"https:\/\/punto5.it\/news\/#\/schema\/person\/image\/\",\"url\":\"https:\/\/secure.gravatar.com\/avatar\/423ce27dd258b3600399bf17a7454eeea31cf273646f568d4382fd2c4db91e5e?s=96&d=mm&r=g\",\"contentUrl\":\"https:\/\/secure.gravatar.com\/avatar\/423ce27dd258b3600399bf17a7454eeea31cf273646f568d4382fd2c4db91e5e?s=96&d=mm&r=g\",\"caption\":\"Redazione Punto 5\"},\"sameAs\":[\"http:\/\/www.punto5.it\"],\"url\":\"https:\/\/punto5.it\/news\/author\/redazione-punto-5\/\"}]}<\/script>\n<!-- \/ Yoast SEO plugin. -->","yoast_head_json":{"title":"Benevento, i primi test al Palatedeschi con Chaminade e Gagliole - Punto5.it","robots":{"index":"index","follow":"follow","max-snippet":"max-snippet:-1","max-image-preview":"max-image-preview:large","max-video-preview":"max-video-preview:-1"},"canonical":"https:\/\/punto5.it\/news\/24-08-2026\/serie-a\/242751\/benevento-i-primi-test-al-palatedeschi-con-chaminade-e-gagliole\/","og_locale":"it_IT","og_type":"article","og_title":"Benevento, i primi test al Palatedeschi con Chaminade e Gagliole - Punto5.it","og_description":"La preparazione del Benevento entra nel vivo con tre importanti appuntamenti che accompagneranno la squadra verso l\u2019inizio della nuova stagione. Il primo test \u00e8 in programma venerd\u00ec 28 agosto al PalaTedeschi, dove si disputer\u00e0 un triangolare che vedr\u00e0 protagoniste anche Chaminade e Gagliole. Un\u2019occasione utile per mettere minuti nelle gambe e verificare sul campo il [&hellip;]","og_url":"https:\/\/punto5.it\/news\/24-08-2026\/serie-a\/242751\/benevento-i-primi-test-al-palatedeschi-con-chaminade-e-gagliole\/","og_site_name":"Punto5.it","article_publisher":"https:\/\/www.facebook.com\/punto5.it\/","article_published_time":"2026-08-24T07:45:29+00:00","article_modified_time":"2026-08-24T07:45:32+00:00","og_image":[{"width":2252,"height":1506,"url":"https:\/\/punto5.it\/news\/wp-content\/uploads\/2026\/08\/bene-.jpg","type":"image\/jpeg"}],"author":"Redazione Punto 5","twitter_misc":{"Scritto da":"Redazione Punto 5","Tempo di lettura stimato":"2 minuti"},"schema":{"@context":"https:\/\/schema.org","@graph":[{"@type":"Article","@id":"https:\/\/punto5.it\/news\/24-08-2026\/serie-a\/242751\/benevento-i-primi-test-al-palatedeschi-con-chaminade-e-gagliole\/#article","isPartOf":{"@id":"https:\/\/punto5.it\/news\/24-08-2026\/serie-a\/242751\/benevento-i-primi-test-al-palatedeschi-con-chaminade-e-gagliole\/"},"author":{"name":"Redazione Punto 5","@id":"https:\/\/punto5.it\/news\/#\/schema\/person\/f43571c649bda323e609b937e7220560"},"headline":"Benevento, i primi test al Palatedeschi con Chaminade e Gagliole","datePublished":"2026-08-24T07:45:29+00:00","dateModified":"2026-08-24T07:45:32+00:00","mainEntityOfPage":{"@id":"https:\/\/punto5.it\/news\/24-08-2026\/serie-a\/242751\/benevento-i-primi-test-al-palatedeschi-con-chaminade-e-gagliole\/"},"wordCount":186,"commentCount":0,"publisher":{"@id":"https:\/\/punto5.it\/news\/#organization"},"image":{"@id":"https:\/\/punto5.it\/news\/24-08-2026\/serie-a\/242751\/benevento-i-primi-test-al-palatedeschi-con-chaminade-e-gagliole\/#primaryimage"},"thumbnailUrl":"https:\/\/punto5.it\/news\/wp-content\/uploads\/2026\/08\/bene-.jpg","keywords":["prima"],"articleSection":["Serie A"],"inLanguage":"it-IT","potentialAction":[{"@type":"CommentAction","name":"Comment","target":["https:\/\/punto5.it\/news\/24-08-2026\/serie-a\/242751\/benevento-i-primi-test-al-palatedeschi-con-chaminade-e-gagliole\/#respond"]}]},{"@type":"WebPage","@id":"https:\/\/punto5.it\/news\/24-08-2026\/serie-a\/242751\/benevento-i-primi-test-al-palatedeschi-con-chaminade-e-gagliole\/","url":"https:\/\/punto5.it\/news\/24-08-2026\/serie-a\/242751\/benevento-i-primi-test-al-palatedeschi-con-chaminade-e-gagliole\/","name":"Benevento, i primi test al Palatedeschi con Chaminade e Gagliole - Punto5.it","isPartOf":{"@id":"https:\/\/punto5.it\/news\/#website"},"primaryImageOfPage":{"@id":"https:\/\/punto5.it\/news\/24-08-2026\/serie-a\/242751\/benevento-i-primi-test-al-palatedeschi-con-chaminade-e-gagliole\/#primaryimage"},"image":{"@id":"https:\/\/punto5.it\/news\/24-08-2026\/serie-a\/242751\/benevento-i-primi-test-al-palatedeschi-con-chaminade-e-gagliole\/#primaryimage"},"thumbnailUrl":"https:\/\/punto5.it\/news\/wp-content\/uploads\/2026\/08\/bene-.jpg","datePublished":"2026-08-24T07:45:29+00:00","dateModified":"2026-08-24T07:45:32+00:00","breadcrumb":{"@id":"https:\/\/punto5.it\/news\/24-08-2026\/serie-a\/242751\/benevento-i-primi-test-al-palatedeschi-con-chaminade-e-gagliole\/#breadcrumb"},"inLanguage":"it-IT","potentialAction":[{"@type":"ReadAction","target":["https:\/\/punto5.it\/news\/24-08-2026\/serie-a\/242751\/benevento-i-primi-test-al-palatedeschi-con-chaminade-e-gagliole\/"]}]},{"@type":"ImageObject","inLanguage":"it-IT","@id":"https:\/\/punto5.it\/news\/24-08-2026\/serie-a\/242751\/benevento-i-primi-test-al-palatedeschi-con-chaminade-e-gagliole\/#primaryimage","url":"https:\/\/punto5.it\/news\/wp-content\/uploads\/2026\/08\/bene-.jpg","contentUrl":"https:\/\/punto5.it\/news\/wp-content\/uploads\/2026\/08\/bene-.jpg","width":2252,"height":1506},{"@type":"BreadcrumbList","@id":"https:\/\/punto5.it\/news\/24-08-2026\/serie-a\/242751\/benevento-i-primi-test-al-palatedeschi-con-chaminade-e-gagliole\/#breadcrumb","itemListElement":[{"@type":"ListItem","position":1,"name":"Home","item":"https:\/\/punto5.it\/news\/"},{"@type":"ListItem","position":2,"name":"Benevento, i primi test al Palatedeschi con Chaminade e Gagliole"}]},{"@type":"WebSite","@id":"https:\/\/punto5.it\/news\/#website","url":"https:\/\/punto5.it\/news\/","name":"Punto5.it","description":"La tua risorsa gratuita sul calcio a 5 in Campania.","publisher":{"@id":"https:\/\/punto5.it\/news\/#organization"},"potentialAction":[{"@type":"SearchAction","target":{"@type":"EntryPoint","urlTemplate":"https:\/\/punto5.it\/news\/?s={search_term_string}"},"query-input":{"@type":"PropertyValueSpecification","valueRequired":true,"valueName":"search_term_string"}}],"inLanguage":"it-IT"},{"@type":"Organization","@id":"https:\/\/punto5.it\/news\/#organization","name":"Punto5","url":"https:\/\/punto5.it\/news\/","logo":{"@type":"ImageObject","inLanguage":"it-IT","@id":"https:\/\/punto5.it\/news\/#\/schema\/logo\/image\/","url":"https:\/\/punto5.it\/news\/wp-content\/uploads\/2024\/12\/fbp5.png","contentUrl":"https:\/\/punto5.it\/news\/wp-content\/uploads\/2024\/12\/fbp5.png","width":500,"height":500,"caption":"Punto5"},"image":{"@id":"https:\/\/punto5.it\/news\/#\/schema\/logo\/image\/"},"sameAs":["https:\/\/www.facebook.com\/punto5.it\/"]},{"@type":"Person","@id":"https:\/\/punto5.it\/news\/#\/schema\/person\/f43571c649bda323e609b937e7220560","name":"Redazione Punto 5","image":{"@type":"ImageObject","inLanguage":"it-IT","@id":"https:\/\/punto5.it\/news\/#\/schema\/person\/image\/","url":"https:\/\/secure.gravatar.com\/avatar\/423ce27dd258b3600399bf17a7454eeea31cf273646f568d4382fd2c4db91e5e?s=96&d=mm&r=g","contentUrl":"https:\/\/secure.gravatar.com\/avatar\/423ce27dd258b3600399bf17a7454eeea31cf273646f568d4382fd2c4db91e5e?s=96&d=mm&r=g","caption":"Redazione Punto 5"},"sameAs":["http:\/\/www.punto5.it"],"url":"https:\/\/punto5.it\/news\/author\/redazione-punto-5\/"}]}},"_links":{"self":[{"href":"https:\/\/punto5.it\/news\/wp-json\/wp\/v2\/posts\/242751","targetHints":{"allow":["GET"]}}],"collection":[{"href":"https:\/\/punto5.it\/news\/wp-json\/wp\/v2\/posts"}],"about":[{"href":"https:\/\/punto5.it\/news\/wp-json\/wp\/v2\/types\/post"}],"author":[{"embeddable":true,"href":"https:\/\/punto5.it\/news\/wp-json\/wp\/v2\/users\/9"}],"replies":[{"embeddable":true,"href":"https:\/\/punto5.it\/news\/wp-json\/wp\/v2\/comments?post=242751"}],"version-history":[{"count":1,"href":"https:\/\/punto5.it\/news\/wp-json\/wp\/v2\/posts\/242751\/revisions"}],"predecessor-version":[{"id":242753,"href":"https:\/\/punto5.it\/news\/wp-json\/wp\/v2\/posts\/242751\/revisions\/242753"}],"wp:featuredmedia":[{"embeddable":true,"href":"https:\/\/punto5.it\/news\/wp-json\/wp\/v2\/media\/242752"}],"wp:attachment":[{"href":"https:\/\/punto5.it\/news\/wp-json\/wp\/v2\/media?parent=242751"}],"wp:term":[{"taxonomy":"category","embeddable":true,"href":"https:\/\/punto5.it\/news\/wp-json\/wp\/v2\/categories?post=242751"},{"taxonomy":"post_tag","embeddable":true,"href":"https:\/\/punto5.it\/news\/wp-json\/wp\/v2\/tags?post=242751"}],"curies":[{"name":"wp","href":"https:\/\/api.w.org\/{rel}","templated":true}]}}