{"id":242783,"date":"2026-08-24T20:07:48","date_gmt":"2026-08-24T18:07:48","guid":{"rendered":"https:\/\/punto5.it\/news\/?p=242783"},"modified":"2026-08-24T20:07:51","modified_gmt":"2026-08-24T18:07:51","slug":"cicalesi-bove-rassegna-le-dimissioni-da-direttore-generale-portero-con-me-ogni-traguardo-raggiunto","status":"publish","type":"post","link":"https:\/\/punto5.it\/news\/24-08-2026\/serie-c1\/242783\/cicalesi-bove-rassegna-le-dimissioni-da-direttore-generale-portero-con-me-ogni-traguardo-raggiunto\/","title":{"rendered":"Cicalesi, Bove rassegna le dimissioni da direttore generale: &#8220;Porter\u00f2 con me ogni traguardo raggiunto&#8221;"},"content":{"rendered":"\n<p>Fabio Bove lascia la dirigenza del Cicalesi. Il digg\u00ec biancorosso ha rassegnato le dimissioni dopo quattro annate con il club nocerino, come scritto sul proprio profilo Facebook.<\/p>\n\n\n\n<p><em>&#8220;Dopo quattro anni vissuti con passione, impegno e dedizione, ho deciso di rassegnare le mie dimissioni da Direttore Generale.<br>Non \u00e8 facile lasciare una realt\u00e0 che \u00e8 stata, a tutti gli effetti, una vera famiglia <\/em>&#8211; si legge -.<em> Questa scelta nasce da motivi personali e viene affrontata con la serenit\u00e0 di chi sa di aver dato tutto se stesso per questo progetto. \u00c8 stato un onore, porter\u00f2 con me ogni soddisfazione condivisa lungo il percorso. Ora, per\u00f2, \u00e8 giunto il momento di fare un passo indietro. In bocca al lupo ai miei amici soci, allo staff e a tutta la squadra che sar\u00e0 per sempre un pezzo di me<\/em>&#8220;.<\/p>\n\n\n\n<p><\/p>\n","protected":false},"excerpt":{"rendered":"<p>Fabio Bove lascia la dirigenza del Cicalesi. Il digg\u00ec biancorosso ha rassegnato le dimissioni dopo quattro annate con il club nocerino, come scritto sul proprio profilo Facebook. &#8220;Dopo quattro anni vissuti con passione, impegno e dedizione, ho deciso di rassegnare le mie dimissioni da Direttore Generale.Non \u00e8 facile lasciare una realt\u00e0 che \u00e8 stata, a [&hellip;]<\/p>\n","protected":false},"author":9,"featured_media":242784,"comment_status":"open","ping_status":"open","sticky":false,"template":"","format":"standard","meta":{"jnews-multi-image_gallery":[],"jnews_single_post":{"format":"standard"},"jnews_primary_category":[],"jnews_social_meta":[],"jnews_override_counter":[],"footnotes":""},"categories":[14],"tags":[1515],"class_list":["post-242783","post","type-post","status-publish","format-standard","has-post-thumbnail","hentry","category-serie-c1","tag-prima"],"yoast_head":"<!-- This site is optimized with the Yoast SEO plugin v24.5 - https:\/\/yoast.com\/wordpress\/plugins\/seo\/ -->\n<title>Cicalesi, Bove rassegna le dimissioni da direttore generale: &quot;Porter\u00f2 con me ogni traguardo raggiunto&quot; - Punto5.it<\/title>\n<meta name=\"robots\" content=\"index, follow, max-snippet:-1, max-image-preview:large, max-video-preview:-1\" \/>\n<link rel=\"canonical\" href=\"https:\/\/punto5.it\/news\/24-08-2026\/serie-c1\/242783\/cicalesi-bove-rassegna-le-dimissioni-da-direttore-generale-portero-con-me-ogni-traguardo-raggiunto\/\" \/>\n<meta property=\"og:locale\" content=\"it_IT\" \/>\n<meta property=\"og:type\" content=\"article\" \/>\n<meta property=\"og:title\" content=\"Cicalesi, Bove rassegna le dimissioni da direttore generale: &quot;Porter\u00f2 con me ogni traguardo raggiunto&quot; - Punto5.it\" \/>\n<meta property=\"og:description\" content=\"Fabio Bove lascia la dirigenza del Cicalesi. Il digg\u00ec biancorosso ha rassegnato le dimissioni dopo quattro annate con il club nocerino, come scritto sul proprio profilo Facebook. &#8220;Dopo quattro anni vissuti con passione, impegno e dedizione, ho deciso di rassegnare le mie dimissioni da Direttore Generale.Non \u00e8 facile lasciare una realt\u00e0 che \u00e8 stata, a [&hellip;]\" \/>\n<meta property=\"og:url\" content=\"https:\/\/punto5.it\/news\/24-08-2026\/serie-c1\/242783\/cicalesi-bove-rassegna-le-dimissioni-da-direttore-generale-portero-con-me-ogni-traguardo-raggiunto\/\" \/>\n<meta property=\"og:site_name\" content=\"Punto5.it\" \/>\n<meta property=\"article:publisher\" content=\"https:\/\/www.facebook.com\/punto5.it\/\" \/>\n<meta property=\"article:published_time\" content=\"2026-08-24T18:07:48+00:00\" \/>\n<meta property=\"article:modified_time\" content=\"2026-08-24T18:07:51+00:00\" \/>\n<meta property=\"og:image\" content=\"https:\/\/punto5.it\/news\/wp-content\/uploads\/2026\/08\/Fabio-Bove.jpg\" \/>\n\t<meta property=\"og:image:width\" content=\"754\" \/>\n\t<meta property=\"og:image:height\" content=\"424\" \/>\n\t<meta property=\"og:image:type\" content=\"image\/jpeg\" \/>\n<meta name=\"author\" content=\"Redazione Punto 5\" \/>\n<meta name=\"twitter:label1\" content=\"Scritto da\" \/>\n\t<meta name=\"twitter:data1\" content=\"Redazione Punto 5\" \/>\n\t<meta name=\"twitter:label2\" content=\"Tempo di lettura stimato\" \/>\n\t<meta name=\"twitter:data2\" content=\"1 minuto\" \/>\n<script type=\"application\/ld+json\" class=\"yoast-schema-graph\">{\"@context\":\"https:\/\/schema.org\",\"@graph\":[{\"@type\":\"Article\",\"@id\":\"https:\/\/punto5.it\/news\/24-08-2026\/serie-c1\/242783\/cicalesi-bove-rassegna-le-dimissioni-da-direttore-generale-portero-con-me-ogni-traguardo-raggiunto\/#article\",\"isPartOf\":{\"@id\":\"https:\/\/punto5.it\/news\/24-08-2026\/serie-c1\/242783\/cicalesi-bove-rassegna-le-dimissioni-da-direttore-generale-portero-con-me-ogni-traguardo-raggiunto\/\"},\"author\":{\"name\":\"Redazione Punto 5\",\"@id\":\"https:\/\/punto5.it\/news\/#\/schema\/person\/f43571c649bda323e609b937e7220560\"},\"headline\":\"Cicalesi, Bove rassegna le dimissioni da direttore generale: &#8220;Porter\u00f2 con me ogni traguardo raggiunto&#8221;\",\"datePublished\":\"2026-08-24T18:07:48+00:00\",\"dateModified\":\"2026-08-24T18:07:51+00:00\",\"mainEntityOfPage\":{\"@id\":\"https:\/\/punto5.it\/news\/24-08-2026\/serie-c1\/242783\/cicalesi-bove-rassegna-le-dimissioni-da-direttore-generale-portero-con-me-ogni-traguardo-raggiunto\/\"},\"wordCount\":147,\"commentCount\":0,\"publisher\":{\"@id\":\"https:\/\/punto5.it\/news\/#organization\"},\"image\":{\"@id\":\"https:\/\/punto5.it\/news\/24-08-2026\/serie-c1\/242783\/cicalesi-bove-rassegna-le-dimissioni-da-direttore-generale-portero-con-me-ogni-traguardo-raggiunto\/#primaryimage\"},\"thumbnailUrl\":\"https:\/\/punto5.it\/news\/wp-content\/uploads\/2026\/08\/Fabio-Bove.jpg\",\"keywords\":[\"prima\"],\"articleSection\":[\"Serie C1\"],\"inLanguage\":\"it-IT\",\"potentialAction\":[{\"@type\":\"CommentAction\",\"name\":\"Comment\",\"target\":[\"https:\/\/punto5.it\/news\/24-08-2026\/serie-c1\/242783\/cicalesi-bove-rassegna-le-dimissioni-da-direttore-generale-portero-con-me-ogni-traguardo-raggiunto\/#respond\"]}]},{\"@type\":\"WebPage\",\"@id\":\"https:\/\/punto5.it\/news\/24-08-2026\/serie-c1\/242783\/cicalesi-bove-rassegna-le-dimissioni-da-direttore-generale-portero-con-me-ogni-traguardo-raggiunto\/\",\"url\":\"https:\/\/punto5.it\/news\/24-08-2026\/serie-c1\/242783\/cicalesi-bove-rassegna-le-dimissioni-da-direttore-generale-portero-con-me-ogni-traguardo-raggiunto\/\",\"name\":\"Cicalesi, Bove rassegna le dimissioni da direttore generale: \\\"Porter\u00f2 con me ogni traguardo raggiunto\\\" - Punto5.it\",\"isPartOf\":{\"@id\":\"https:\/\/punto5.it\/news\/#website\"},\"primaryImageOfPage\":{\"@id\":\"https:\/\/punto5.it\/news\/24-08-2026\/serie-c1\/242783\/cicalesi-bove-rassegna-le-dimissioni-da-direttore-generale-portero-con-me-ogni-traguardo-raggiunto\/#primaryimage\"},\"image\":{\"@id\":\"https:\/\/punto5.it\/news\/24-08-2026\/serie-c1\/242783\/cicalesi-bove-rassegna-le-dimissioni-da-direttore-generale-portero-con-me-ogni-traguardo-raggiunto\/#primaryimage\"},\"thumbnailUrl\":\"https:\/\/punto5.it\/news\/wp-content\/uploads\/2026\/08\/Fabio-Bove.jpg\",\"datePublished\":\"2026-08-24T18:07:48+00:00\",\"dateModified\":\"2026-08-24T18:07:51+00:00\",\"breadcrumb\":{\"@id\":\"https:\/\/punto5.it\/news\/24-08-2026\/serie-c1\/242783\/cicalesi-bove-rassegna-le-dimissioni-da-direttore-generale-portero-con-me-ogni-traguardo-raggiunto\/#breadcrumb\"},\"inLanguage\":\"it-IT\",\"potentialAction\":[{\"@type\":\"ReadAction\",\"target\":[\"https:\/\/punto5.it\/news\/24-08-2026\/serie-c1\/242783\/cicalesi-bove-rassegna-le-dimissioni-da-direttore-generale-portero-con-me-ogni-traguardo-raggiunto\/\"]}]},{\"@type\":\"ImageObject\",\"inLanguage\":\"it-IT\",\"@id\":\"https:\/\/punto5.it\/news\/24-08-2026\/serie-c1\/242783\/cicalesi-bove-rassegna-le-dimissioni-da-direttore-generale-portero-con-me-ogni-traguardo-raggiunto\/#primaryimage\",\"url\":\"https:\/\/punto5.it\/news\/wp-content\/uploads\/2026\/08\/Fabio-Bove.jpg\",\"contentUrl\":\"https:\/\/punto5.it\/news\/wp-content\/uploads\/2026\/08\/Fabio-Bove.jpg\",\"width\":754,\"height\":424},{\"@type\":\"BreadcrumbList\",\"@id\":\"https:\/\/punto5.it\/news\/24-08-2026\/serie-c1\/242783\/cicalesi-bove-rassegna-le-dimissioni-da-direttore-generale-portero-con-me-ogni-traguardo-raggiunto\/#breadcrumb\",\"itemListElement\":[{\"@type\":\"ListItem\",\"position\":1,\"name\":\"Home\",\"item\":\"https:\/\/punto5.it\/news\/\"},{\"@type\":\"ListItem\",\"position\":2,\"name\":\"Cicalesi, Bove rassegna le dimissioni da direttore generale: &#8220;Porter\u00f2 con me ogni traguardo raggiunto&#8221;\"}]},{\"@type\":\"WebSite\",\"@id\":\"https:\/\/punto5.it\/news\/#website\",\"url\":\"https:\/\/punto5.it\/news\/\",\"name\":\"Punto5.it\",\"description\":\"La tua risorsa gratuita sul calcio a 5 in Campania.\",\"publisher\":{\"@id\":\"https:\/\/punto5.it\/news\/#organization\"},\"potentialAction\":[{\"@type\":\"SearchAction\",\"target\":{\"@type\":\"EntryPoint\",\"urlTemplate\":\"https:\/\/punto5.it\/news\/?s={search_term_string}\"},\"query-input\":{\"@type\":\"PropertyValueSpecification\",\"valueRequired\":true,\"valueName\":\"search_term_string\"}}],\"inLanguage\":\"it-IT\"},{\"@type\":\"Organization\",\"@id\":\"https:\/\/punto5.it\/news\/#organization\",\"name\":\"Punto5\",\"url\":\"https:\/\/punto5.it\/news\/\",\"logo\":{\"@type\":\"ImageObject\",\"inLanguage\":\"it-IT\",\"@id\":\"https:\/\/punto5.it\/news\/#\/schema\/logo\/image\/\",\"url\":\"https:\/\/punto5.it\/news\/wp-content\/uploads\/2024\/12\/fbp5.png\",\"contentUrl\":\"https:\/\/punto5.it\/news\/wp-content\/uploads\/2024\/12\/fbp5.png\",\"width\":500,\"height\":500,\"caption\":\"Punto5\"},\"image\":{\"@id\":\"https:\/\/punto5.it\/news\/#\/schema\/logo\/image\/\"},\"sameAs\":[\"https:\/\/www.facebook.com\/punto5.it\/\"]},{\"@type\":\"Person\",\"@id\":\"https:\/\/punto5.it\/news\/#\/schema\/person\/f43571c649bda323e609b937e7220560\",\"name\":\"Redazione Punto 5\",\"image\":{\"@type\":\"ImageObject\",\"inLanguage\":\"it-IT\",\"@id\":\"https:\/\/punto5.it\/news\/#\/schema\/person\/image\/\",\"url\":\"https:\/\/secure.gravatar.com\/avatar\/423ce27dd258b3600399bf17a7454eeea31cf273646f568d4382fd2c4db91e5e?s=96&d=mm&r=g\",\"contentUrl\":\"https:\/\/secure.gravatar.com\/avatar\/423ce27dd258b3600399bf17a7454eeea31cf273646f568d4382fd2c4db91e5e?s=96&d=mm&r=g\",\"caption\":\"Redazione Punto 5\"},\"sameAs\":[\"http:\/\/www.punto5.it\"],\"url\":\"https:\/\/punto5.it\/news\/author\/redazione-punto-5\/\"}]}<\/script>\n<!-- \/ Yoast SEO plugin. -->","yoast_head_json":{"title":"Cicalesi, Bove rassegna le dimissioni da direttore generale: \"Porter\u00f2 con me ogni traguardo raggiunto\" - Punto5.it","robots":{"index":"index","follow":"follow","max-snippet":"max-snippet:-1","max-image-preview":"max-image-preview:large","max-video-preview":"max-video-preview:-1"},"canonical":"https:\/\/punto5.it\/news\/24-08-2026\/serie-c1\/242783\/cicalesi-bove-rassegna-le-dimissioni-da-direttore-generale-portero-con-me-ogni-traguardo-raggiunto\/","og_locale":"it_IT","og_type":"article","og_title":"Cicalesi, Bove rassegna le dimissioni da direttore generale: \"Porter\u00f2 con me ogni traguardo raggiunto\" - Punto5.it","og_description":"Fabio Bove lascia la dirigenza del Cicalesi. Il digg\u00ec biancorosso ha rassegnato le dimissioni dopo quattro annate con il club nocerino, come scritto sul proprio profilo Facebook. &#8220;Dopo quattro anni vissuti con passione, impegno e dedizione, ho deciso di rassegnare le mie dimissioni da Direttore Generale.Non \u00e8 facile lasciare una realt\u00e0 che \u00e8 stata, a [&hellip;]","og_url":"https:\/\/punto5.it\/news\/24-08-2026\/serie-c1\/242783\/cicalesi-bove-rassegna-le-dimissioni-da-direttore-generale-portero-con-me-ogni-traguardo-raggiunto\/","og_site_name":"Punto5.it","article_publisher":"https:\/\/www.facebook.com\/punto5.it\/","article_published_time":"2026-08-24T18:07:48+00:00","article_modified_time":"2026-08-24T18:07:51+00:00","og_image":[{"width":754,"height":424,"url":"https:\/\/punto5.it\/news\/wp-content\/uploads\/2026\/08\/Fabio-Bove.jpg","type":"image\/jpeg"}],"author":"Redazione Punto 5","twitter_misc":{"Scritto da":"Redazione Punto 5","Tempo di lettura stimato":"1 minuto"},"schema":{"@context":"https:\/\/schema.org","@graph":[{"@type":"Article","@id":"https:\/\/punto5.it\/news\/24-08-2026\/serie-c1\/242783\/cicalesi-bove-rassegna-le-dimissioni-da-direttore-generale-portero-con-me-ogni-traguardo-raggiunto\/#article","isPartOf":{"@id":"https:\/\/punto5.it\/news\/24-08-2026\/serie-c1\/242783\/cicalesi-bove-rassegna-le-dimissioni-da-direttore-generale-portero-con-me-ogni-traguardo-raggiunto\/"},"author":{"name":"Redazione Punto 5","@id":"https:\/\/punto5.it\/news\/#\/schema\/person\/f43571c649bda323e609b937e7220560"},"headline":"Cicalesi, Bove rassegna le dimissioni da direttore generale: &#8220;Porter\u00f2 con me ogni traguardo raggiunto&#8221;","datePublished":"2026-08-24T18:07:48+00:00","dateModified":"2026-08-24T18:07:51+00:00","mainEntityOfPage":{"@id":"https:\/\/punto5.it\/news\/24-08-2026\/serie-c1\/242783\/cicalesi-bove-rassegna-le-dimissioni-da-direttore-generale-portero-con-me-ogni-traguardo-raggiunto\/"},"wordCount":147,"commentCount":0,"publisher":{"@id":"https:\/\/punto5.it\/news\/#organization"},"image":{"@id":"https:\/\/punto5.it\/news\/24-08-2026\/serie-c1\/242783\/cicalesi-bove-rassegna-le-dimissioni-da-direttore-generale-portero-con-me-ogni-traguardo-raggiunto\/#primaryimage"},"thumbnailUrl":"https:\/\/punto5.it\/news\/wp-content\/uploads\/2026\/08\/Fabio-Bove.jpg","keywords":["prima"],"articleSection":["Serie C1"],"inLanguage":"it-IT","potentialAction":[{"@type":"CommentAction","name":"Comment","target":["https:\/\/punto5.it\/news\/24-08-2026\/serie-c1\/242783\/cicalesi-bove-rassegna-le-dimissioni-da-direttore-generale-portero-con-me-ogni-traguardo-raggiunto\/#respond"]}]},{"@type":"WebPage","@id":"https:\/\/punto5.it\/news\/24-08-2026\/serie-c1\/242783\/cicalesi-bove-rassegna-le-dimissioni-da-direttore-generale-portero-con-me-ogni-traguardo-raggiunto\/","url":"https:\/\/punto5.it\/news\/24-08-2026\/serie-c1\/242783\/cicalesi-bove-rassegna-le-dimissioni-da-direttore-generale-portero-con-me-ogni-traguardo-raggiunto\/","name":"Cicalesi, Bove rassegna le dimissioni da direttore generale: \"Porter\u00f2 con me ogni traguardo raggiunto\" - Punto5.it","isPartOf":{"@id":"https:\/\/punto5.it\/news\/#website"},"primaryImageOfPage":{"@id":"https:\/\/punto5.it\/news\/24-08-2026\/serie-c1\/242783\/cicalesi-bove-rassegna-le-dimissioni-da-direttore-generale-portero-con-me-ogni-traguardo-raggiunto\/#primaryimage"},"image":{"@id":"https:\/\/punto5.it\/news\/24-08-2026\/serie-c1\/242783\/cicalesi-bove-rassegna-le-dimissioni-da-direttore-generale-portero-con-me-ogni-traguardo-raggiunto\/#primaryimage"},"thumbnailUrl":"https:\/\/punto5.it\/news\/wp-content\/uploads\/2026\/08\/Fabio-Bove.jpg","datePublished":"2026-08-24T18:07:48+00:00","dateModified":"2026-08-24T18:07:51+00:00","breadcrumb":{"@id":"https:\/\/punto5.it\/news\/24-08-2026\/serie-c1\/242783\/cicalesi-bove-rassegna-le-dimissioni-da-direttore-generale-portero-con-me-ogni-traguardo-raggiunto\/#breadcrumb"},"inLanguage":"it-IT","potentialAction":[{"@type":"ReadAction","target":["https:\/\/punto5.it\/news\/24-08-2026\/serie-c1\/242783\/cicalesi-bove-rassegna-le-dimissioni-da-direttore-generale-portero-con-me-ogni-traguardo-raggiunto\/"]}]},{"@type":"ImageObject","inLanguage":"it-IT","@id":"https:\/\/punto5.it\/news\/24-08-2026\/serie-c1\/242783\/cicalesi-bove-rassegna-le-dimissioni-da-direttore-generale-portero-con-me-ogni-traguardo-raggiunto\/#primaryimage","url":"https:\/\/punto5.it\/news\/wp-content\/uploads\/2026\/08\/Fabio-Bove.jpg","contentUrl":"https:\/\/punto5.it\/news\/wp-content\/uploads\/2026\/08\/Fabio-Bove.jpg","width":754,"height":424},{"@type":"BreadcrumbList","@id":"https:\/\/punto5.it\/news\/24-08-2026\/serie-c1\/242783\/cicalesi-bove-rassegna-le-dimissioni-da-direttore-generale-portero-con-me-ogni-traguardo-raggiunto\/#breadcrumb","itemListElement":[{"@type":"ListItem","position":1,"name":"Home","item":"https:\/\/punto5.it\/news\/"},{"@type":"ListItem","position":2,"name":"Cicalesi, Bove rassegna le dimissioni da direttore generale: &#8220;Porter\u00f2 con me ogni traguardo raggiunto&#8221;"}]},{"@type":"WebSite","@id":"https:\/\/punto5.it\/news\/#website","url":"https:\/\/punto5.it\/news\/","name":"Punto5.it","description":"La tua risorsa gratuita sul calcio a 5 in Campania.","publisher":{"@id":"https:\/\/punto5.it\/news\/#organization"},"potentialAction":[{"@type":"SearchAction","target":{"@type":"EntryPoint","urlTemplate":"https:\/\/punto5.it\/news\/?s={search_term_string}"},"query-input":{"@type":"PropertyValueSpecification","valueRequired":true,"valueName":"search_term_string"}}],"inLanguage":"it-IT"},{"@type":"Organization","@id":"https:\/\/punto5.it\/news\/#organization","name":"Punto5","url":"https:\/\/punto5.it\/news\/","logo":{"@type":"ImageObject","inLanguage":"it-IT","@id":"https:\/\/punto5.it\/news\/#\/schema\/logo\/image\/","url":"https:\/\/punto5.it\/news\/wp-content\/uploads\/2024\/12\/fbp5.png","contentUrl":"https:\/\/punto5.it\/news\/wp-content\/uploads\/2024\/12\/fbp5.png","width":500,"height":500,"caption":"Punto5"},"image":{"@id":"https:\/\/punto5.it\/news\/#\/schema\/logo\/image\/"},"sameAs":["https:\/\/www.facebook.com\/punto5.it\/"]},{"@type":"Person","@id":"https:\/\/punto5.it\/news\/#\/schema\/person\/f43571c649bda323e609b937e7220560","name":"Redazione Punto 5","image":{"@type":"ImageObject","inLanguage":"it-IT","@id":"https:\/\/punto5.it\/news\/#\/schema\/person\/image\/","url":"https:\/\/secure.gravatar.com\/avatar\/423ce27dd258b3600399bf17a7454eeea31cf273646f568d4382fd2c4db91e5e?s=96&d=mm&r=g","contentUrl":"https:\/\/secure.gravatar.com\/avatar\/423ce27dd258b3600399bf17a7454eeea31cf273646f568d4382fd2c4db91e5e?s=96&d=mm&r=g","caption":"Redazione Punto 5"},"sameAs":["http:\/\/www.punto5.it"],"url":"https:\/\/punto5.it\/news\/author\/redazione-punto-5\/"}]}},"_links":{"self":[{"href":"https:\/\/punto5.it\/news\/wp-json\/wp\/v2\/posts\/242783","targetHints":{"allow":["GET"]}}],"collection":[{"href":"https:\/\/punto5.it\/news\/wp-json\/wp\/v2\/posts"}],"about":[{"href":"https:\/\/punto5.it\/news\/wp-json\/wp\/v2\/types\/post"}],"author":[{"embeddable":true,"href":"https:\/\/punto5.it\/news\/wp-json\/wp\/v2\/users\/9"}],"replies":[{"embeddable":true,"href":"https:\/\/punto5.it\/news\/wp-json\/wp\/v2\/comments?post=242783"}],"version-history":[{"count":1,"href":"https:\/\/punto5.it\/news\/wp-json\/wp\/v2\/posts\/242783\/revisions"}],"predecessor-version":[{"id":242785,"href":"https:\/\/punto5.it\/news\/wp-json\/wp\/v2\/posts\/242783\/revisions\/242785"}],"wp:featuredmedia":[{"embeddable":true,"href":"https:\/\/punto5.it\/news\/wp-json\/wp\/v2\/media\/242784"}],"wp:attachment":[{"href":"https:\/\/punto5.it\/news\/wp-json\/wp\/v2\/media?parent=242783"}],"wp:term":[{"taxonomy":"category","embeddable":true,"href":"https:\/\/punto5.it\/news\/wp-json\/wp\/v2\/categories?post=242783"},{"taxonomy":"post_tag","embeddable":true,"href":"https:\/\/punto5.it\/news\/wp-json\/wp\/v2\/tags?post=242783"}],"curies":[{"name":"wp","href":"https:\/\/api.w.org\/{rel}","templated":true}]}}