{"id":242794,"date":"2026-08-26T10:48:08","date_gmt":"2026-08-26T08:48:08","guid":{"rendered":"https:\/\/punto5.it\/news\/?p=242794"},"modified":"2026-08-26T10:48:11","modified_gmt":"2026-08-26T08:48:11","slug":"gli-auguri-del-presidente-lnd-abete-per-la-nuova-stagione-sportiva","status":"publish","type":"post","link":"https:\/\/punto5.it\/news\/26-08-2026\/varie\/242794\/gli-auguri-del-presidente-lnd-abete-per-la-nuova-stagione-sportiva\/","title":{"rendered":"Gli auguri del presidente Lnd Abete per la nuova stagione sportiva"},"content":{"rendered":"\n<p>La stagione che ci attende si inserisce in una fase di cambiamento che richiede capacit\u00e0 di confronto. Restano aperti temi di particolare rilevanza per il futuro delle nostre Societ\u00e0: dall\u2019auspicata revisione della disciplina sul vincolo sportivo alla rivisitazione del sistema delle premialit\u00e0, fino alla necessit\u00e0 di assicurare risorse adeguate all\u2019attivit\u00e0 dilettantistica di base, che costituisce il pilastro per la crescita dell\u2019intero movimento. Su questi temi, la Lega Nazionale Dilettanti continuer\u00e0 a confrontarsi con la Federazione e con le Istituzioni, nella convinzione che il dialogo e l\u2019azione sinergica possano consentire di fare massa critica per i futuri percorsi da intraprendere.<\/p>\n\n\n\n<p>A tal proposito, considero particolarmente significativo l\u2019incontro avuto con il nuovo Presidente federale, Giovanni Malag\u00f2, in occasione di una delle ultime riunioni del Consiglio Direttivo di Lega. La sua presenza ha testimoniato attenzione verso le esigenze del nostro mondo, con l\u2019intento di tracciare insieme le linee guida di un percorso condiviso per le sfide che ci attendono, non in ultimo la formazione degli atleti e la qualificazione dei tecnici quali fattore chiave per restituire competitivit\u00e0 a tutto il sistema calcistico.<\/p>\n\n\n\n<p>??In questa prospettiva, la LND continuer\u00e0 a impegnarsi perch\u00e9 i giovani trovino sempre pi\u00f9 spazio per crescere all\u2019interno dei propri campionati e attraverso l\u2019attivit\u00e0 delle Rappresentative Regionali e Nazionali. I numeri, del resto, non sono casuali e confermano il valore di questo lavoro: la Serie D, per fare un esempio, si conferma un\u2019autentica palestra formativa collocandosi per un soffio \u2013 appena lo 0,2% \u2013 al secondo posto tra i campionati con la media et\u00e0 pi\u00f9 bassa subito dietro la C, pur rappresentando ben il 61% dei tesserati totali dalla Serie A alla D.&nbsp;?<\/p>\n\n\n\n<p>Nella primavera 2027 torner\u00e0, inoltre, il consueto e atteso appuntamento con il Torneo delle Regioni: la manifestazione per il calcio a 11 si svolger\u00e0 in Sardegna, mentre quella dedicata al futsal avr\u00e0 luogo nelle Marche. Un momento di festa che coinvolger\u00e0 migliaia di giovani atleti, tecnici e dirigenti, esprimendo al meglio i valori del confronto e della crescita umana, prima ancora che sportiva, che caratterizzano la vocazione della nostra rete associativa.<\/p>\n\n\n\n<p>Proseguir\u00e0, al tempo stesso, l\u2019attivit\u00e0 della Lega nello sviluppo delle tante progettualit\u00e0, orientate \u2013 tra le altre \u2013 all\u2019area sociale, all\u2019interazione e al consolidamento di quanto da tempo avviato, nonch\u00e9 alla qualit\u00e0 dei servizi in favore delle Societ\u00e0 e al costante supporto gi\u00e0 assicurato dai Comitati, dalla Divisione Calcio a Cinque, dai Dipartimenti, la cui presenza costituisce un elemento sostanziale per il funzionamento dell\u2019intera struttura a livello nazionale e territoriale.<\/p>\n\n\n\n<p>Accanto agli aspetti agonistici e organizzativi, richiamo l\u2019attenzione e l\u2019impegno di tutti sul tema del rispetto delle regole e della dimensione sportiva, che deve rappresentare un principio irrinunciabile anche nello svolgimento dei Campionati e nell\u2019adozione di comportamenti idonei nei confronti di chi \u2013 come la classe arbitrale \u2013 svolge un servizio essenziale nell\u2019ambito delle competizioni e merita sostegno e rispetto da parte di tutti: dirigenti, atleti, tecnici e famiglie.<\/p>\n\n\n\n<p>??A tutti voi \u2013 oltre all\u2019augurio per una stagione intensa e ricca di soddisfazioni \u2013 va il mio ringraziamento per il lavoro che svolgete ogni giorno.<\/p>\n\n\n\n<p><strong>Giancarlo Abete<br><\/strong><strong>Presidente Lega Nazionale Dilettanti<\/strong><\/p>\n","protected":false},"excerpt":{"rendered":"<p>La stagione che ci attende si inserisce in una fase di cambiamento che richiede capacit\u00e0 di confronto. Restano aperti temi di particolare rilevanza per il futuro delle nostre Societ\u00e0: dall\u2019auspicata revisione della disciplina sul vincolo sportivo alla rivisitazione del sistema delle premialit\u00e0, fino alla necessit\u00e0 di assicurare risorse adeguate all\u2019attivit\u00e0 dilettantistica di base, che costituisce [&hellip;]<\/p>\n","protected":false},"author":9,"featured_media":242795,"comment_status":"open","ping_status":"open","sticky":false,"template":"","format":"standard","meta":{"jnews-multi-image_gallery":[],"jnews_single_post":{"format":"standard"},"jnews_primary_category":[],"jnews_social_meta":[],"jnews_override_counter":[],"footnotes":""},"categories":[304],"tags":[],"class_list":["post-242794","post","type-post","status-publish","format-standard","has-post-thumbnail","hentry","category-varie"],"yoast_head":"<!-- This site is optimized with the Yoast SEO plugin v24.5 - https:\/\/yoast.com\/wordpress\/plugins\/seo\/ -->\n<title>Gli auguri del presidente Lnd Abete per la nuova stagione sportiva - Punto5.it<\/title>\n<meta name=\"robots\" content=\"index, follow, max-snippet:-1, max-image-preview:large, max-video-preview:-1\" \/>\n<link rel=\"canonical\" href=\"https:\/\/punto5.it\/news\/26-08-2026\/varie\/242794\/gli-auguri-del-presidente-lnd-abete-per-la-nuova-stagione-sportiva\/\" \/>\n<meta property=\"og:locale\" content=\"it_IT\" \/>\n<meta property=\"og:type\" content=\"article\" \/>\n<meta property=\"og:title\" content=\"Gli auguri del presidente Lnd Abete per la nuova stagione sportiva - Punto5.it\" \/>\n<meta property=\"og:description\" content=\"La stagione che ci attende si inserisce in una fase di cambiamento che richiede capacit\u00e0 di confronto. Restano aperti temi di particolare rilevanza per il futuro delle nostre Societ\u00e0: dall\u2019auspicata revisione della disciplina sul vincolo sportivo alla rivisitazione del sistema delle premialit\u00e0, fino alla necessit\u00e0 di assicurare risorse adeguate all\u2019attivit\u00e0 dilettantistica di base, che costituisce [&hellip;]\" \/>\n<meta property=\"og:url\" content=\"https:\/\/punto5.it\/news\/26-08-2026\/varie\/242794\/gli-auguri-del-presidente-lnd-abete-per-la-nuova-stagione-sportiva\/\" \/>\n<meta property=\"og:site_name\" content=\"Punto5.it\" \/>\n<meta property=\"article:publisher\" content=\"https:\/\/www.facebook.com\/punto5.it\/\" \/>\n<meta property=\"article:published_time\" content=\"2026-08-26T08:48:08+00:00\" \/>\n<meta property=\"article:modified_time\" content=\"2026-08-26T08:48:11+00:00\" \/>\n<meta property=\"og:image\" content=\"https:\/\/punto5.it\/news\/wp-content\/uploads\/2026\/08\/abs.jpg\" \/>\n\t<meta property=\"og:image:width\" content=\"900\" \/>\n\t<meta property=\"og:image:height\" content=\"506\" \/>\n\t<meta property=\"og:image:type\" content=\"image\/jpeg\" \/>\n<meta name=\"author\" content=\"Redazione Punto 5\" \/>\n<meta name=\"twitter:label1\" content=\"Scritto da\" \/>\n\t<meta name=\"twitter:data1\" content=\"Redazione Punto 5\" \/>\n\t<meta name=\"twitter:label2\" content=\"Tempo di lettura stimato\" \/>\n\t<meta name=\"twitter:data2\" content=\"3 minuti\" \/>\n<script type=\"application\/ld+json\" class=\"yoast-schema-graph\">{\"@context\":\"https:\/\/schema.org\",\"@graph\":[{\"@type\":\"Article\",\"@id\":\"https:\/\/punto5.it\/news\/26-08-2026\/varie\/242794\/gli-auguri-del-presidente-lnd-abete-per-la-nuova-stagione-sportiva\/#article\",\"isPartOf\":{\"@id\":\"https:\/\/punto5.it\/news\/26-08-2026\/varie\/242794\/gli-auguri-del-presidente-lnd-abete-per-la-nuova-stagione-sportiva\/\"},\"author\":{\"name\":\"Redazione Punto 5\",\"@id\":\"https:\/\/punto5.it\/news\/#\/schema\/person\/f43571c649bda323e609b937e7220560\"},\"headline\":\"Gli auguri del presidente Lnd Abete per la nuova stagione sportiva\",\"datePublished\":\"2026-08-26T08:48:08+00:00\",\"dateModified\":\"2026-08-26T08:48:11+00:00\",\"mainEntityOfPage\":{\"@id\":\"https:\/\/punto5.it\/news\/26-08-2026\/varie\/242794\/gli-auguri-del-presidente-lnd-abete-per-la-nuova-stagione-sportiva\/\"},\"wordCount\":532,\"commentCount\":0,\"publisher\":{\"@id\":\"https:\/\/punto5.it\/news\/#organization\"},\"image\":{\"@id\":\"https:\/\/punto5.it\/news\/26-08-2026\/varie\/242794\/gli-auguri-del-presidente-lnd-abete-per-la-nuova-stagione-sportiva\/#primaryimage\"},\"thumbnailUrl\":\"https:\/\/punto5.it\/news\/wp-content\/uploads\/2026\/08\/abs.jpg\",\"articleSection\":[\"Varie\"],\"inLanguage\":\"it-IT\",\"potentialAction\":[{\"@type\":\"CommentAction\",\"name\":\"Comment\",\"target\":[\"https:\/\/punto5.it\/news\/26-08-2026\/varie\/242794\/gli-auguri-del-presidente-lnd-abete-per-la-nuova-stagione-sportiva\/#respond\"]}]},{\"@type\":\"WebPage\",\"@id\":\"https:\/\/punto5.it\/news\/26-08-2026\/varie\/242794\/gli-auguri-del-presidente-lnd-abete-per-la-nuova-stagione-sportiva\/\",\"url\":\"https:\/\/punto5.it\/news\/26-08-2026\/varie\/242794\/gli-auguri-del-presidente-lnd-abete-per-la-nuova-stagione-sportiva\/\",\"name\":\"Gli auguri del presidente Lnd Abete per la nuova stagione sportiva - Punto5.it\",\"isPartOf\":{\"@id\":\"https:\/\/punto5.it\/news\/#website\"},\"primaryImageOfPage\":{\"@id\":\"https:\/\/punto5.it\/news\/26-08-2026\/varie\/242794\/gli-auguri-del-presidente-lnd-abete-per-la-nuova-stagione-sportiva\/#primaryimage\"},\"image\":{\"@id\":\"https:\/\/punto5.it\/news\/26-08-2026\/varie\/242794\/gli-auguri-del-presidente-lnd-abete-per-la-nuova-stagione-sportiva\/#primaryimage\"},\"thumbnailUrl\":\"https:\/\/punto5.it\/news\/wp-content\/uploads\/2026\/08\/abs.jpg\",\"datePublished\":\"2026-08-26T08:48:08+00:00\",\"dateModified\":\"2026-08-26T08:48:11+00:00\",\"breadcrumb\":{\"@id\":\"https:\/\/punto5.it\/news\/26-08-2026\/varie\/242794\/gli-auguri-del-presidente-lnd-abete-per-la-nuova-stagione-sportiva\/#breadcrumb\"},\"inLanguage\":\"it-IT\",\"potentialAction\":[{\"@type\":\"ReadAction\",\"target\":[\"https:\/\/punto5.it\/news\/26-08-2026\/varie\/242794\/gli-auguri-del-presidente-lnd-abete-per-la-nuova-stagione-sportiva\/\"]}]},{\"@type\":\"ImageObject\",\"inLanguage\":\"it-IT\",\"@id\":\"https:\/\/punto5.it\/news\/26-08-2026\/varie\/242794\/gli-auguri-del-presidente-lnd-abete-per-la-nuova-stagione-sportiva\/#primaryimage\",\"url\":\"https:\/\/punto5.it\/news\/wp-content\/uploads\/2026\/08\/abs.jpg\",\"contentUrl\":\"https:\/\/punto5.it\/news\/wp-content\/uploads\/2026\/08\/abs.jpg\",\"width\":900,\"height\":506,\"caption\":\"Giancarlo Abete, presidente Lnd\"},{\"@type\":\"BreadcrumbList\",\"@id\":\"https:\/\/punto5.it\/news\/26-08-2026\/varie\/242794\/gli-auguri-del-presidente-lnd-abete-per-la-nuova-stagione-sportiva\/#breadcrumb\",\"itemListElement\":[{\"@type\":\"ListItem\",\"position\":1,\"name\":\"Home\",\"item\":\"https:\/\/punto5.it\/news\/\"},{\"@type\":\"ListItem\",\"position\":2,\"name\":\"Gli auguri del presidente Lnd Abete per la nuova stagione sportiva\"}]},{\"@type\":\"WebSite\",\"@id\":\"https:\/\/punto5.it\/news\/#website\",\"url\":\"https:\/\/punto5.it\/news\/\",\"name\":\"Punto5.it\",\"description\":\"La tua risorsa gratuita sul calcio a 5 in Campania.\",\"publisher\":{\"@id\":\"https:\/\/punto5.it\/news\/#organization\"},\"potentialAction\":[{\"@type\":\"SearchAction\",\"target\":{\"@type\":\"EntryPoint\",\"urlTemplate\":\"https:\/\/punto5.it\/news\/?s={search_term_string}\"},\"query-input\":{\"@type\":\"PropertyValueSpecification\",\"valueRequired\":true,\"valueName\":\"search_term_string\"}}],\"inLanguage\":\"it-IT\"},{\"@type\":\"Organization\",\"@id\":\"https:\/\/punto5.it\/news\/#organization\",\"name\":\"Punto5\",\"url\":\"https:\/\/punto5.it\/news\/\",\"logo\":{\"@type\":\"ImageObject\",\"inLanguage\":\"it-IT\",\"@id\":\"https:\/\/punto5.it\/news\/#\/schema\/logo\/image\/\",\"url\":\"https:\/\/punto5.it\/news\/wp-content\/uploads\/2024\/12\/fbp5.png\",\"contentUrl\":\"https:\/\/punto5.it\/news\/wp-content\/uploads\/2024\/12\/fbp5.png\",\"width\":500,\"height\":500,\"caption\":\"Punto5\"},\"image\":{\"@id\":\"https:\/\/punto5.it\/news\/#\/schema\/logo\/image\/\"},\"sameAs\":[\"https:\/\/www.facebook.com\/punto5.it\/\"]},{\"@type\":\"Person\",\"@id\":\"https:\/\/punto5.it\/news\/#\/schema\/person\/f43571c649bda323e609b937e7220560\",\"name\":\"Redazione Punto 5\",\"image\":{\"@type\":\"ImageObject\",\"inLanguage\":\"it-IT\",\"@id\":\"https:\/\/punto5.it\/news\/#\/schema\/person\/image\/\",\"url\":\"https:\/\/secure.gravatar.com\/avatar\/423ce27dd258b3600399bf17a7454eeea31cf273646f568d4382fd2c4db91e5e?s=96&d=mm&r=g\",\"contentUrl\":\"https:\/\/secure.gravatar.com\/avatar\/423ce27dd258b3600399bf17a7454eeea31cf273646f568d4382fd2c4db91e5e?s=96&d=mm&r=g\",\"caption\":\"Redazione Punto 5\"},\"sameAs\":[\"http:\/\/www.punto5.it\"],\"url\":\"https:\/\/punto5.it\/news\/author\/redazione-punto-5\/\"}]}<\/script>\n<!-- \/ Yoast SEO plugin. -->","yoast_head_json":{"title":"Gli auguri del presidente Lnd Abete per la nuova stagione sportiva - Punto5.it","robots":{"index":"index","follow":"follow","max-snippet":"max-snippet:-1","max-image-preview":"max-image-preview:large","max-video-preview":"max-video-preview:-1"},"canonical":"https:\/\/punto5.it\/news\/26-08-2026\/varie\/242794\/gli-auguri-del-presidente-lnd-abete-per-la-nuova-stagione-sportiva\/","og_locale":"it_IT","og_type":"article","og_title":"Gli auguri del presidente Lnd Abete per la nuova stagione sportiva - Punto5.it","og_description":"La stagione che ci attende si inserisce in una fase di cambiamento che richiede capacit\u00e0 di confronto. Restano aperti temi di particolare rilevanza per il futuro delle nostre Societ\u00e0: dall\u2019auspicata revisione della disciplina sul vincolo sportivo alla rivisitazione del sistema delle premialit\u00e0, fino alla necessit\u00e0 di assicurare risorse adeguate all\u2019attivit\u00e0 dilettantistica di base, che costituisce [&hellip;]","og_url":"https:\/\/punto5.it\/news\/26-08-2026\/varie\/242794\/gli-auguri-del-presidente-lnd-abete-per-la-nuova-stagione-sportiva\/","og_site_name":"Punto5.it","article_publisher":"https:\/\/www.facebook.com\/punto5.it\/","article_published_time":"2026-08-26T08:48:08+00:00","article_modified_time":"2026-08-26T08:48:11+00:00","og_image":[{"width":900,"height":506,"url":"https:\/\/punto5.it\/news\/wp-content\/uploads\/2026\/08\/abs.jpg","type":"image\/jpeg"}],"author":"Redazione Punto 5","twitter_misc":{"Scritto da":"Redazione Punto 5","Tempo di lettura stimato":"3 minuti"},"schema":{"@context":"https:\/\/schema.org","@graph":[{"@type":"Article","@id":"https:\/\/punto5.it\/news\/26-08-2026\/varie\/242794\/gli-auguri-del-presidente-lnd-abete-per-la-nuova-stagione-sportiva\/#article","isPartOf":{"@id":"https:\/\/punto5.it\/news\/26-08-2026\/varie\/242794\/gli-auguri-del-presidente-lnd-abete-per-la-nuova-stagione-sportiva\/"},"author":{"name":"Redazione Punto 5","@id":"https:\/\/punto5.it\/news\/#\/schema\/person\/f43571c649bda323e609b937e7220560"},"headline":"Gli auguri del presidente Lnd Abete per la nuova stagione sportiva","datePublished":"2026-08-26T08:48:08+00:00","dateModified":"2026-08-26T08:48:11+00:00","mainEntityOfPage":{"@id":"https:\/\/punto5.it\/news\/26-08-2026\/varie\/242794\/gli-auguri-del-presidente-lnd-abete-per-la-nuova-stagione-sportiva\/"},"wordCount":532,"commentCount":0,"publisher":{"@id":"https:\/\/punto5.it\/news\/#organization"},"image":{"@id":"https:\/\/punto5.it\/news\/26-08-2026\/varie\/242794\/gli-auguri-del-presidente-lnd-abete-per-la-nuova-stagione-sportiva\/#primaryimage"},"thumbnailUrl":"https:\/\/punto5.it\/news\/wp-content\/uploads\/2026\/08\/abs.jpg","articleSection":["Varie"],"inLanguage":"it-IT","potentialAction":[{"@type":"CommentAction","name":"Comment","target":["https:\/\/punto5.it\/news\/26-08-2026\/varie\/242794\/gli-auguri-del-presidente-lnd-abete-per-la-nuova-stagione-sportiva\/#respond"]}]},{"@type":"WebPage","@id":"https:\/\/punto5.it\/news\/26-08-2026\/varie\/242794\/gli-auguri-del-presidente-lnd-abete-per-la-nuova-stagione-sportiva\/","url":"https:\/\/punto5.it\/news\/26-08-2026\/varie\/242794\/gli-auguri-del-presidente-lnd-abete-per-la-nuova-stagione-sportiva\/","name":"Gli auguri del presidente Lnd Abete per la nuova stagione sportiva - Punto5.it","isPartOf":{"@id":"https:\/\/punto5.it\/news\/#website"},"primaryImageOfPage":{"@id":"https:\/\/punto5.it\/news\/26-08-2026\/varie\/242794\/gli-auguri-del-presidente-lnd-abete-per-la-nuova-stagione-sportiva\/#primaryimage"},"image":{"@id":"https:\/\/punto5.it\/news\/26-08-2026\/varie\/242794\/gli-auguri-del-presidente-lnd-abete-per-la-nuova-stagione-sportiva\/#primaryimage"},"thumbnailUrl":"https:\/\/punto5.it\/news\/wp-content\/uploads\/2026\/08\/abs.jpg","datePublished":"2026-08-26T08:48:08+00:00","dateModified":"2026-08-26T08:48:11+00:00","breadcrumb":{"@id":"https:\/\/punto5.it\/news\/26-08-2026\/varie\/242794\/gli-auguri-del-presidente-lnd-abete-per-la-nuova-stagione-sportiva\/#breadcrumb"},"inLanguage":"it-IT","potentialAction":[{"@type":"ReadAction","target":["https:\/\/punto5.it\/news\/26-08-2026\/varie\/242794\/gli-auguri-del-presidente-lnd-abete-per-la-nuova-stagione-sportiva\/"]}]},{"@type":"ImageObject","inLanguage":"it-IT","@id":"https:\/\/punto5.it\/news\/26-08-2026\/varie\/242794\/gli-auguri-del-presidente-lnd-abete-per-la-nuova-stagione-sportiva\/#primaryimage","url":"https:\/\/punto5.it\/news\/wp-content\/uploads\/2026\/08\/abs.jpg","contentUrl":"https:\/\/punto5.it\/news\/wp-content\/uploads\/2026\/08\/abs.jpg","width":900,"height":506,"caption":"Giancarlo Abete, presidente Lnd"},{"@type":"BreadcrumbList","@id":"https:\/\/punto5.it\/news\/26-08-2026\/varie\/242794\/gli-auguri-del-presidente-lnd-abete-per-la-nuova-stagione-sportiva\/#breadcrumb","itemListElement":[{"@type":"ListItem","position":1,"name":"Home","item":"https:\/\/punto5.it\/news\/"},{"@type":"ListItem","position":2,"name":"Gli auguri del presidente Lnd Abete per la nuova stagione sportiva"}]},{"@type":"WebSite","@id":"https:\/\/punto5.it\/news\/#website","url":"https:\/\/punto5.it\/news\/","name":"Punto5.it","description":"La tua risorsa gratuita sul calcio a 5 in Campania.","publisher":{"@id":"https:\/\/punto5.it\/news\/#organization"},"potentialAction":[{"@type":"SearchAction","target":{"@type":"EntryPoint","urlTemplate":"https:\/\/punto5.it\/news\/?s={search_term_string}"},"query-input":{"@type":"PropertyValueSpecification","valueRequired":true,"valueName":"search_term_string"}}],"inLanguage":"it-IT"},{"@type":"Organization","@id":"https:\/\/punto5.it\/news\/#organization","name":"Punto5","url":"https:\/\/punto5.it\/news\/","logo":{"@type":"ImageObject","inLanguage":"it-IT","@id":"https:\/\/punto5.it\/news\/#\/schema\/logo\/image\/","url":"https:\/\/punto5.it\/news\/wp-content\/uploads\/2024\/12\/fbp5.png","contentUrl":"https:\/\/punto5.it\/news\/wp-content\/uploads\/2024\/12\/fbp5.png","width":500,"height":500,"caption":"Punto5"},"image":{"@id":"https:\/\/punto5.it\/news\/#\/schema\/logo\/image\/"},"sameAs":["https:\/\/www.facebook.com\/punto5.it\/"]},{"@type":"Person","@id":"https:\/\/punto5.it\/news\/#\/schema\/person\/f43571c649bda323e609b937e7220560","name":"Redazione Punto 5","image":{"@type":"ImageObject","inLanguage":"it-IT","@id":"https:\/\/punto5.it\/news\/#\/schema\/person\/image\/","url":"https:\/\/secure.gravatar.com\/avatar\/423ce27dd258b3600399bf17a7454eeea31cf273646f568d4382fd2c4db91e5e?s=96&d=mm&r=g","contentUrl":"https:\/\/secure.gravatar.com\/avatar\/423ce27dd258b3600399bf17a7454eeea31cf273646f568d4382fd2c4db91e5e?s=96&d=mm&r=g","caption":"Redazione Punto 5"},"sameAs":["http:\/\/www.punto5.it"],"url":"https:\/\/punto5.it\/news\/author\/redazione-punto-5\/"}]}},"_links":{"self":[{"href":"https:\/\/punto5.it\/news\/wp-json\/wp\/v2\/posts\/242794","targetHints":{"allow":["GET"]}}],"collection":[{"href":"https:\/\/punto5.it\/news\/wp-json\/wp\/v2\/posts"}],"about":[{"href":"https:\/\/punto5.it\/news\/wp-json\/wp\/v2\/types\/post"}],"author":[{"embeddable":true,"href":"https:\/\/punto5.it\/news\/wp-json\/wp\/v2\/users\/9"}],"replies":[{"embeddable":true,"href":"https:\/\/punto5.it\/news\/wp-json\/wp\/v2\/comments?post=242794"}],"version-history":[{"count":1,"href":"https:\/\/punto5.it\/news\/wp-json\/wp\/v2\/posts\/242794\/revisions"}],"predecessor-version":[{"id":242796,"href":"https:\/\/punto5.it\/news\/wp-json\/wp\/v2\/posts\/242794\/revisions\/242796"}],"wp:featuredmedia":[{"embeddable":true,"href":"https:\/\/punto5.it\/news\/wp-json\/wp\/v2\/media\/242795"}],"wp:attachment":[{"href":"https:\/\/punto5.it\/news\/wp-json\/wp\/v2\/media?parent=242794"}],"wp:term":[{"taxonomy":"category","embeddable":true,"href":"https:\/\/punto5.it\/news\/wp-json\/wp\/v2\/categories?post=242794"},{"taxonomy":"post_tag","embeddable":true,"href":"https:\/\/punto5.it\/news\/wp-json\/wp\/v2\/tags?post=242794"}],"curies":[{"name":"wp","href":"https:\/\/api.w.org\/{rel}","templated":true}]}}