{"id":242811,"date":"2026-08-26T20:55:43","date_gmt":"2026-08-26T18:55:43","guid":{"rendered":"https:\/\/punto5.it\/news\/?p=242811"},"modified":"2026-08-26T20:55:46","modified_gmt":"2026-08-26T18:55:46","slug":"supercoppa-26-27-la-final-four-napoli-e-feldi-presenti-nuove-modalita-dalledizione-27-28","status":"publish","type":"post","link":"https:\/\/punto5.it\/news\/26-08-2026\/serie-a\/242811\/supercoppa-26-27-la-final-four-napoli-e-feldi-presenti-nuove-modalita-dalledizione-27-28\/","title":{"rendered":"Supercoppa 26\/27, la Final Four: Napoli e Feldi presenti. Nuove modalit\u00e0 dall\u2019edizione 27\/28"},"content":{"rendered":"\n<p><strong>L84 Torino<\/strong>,&nbsp;<strong>Covei Meta Catania Bricocity<\/strong>,&nbsp;<strong>Napoli Futsal<\/strong>&nbsp;e&nbsp;<strong>Feldi Eboli<\/strong>. Saranno queste le quattro formazioni che si giocheranno la&nbsp;<strong>Supercoppa di Serie A maschile 2026\/2027<\/strong>, come ufficializzato dalla Divisione Calcio a 5 tramite il C.U. n\u00b027, nel quale sono state diramate anche le modifiche alle modalit\u00e0 di partecipazione alla competizione a partire dalla stagione successiva.<\/p>\n\n\n\n<p><strong>SUPERCOPPA 2027\/2028 \u2013<\/strong>&nbsp;Acquisiranno il diritto a partecipare all\u2019<strong>edizione 2027\/2028<\/strong>&nbsp;della Supercoppa, per la quale \u00e8 stata confermata la formula della Final Four, la&nbsp;<strong>societ\u00e0 campione d\u2019Italia in carica<\/strong>, la&nbsp;<strong>vincente la Coppa Italia di Serie A 26\/27<\/strong>, la&nbsp;<strong>prima classificata della regular season della Serie A 26\/27<\/strong>&nbsp;e il&nbsp;<strong>club che conquister\u00e0 la Coppa della Divisione-Trofeo Emilia-Romagna 26\/27<\/strong>. \u00c8 stato definito, inoltre, il principio di prevalenza relativo alla qualificazione alla Supercoppa nel caso in cui una medesima societ\u00e0 acquisisca il diritto alla partecipazione alla stessa in virt\u00f9 della vittoria o del risultato conseguito in due o pi\u00f9 delle suddette manifestazioni, nonch\u00e9 i criteri per l\u2019assegnazione dell\u2019eventuale posto resosi conseguentemente disponibile.<\/p>\n\n\n\n<p><a href=\"https:\/\/divisionecalcioa5.it\/wp-content\/uploads\/2026\/08\/Comunicato-Ufficiale-027.pdf\"><strong>IL COMUNICATO UFFICIALE<\/strong><\/a><\/p>\n\n\n\n<p><strong>Fonte: divisionecalcioa5.it<\/strong><\/p>\n","protected":false},"excerpt":{"rendered":"<p>L84 Torino,&nbsp;Covei Meta Catania Bricocity,&nbsp;Napoli Futsal&nbsp;e&nbsp;Feldi Eboli. Saranno queste le quattro formazioni che si giocheranno la&nbsp;Supercoppa di Serie A maschile 2026\/2027, come ufficializzato dalla Divisione Calcio a 5 tramite il C.U. n\u00b027, nel quale sono state diramate anche le modifiche alle modalit\u00e0 di partecipazione alla competizione a partire dalla stagione successiva. SUPERCOPPA 2027\/2028 \u2013&nbsp;Acquisiranno il [&hellip;]<\/p>\n","protected":false},"author":9,"featured_media":242812,"comment_status":"open","ping_status":"open","sticky":false,"template":"","format":"standard","meta":{"jnews-multi-image_gallery":[],"jnews_single_post":{"format":"standard"},"jnews_primary_category":[],"jnews_social_meta":[],"jnews_override_counter":[],"footnotes":""},"categories":[11],"tags":[1515],"class_list":["post-242811","post","type-post","status-publish","format-standard","has-post-thumbnail","hentry","category-serie-a","tag-prima"],"yoast_head":"<!-- This site is optimized with the Yoast SEO plugin v24.5 - https:\/\/yoast.com\/wordpress\/plugins\/seo\/ -->\n<title>Supercoppa 26\/27, la Final Four: Napoli e Feldi presenti. Nuove modalit\u00e0 dall\u2019edizione 27\/28 - Punto5.it<\/title>\n<meta name=\"robots\" content=\"index, follow, max-snippet:-1, max-image-preview:large, max-video-preview:-1\" \/>\n<link rel=\"canonical\" href=\"https:\/\/punto5.it\/news\/26-08-2026\/serie-a\/242811\/supercoppa-26-27-la-final-four-napoli-e-feldi-presenti-nuove-modalita-dalledizione-27-28\/\" \/>\n<meta property=\"og:locale\" content=\"it_IT\" \/>\n<meta property=\"og:type\" content=\"article\" \/>\n<meta property=\"og:title\" content=\"Supercoppa 26\/27, la Final Four: Napoli e Feldi presenti. Nuove modalit\u00e0 dall\u2019edizione 27\/28 - Punto5.it\" \/>\n<meta property=\"og:description\" content=\"L84 Torino,&nbsp;Covei Meta Catania Bricocity,&nbsp;Napoli Futsal&nbsp;e&nbsp;Feldi Eboli. Saranno queste le quattro formazioni che si giocheranno la&nbsp;Supercoppa di Serie A maschile 2026\/2027, come ufficializzato dalla Divisione Calcio a 5 tramite il C.U. n\u00b027, nel quale sono state diramate anche le modifiche alle modalit\u00e0 di partecipazione alla competizione a partire dalla stagione successiva. SUPERCOPPA 2027\/2028 \u2013&nbsp;Acquisiranno il [&hellip;]\" \/>\n<meta property=\"og:url\" content=\"https:\/\/punto5.it\/news\/26-08-2026\/serie-a\/242811\/supercoppa-26-27-la-final-four-napoli-e-feldi-presenti-nuove-modalita-dalledizione-27-28\/\" \/>\n<meta property=\"og:site_name\" content=\"Punto5.it\" \/>\n<meta property=\"article:publisher\" content=\"https:\/\/www.facebook.com\/punto5.it\/\" \/>\n<meta property=\"article:published_time\" content=\"2026-08-26T18:55:43+00:00\" \/>\n<meta property=\"article:modified_time\" content=\"2026-08-26T18:55:46+00:00\" \/>\n<meta property=\"og:image\" content=\"https:\/\/punto5.it\/news\/wp-content\/uploads\/2026\/08\/260105_SUPERCOPPA_-META-EBOLI-003-1024x683-1.jpg\" \/>\n\t<meta property=\"og:image:width\" content=\"920\" \/>\n\t<meta property=\"og:image:height\" content=\"518\" \/>\n\t<meta property=\"og:image:type\" content=\"image\/jpeg\" \/>\n<meta name=\"author\" content=\"Redazione Punto 5\" \/>\n<meta name=\"twitter:label1\" content=\"Scritto da\" \/>\n\t<meta name=\"twitter:data1\" content=\"Redazione Punto 5\" \/>\n\t<meta name=\"twitter:label2\" content=\"Tempo di lettura stimato\" \/>\n\t<meta name=\"twitter:data2\" content=\"2 minuti\" \/>\n<script type=\"application\/ld+json\" class=\"yoast-schema-graph\">{\"@context\":\"https:\/\/schema.org\",\"@graph\":[{\"@type\":\"Article\",\"@id\":\"https:\/\/punto5.it\/news\/26-08-2026\/serie-a\/242811\/supercoppa-26-27-la-final-four-napoli-e-feldi-presenti-nuove-modalita-dalledizione-27-28\/#article\",\"isPartOf\":{\"@id\":\"https:\/\/punto5.it\/news\/26-08-2026\/serie-a\/242811\/supercoppa-26-27-la-final-four-napoli-e-feldi-presenti-nuove-modalita-dalledizione-27-28\/\"},\"author\":{\"name\":\"Redazione Punto 5\",\"@id\":\"https:\/\/punto5.it\/news\/#\/schema\/person\/f43571c649bda323e609b937e7220560\"},\"headline\":\"Supercoppa 26\/27, la Final Four: Napoli e Feldi presenti. Nuove modalit\u00e0 dall\u2019edizione 27\/28\",\"datePublished\":\"2026-08-26T18:55:43+00:00\",\"dateModified\":\"2026-08-26T18:55:46+00:00\",\"mainEntityOfPage\":{\"@id\":\"https:\/\/punto5.it\/news\/26-08-2026\/serie-a\/242811\/supercoppa-26-27-la-final-four-napoli-e-feldi-presenti-nuove-modalita-dalledizione-27-28\/\"},\"wordCount\":192,\"commentCount\":0,\"publisher\":{\"@id\":\"https:\/\/punto5.it\/news\/#organization\"},\"image\":{\"@id\":\"https:\/\/punto5.it\/news\/26-08-2026\/serie-a\/242811\/supercoppa-26-27-la-final-four-napoli-e-feldi-presenti-nuove-modalita-dalledizione-27-28\/#primaryimage\"},\"thumbnailUrl\":\"https:\/\/punto5.it\/news\/wp-content\/uploads\/2026\/08\/260105_SUPERCOPPA_-META-EBOLI-003-1024x683-1.jpg\",\"keywords\":[\"prima\"],\"articleSection\":[\"Serie A\"],\"inLanguage\":\"it-IT\",\"potentialAction\":[{\"@type\":\"CommentAction\",\"name\":\"Comment\",\"target\":[\"https:\/\/punto5.it\/news\/26-08-2026\/serie-a\/242811\/supercoppa-26-27-la-final-four-napoli-e-feldi-presenti-nuove-modalita-dalledizione-27-28\/#respond\"]}]},{\"@type\":\"WebPage\",\"@id\":\"https:\/\/punto5.it\/news\/26-08-2026\/serie-a\/242811\/supercoppa-26-27-la-final-four-napoli-e-feldi-presenti-nuove-modalita-dalledizione-27-28\/\",\"url\":\"https:\/\/punto5.it\/news\/26-08-2026\/serie-a\/242811\/supercoppa-26-27-la-final-four-napoli-e-feldi-presenti-nuove-modalita-dalledizione-27-28\/\",\"name\":\"Supercoppa 26\/27, la Final Four: Napoli e Feldi presenti. Nuove modalit\u00e0 dall\u2019edizione 27\/28 - Punto5.it\",\"isPartOf\":{\"@id\":\"https:\/\/punto5.it\/news\/#website\"},\"primaryImageOfPage\":{\"@id\":\"https:\/\/punto5.it\/news\/26-08-2026\/serie-a\/242811\/supercoppa-26-27-la-final-four-napoli-e-feldi-presenti-nuove-modalita-dalledizione-27-28\/#primaryimage\"},\"image\":{\"@id\":\"https:\/\/punto5.it\/news\/26-08-2026\/serie-a\/242811\/supercoppa-26-27-la-final-four-napoli-e-feldi-presenti-nuove-modalita-dalledizione-27-28\/#primaryimage\"},\"thumbnailUrl\":\"https:\/\/punto5.it\/news\/wp-content\/uploads\/2026\/08\/260105_SUPERCOPPA_-META-EBOLI-003-1024x683-1.jpg\",\"datePublished\":\"2026-08-26T18:55:43+00:00\",\"dateModified\":\"2026-08-26T18:55:46+00:00\",\"breadcrumb\":{\"@id\":\"https:\/\/punto5.it\/news\/26-08-2026\/serie-a\/242811\/supercoppa-26-27-la-final-four-napoli-e-feldi-presenti-nuove-modalita-dalledizione-27-28\/#breadcrumb\"},\"inLanguage\":\"it-IT\",\"potentialAction\":[{\"@type\":\"ReadAction\",\"target\":[\"https:\/\/punto5.it\/news\/26-08-2026\/serie-a\/242811\/supercoppa-26-27-la-final-four-napoli-e-feldi-presenti-nuove-modalita-dalledizione-27-28\/\"]}]},{\"@type\":\"ImageObject\",\"inLanguage\":\"it-IT\",\"@id\":\"https:\/\/punto5.it\/news\/26-08-2026\/serie-a\/242811\/supercoppa-26-27-la-final-four-napoli-e-feldi-presenti-nuove-modalita-dalledizione-27-28\/#primaryimage\",\"url\":\"https:\/\/punto5.it\/news\/wp-content\/uploads\/2026\/08\/260105_SUPERCOPPA_-META-EBOLI-003-1024x683-1.jpg\",\"contentUrl\":\"https:\/\/punto5.it\/news\/wp-content\/uploads\/2026\/08\/260105_SUPERCOPPA_-META-EBOLI-003-1024x683-1.jpg\",\"width\":920,\"height\":518},{\"@type\":\"BreadcrumbList\",\"@id\":\"https:\/\/punto5.it\/news\/26-08-2026\/serie-a\/242811\/supercoppa-26-27-la-final-four-napoli-e-feldi-presenti-nuove-modalita-dalledizione-27-28\/#breadcrumb\",\"itemListElement\":[{\"@type\":\"ListItem\",\"position\":1,\"name\":\"Home\",\"item\":\"https:\/\/punto5.it\/news\/\"},{\"@type\":\"ListItem\",\"position\":2,\"name\":\"Supercoppa 26\/27, la Final Four: Napoli e Feldi presenti. Nuove modalit\u00e0 dall\u2019edizione 27\/28\"}]},{\"@type\":\"WebSite\",\"@id\":\"https:\/\/punto5.it\/news\/#website\",\"url\":\"https:\/\/punto5.it\/news\/\",\"name\":\"Punto5.it\",\"description\":\"La tua risorsa gratuita sul calcio a 5 in Campania.\",\"publisher\":{\"@id\":\"https:\/\/punto5.it\/news\/#organization\"},\"potentialAction\":[{\"@type\":\"SearchAction\",\"target\":{\"@type\":\"EntryPoint\",\"urlTemplate\":\"https:\/\/punto5.it\/news\/?s={search_term_string}\"},\"query-input\":{\"@type\":\"PropertyValueSpecification\",\"valueRequired\":true,\"valueName\":\"search_term_string\"}}],\"inLanguage\":\"it-IT\"},{\"@type\":\"Organization\",\"@id\":\"https:\/\/punto5.it\/news\/#organization\",\"name\":\"Punto5\",\"url\":\"https:\/\/punto5.it\/news\/\",\"logo\":{\"@type\":\"ImageObject\",\"inLanguage\":\"it-IT\",\"@id\":\"https:\/\/punto5.it\/news\/#\/schema\/logo\/image\/\",\"url\":\"https:\/\/punto5.it\/news\/wp-content\/uploads\/2024\/12\/fbp5.png\",\"contentUrl\":\"https:\/\/punto5.it\/news\/wp-content\/uploads\/2024\/12\/fbp5.png\",\"width\":500,\"height\":500,\"caption\":\"Punto5\"},\"image\":{\"@id\":\"https:\/\/punto5.it\/news\/#\/schema\/logo\/image\/\"},\"sameAs\":[\"https:\/\/www.facebook.com\/punto5.it\/\"]},{\"@type\":\"Person\",\"@id\":\"https:\/\/punto5.it\/news\/#\/schema\/person\/f43571c649bda323e609b937e7220560\",\"name\":\"Redazione Punto 5\",\"image\":{\"@type\":\"ImageObject\",\"inLanguage\":\"it-IT\",\"@id\":\"https:\/\/punto5.it\/news\/#\/schema\/person\/image\/\",\"url\":\"https:\/\/secure.gravatar.com\/avatar\/423ce27dd258b3600399bf17a7454eeea31cf273646f568d4382fd2c4db91e5e?s=96&d=mm&r=g\",\"contentUrl\":\"https:\/\/secure.gravatar.com\/avatar\/423ce27dd258b3600399bf17a7454eeea31cf273646f568d4382fd2c4db91e5e?s=96&d=mm&r=g\",\"caption\":\"Redazione Punto 5\"},\"sameAs\":[\"http:\/\/www.punto5.it\"],\"url\":\"https:\/\/punto5.it\/news\/author\/redazione-punto-5\/\"}]}<\/script>\n<!-- \/ Yoast SEO plugin. -->","yoast_head_json":{"title":"Supercoppa 26\/27, la Final Four: Napoli e Feldi presenti. Nuove modalit\u00e0 dall\u2019edizione 27\/28 - Punto5.it","robots":{"index":"index","follow":"follow","max-snippet":"max-snippet:-1","max-image-preview":"max-image-preview:large","max-video-preview":"max-video-preview:-1"},"canonical":"https:\/\/punto5.it\/news\/26-08-2026\/serie-a\/242811\/supercoppa-26-27-la-final-four-napoli-e-feldi-presenti-nuove-modalita-dalledizione-27-28\/","og_locale":"it_IT","og_type":"article","og_title":"Supercoppa 26\/27, la Final Four: Napoli e Feldi presenti. Nuove modalit\u00e0 dall\u2019edizione 27\/28 - Punto5.it","og_description":"L84 Torino,&nbsp;Covei Meta Catania Bricocity,&nbsp;Napoli Futsal&nbsp;e&nbsp;Feldi Eboli. Saranno queste le quattro formazioni che si giocheranno la&nbsp;Supercoppa di Serie A maschile 2026\/2027, come ufficializzato dalla Divisione Calcio a 5 tramite il C.U. n\u00b027, nel quale sono state diramate anche le modifiche alle modalit\u00e0 di partecipazione alla competizione a partire dalla stagione successiva. SUPERCOPPA 2027\/2028 \u2013&nbsp;Acquisiranno il [&hellip;]","og_url":"https:\/\/punto5.it\/news\/26-08-2026\/serie-a\/242811\/supercoppa-26-27-la-final-four-napoli-e-feldi-presenti-nuove-modalita-dalledizione-27-28\/","og_site_name":"Punto5.it","article_publisher":"https:\/\/www.facebook.com\/punto5.it\/","article_published_time":"2026-08-26T18:55:43+00:00","article_modified_time":"2026-08-26T18:55:46+00:00","og_image":[{"width":920,"height":518,"url":"https:\/\/punto5.it\/news\/wp-content\/uploads\/2026\/08\/260105_SUPERCOPPA_-META-EBOLI-003-1024x683-1.jpg","type":"image\/jpeg"}],"author":"Redazione Punto 5","twitter_misc":{"Scritto da":"Redazione Punto 5","Tempo di lettura stimato":"2 minuti"},"schema":{"@context":"https:\/\/schema.org","@graph":[{"@type":"Article","@id":"https:\/\/punto5.it\/news\/26-08-2026\/serie-a\/242811\/supercoppa-26-27-la-final-four-napoli-e-feldi-presenti-nuove-modalita-dalledizione-27-28\/#article","isPartOf":{"@id":"https:\/\/punto5.it\/news\/26-08-2026\/serie-a\/242811\/supercoppa-26-27-la-final-four-napoli-e-feldi-presenti-nuove-modalita-dalledizione-27-28\/"},"author":{"name":"Redazione Punto 5","@id":"https:\/\/punto5.it\/news\/#\/schema\/person\/f43571c649bda323e609b937e7220560"},"headline":"Supercoppa 26\/27, la Final Four: Napoli e Feldi presenti. Nuove modalit\u00e0 dall\u2019edizione 27\/28","datePublished":"2026-08-26T18:55:43+00:00","dateModified":"2026-08-26T18:55:46+00:00","mainEntityOfPage":{"@id":"https:\/\/punto5.it\/news\/26-08-2026\/serie-a\/242811\/supercoppa-26-27-la-final-four-napoli-e-feldi-presenti-nuove-modalita-dalledizione-27-28\/"},"wordCount":192,"commentCount":0,"publisher":{"@id":"https:\/\/punto5.it\/news\/#organization"},"image":{"@id":"https:\/\/punto5.it\/news\/26-08-2026\/serie-a\/242811\/supercoppa-26-27-la-final-four-napoli-e-feldi-presenti-nuove-modalita-dalledizione-27-28\/#primaryimage"},"thumbnailUrl":"https:\/\/punto5.it\/news\/wp-content\/uploads\/2026\/08\/260105_SUPERCOPPA_-META-EBOLI-003-1024x683-1.jpg","keywords":["prima"],"articleSection":["Serie A"],"inLanguage":"it-IT","potentialAction":[{"@type":"CommentAction","name":"Comment","target":["https:\/\/punto5.it\/news\/26-08-2026\/serie-a\/242811\/supercoppa-26-27-la-final-four-napoli-e-feldi-presenti-nuove-modalita-dalledizione-27-28\/#respond"]}]},{"@type":"WebPage","@id":"https:\/\/punto5.it\/news\/26-08-2026\/serie-a\/242811\/supercoppa-26-27-la-final-four-napoli-e-feldi-presenti-nuove-modalita-dalledizione-27-28\/","url":"https:\/\/punto5.it\/news\/26-08-2026\/serie-a\/242811\/supercoppa-26-27-la-final-four-napoli-e-feldi-presenti-nuove-modalita-dalledizione-27-28\/","name":"Supercoppa 26\/27, la Final Four: Napoli e Feldi presenti. Nuove modalit\u00e0 dall\u2019edizione 27\/28 - Punto5.it","isPartOf":{"@id":"https:\/\/punto5.it\/news\/#website"},"primaryImageOfPage":{"@id":"https:\/\/punto5.it\/news\/26-08-2026\/serie-a\/242811\/supercoppa-26-27-la-final-four-napoli-e-feldi-presenti-nuove-modalita-dalledizione-27-28\/#primaryimage"},"image":{"@id":"https:\/\/punto5.it\/news\/26-08-2026\/serie-a\/242811\/supercoppa-26-27-la-final-four-napoli-e-feldi-presenti-nuove-modalita-dalledizione-27-28\/#primaryimage"},"thumbnailUrl":"https:\/\/punto5.it\/news\/wp-content\/uploads\/2026\/08\/260105_SUPERCOPPA_-META-EBOLI-003-1024x683-1.jpg","datePublished":"2026-08-26T18:55:43+00:00","dateModified":"2026-08-26T18:55:46+00:00","breadcrumb":{"@id":"https:\/\/punto5.it\/news\/26-08-2026\/serie-a\/242811\/supercoppa-26-27-la-final-four-napoli-e-feldi-presenti-nuove-modalita-dalledizione-27-28\/#breadcrumb"},"inLanguage":"it-IT","potentialAction":[{"@type":"ReadAction","target":["https:\/\/punto5.it\/news\/26-08-2026\/serie-a\/242811\/supercoppa-26-27-la-final-four-napoli-e-feldi-presenti-nuove-modalita-dalledizione-27-28\/"]}]},{"@type":"ImageObject","inLanguage":"it-IT","@id":"https:\/\/punto5.it\/news\/26-08-2026\/serie-a\/242811\/supercoppa-26-27-la-final-four-napoli-e-feldi-presenti-nuove-modalita-dalledizione-27-28\/#primaryimage","url":"https:\/\/punto5.it\/news\/wp-content\/uploads\/2026\/08\/260105_SUPERCOPPA_-META-EBOLI-003-1024x683-1.jpg","contentUrl":"https:\/\/punto5.it\/news\/wp-content\/uploads\/2026\/08\/260105_SUPERCOPPA_-META-EBOLI-003-1024x683-1.jpg","width":920,"height":518},{"@type":"BreadcrumbList","@id":"https:\/\/punto5.it\/news\/26-08-2026\/serie-a\/242811\/supercoppa-26-27-la-final-four-napoli-e-feldi-presenti-nuove-modalita-dalledizione-27-28\/#breadcrumb","itemListElement":[{"@type":"ListItem","position":1,"name":"Home","item":"https:\/\/punto5.it\/news\/"},{"@type":"ListItem","position":2,"name":"Supercoppa 26\/27, la Final Four: Napoli e Feldi presenti. Nuove modalit\u00e0 dall\u2019edizione 27\/28"}]},{"@type":"WebSite","@id":"https:\/\/punto5.it\/news\/#website","url":"https:\/\/punto5.it\/news\/","name":"Punto5.it","description":"La tua risorsa gratuita sul calcio a 5 in Campania.","publisher":{"@id":"https:\/\/punto5.it\/news\/#organization"},"potentialAction":[{"@type":"SearchAction","target":{"@type":"EntryPoint","urlTemplate":"https:\/\/punto5.it\/news\/?s={search_term_string}"},"query-input":{"@type":"PropertyValueSpecification","valueRequired":true,"valueName":"search_term_string"}}],"inLanguage":"it-IT"},{"@type":"Organization","@id":"https:\/\/punto5.it\/news\/#organization","name":"Punto5","url":"https:\/\/punto5.it\/news\/","logo":{"@type":"ImageObject","inLanguage":"it-IT","@id":"https:\/\/punto5.it\/news\/#\/schema\/logo\/image\/","url":"https:\/\/punto5.it\/news\/wp-content\/uploads\/2024\/12\/fbp5.png","contentUrl":"https:\/\/punto5.it\/news\/wp-content\/uploads\/2024\/12\/fbp5.png","width":500,"height":500,"caption":"Punto5"},"image":{"@id":"https:\/\/punto5.it\/news\/#\/schema\/logo\/image\/"},"sameAs":["https:\/\/www.facebook.com\/punto5.it\/"]},{"@type":"Person","@id":"https:\/\/punto5.it\/news\/#\/schema\/person\/f43571c649bda323e609b937e7220560","name":"Redazione Punto 5","image":{"@type":"ImageObject","inLanguage":"it-IT","@id":"https:\/\/punto5.it\/news\/#\/schema\/person\/image\/","url":"https:\/\/secure.gravatar.com\/avatar\/423ce27dd258b3600399bf17a7454eeea31cf273646f568d4382fd2c4db91e5e?s=96&d=mm&r=g","contentUrl":"https:\/\/secure.gravatar.com\/avatar\/423ce27dd258b3600399bf17a7454eeea31cf273646f568d4382fd2c4db91e5e?s=96&d=mm&r=g","caption":"Redazione Punto 5"},"sameAs":["http:\/\/www.punto5.it"],"url":"https:\/\/punto5.it\/news\/author\/redazione-punto-5\/"}]}},"_links":{"self":[{"href":"https:\/\/punto5.it\/news\/wp-json\/wp\/v2\/posts\/242811","targetHints":{"allow":["GET"]}}],"collection":[{"href":"https:\/\/punto5.it\/news\/wp-json\/wp\/v2\/posts"}],"about":[{"href":"https:\/\/punto5.it\/news\/wp-json\/wp\/v2\/types\/post"}],"author":[{"embeddable":true,"href":"https:\/\/punto5.it\/news\/wp-json\/wp\/v2\/users\/9"}],"replies":[{"embeddable":true,"href":"https:\/\/punto5.it\/news\/wp-json\/wp\/v2\/comments?post=242811"}],"version-history":[{"count":1,"href":"https:\/\/punto5.it\/news\/wp-json\/wp\/v2\/posts\/242811\/revisions"}],"predecessor-version":[{"id":242813,"href":"https:\/\/punto5.it\/news\/wp-json\/wp\/v2\/posts\/242811\/revisions\/242813"}],"wp:featuredmedia":[{"embeddable":true,"href":"https:\/\/punto5.it\/news\/wp-json\/wp\/v2\/media\/242812"}],"wp:attachment":[{"href":"https:\/\/punto5.it\/news\/wp-json\/wp\/v2\/media?parent=242811"}],"wp:term":[{"taxonomy":"category","embeddable":true,"href":"https:\/\/punto5.it\/news\/wp-json\/wp\/v2\/categories?post=242811"},{"taxonomy":"post_tag","embeddable":true,"href":"https:\/\/punto5.it\/news\/wp-json\/wp\/v2\/tags?post=242811"}],"curies":[{"name":"wp","href":"https:\/\/api.w.org\/{rel}","templated":true}]}}