{"id":242893,"date":"2026-08-31T11:03:00","date_gmt":"2026-08-31T09:03:00","guid":{"rendered":"https:\/\/punto5.it\/news\/?p=242893"},"modified":"2026-08-31T16:05:30","modified_gmt":"2026-08-31T14:05:30","slug":"alfredo-paniccia-e-il-nuovo-commissario-tecnico-della-nazionale-femminile-sfida-stimolante-castiglia-una-scelta-condivisa","status":"publish","type":"post","link":"https:\/\/punto5.it\/news\/31-08-2026\/nazionali\/242893\/alfredo-paniccia-e-il-nuovo-commissario-tecnico-della-nazionale-femminile-sfida-stimolante-castiglia-una-scelta-condivisa\/","title":{"rendered":"Alfredo Paniccia \u00e8 il nuovo commissario tecnico della Nazionale femminile: \u201cSfida stimolante\u201d. Castiglia: \u201cUna scelta condivisa\u201d"},"content":{"rendered":"\n<p>Chi lo conosce bene giura che il suo amore per il futsal sia totalizzante. Alfredo Paniccia \u00e8 il nuovo commissario tecnico della Nazionale femminile di futsal: succede a Francesca Salvatore che chiude cos\u00ec un ciclo di 9 anni, in cui ha guidato la Nazionale a nuovi e importanti traguardi, come la partecipazione al primo Mondiale della storia della disciplina.<\/p>\n\n\n\n<p><strong>MALAG\u00d2 E CASTIGLIA<\/strong>. \u201cRingraziamo Francesca Salvatore, il cui lavoro ha permesso alla Nazionale femminile di posizionarsi ad un buon livello nel palcoscenico internazionale \u2013 ha dichiarato il presidente della Federcalcio Giovanni Malag\u00f2 riferendosi anche alla quinta posizione nel raking FIFA -. Al calcio a 5 sono particolarmente legato, ho grandi ricordi personali e le Nazionali di futsal continuano a rappresentare un asset importante per la FIGC. La scelta di Paniccia, condivisa con la Divisione Calcio a 5, punta a dare un nuovo impulso al cammino delle Azzurre\u201d. Nel giugno di due anni fa Salvo Samperi prese il timone della Nazionale maschile e in quell\u2019occasione venne presentata la nuova Area Tecnica del futsal a supporto delle Nazionali del Club Italia, proprio in raccordo con la Divisione Calcio a 5. Il presidente Stefano Castiglia infatti sottolinea: \u201cRingrazio il Presidente Malag\u00f2 e il Presidente del Club Italia Ranieri. Questo nuovo corso rafforza il rapporto di condivisione e collaborazione all\u2019interno della filiera federale, nella consapevolezza che soltanto una visione comune possa continuare a far crescere, consolidare e valorizzare il futsal femminile italiano.\u00a0Sul nome di Paniccia c\u2019\u00e8 stata una piena convergenza: il suo profilo interpreta perfettamente caratteristiche fondamentali per un tecnico federale, quali competenza, conoscenza del movimento, capacit\u00e0 di lavorare sui giovani e senso di appartenenza. A lui rivolgo, a nome di tutta la Divisione, i migliori auguri di buon lavoro per una sfida affascinante. Un ringraziamento va a Francesca Salvatore per quanto realizzato\u00a0in un ciclo, culminato con la partecipazione al primo Mondiale femminile, nel quale si sono scritte pagine importanti. Oggi si apre una nuova fase, con la stessa ambizione di sempre: costruire una Nazionale sempre pi\u00f9 competitiva, rappresentativa e capace di essere il punto di riferimento dell\u2019intero futsal femminile italiano\u201d.<\/p>\n\n\n\n<p><strong>L\u2019EMOZIONE DI PANICCIA<\/strong>. Quaranta anni compiuti lo scorso febbraio, Alfredo Paniccia conosce bene l\u2019ambiente della FIGC. Gi\u00e0 collaboratore tecnico dell\u2019Italfutsal maschile con Alessio Musti Ct, ha lavorato a lungo con il Settore Giovanile e Scolastico della FIGC, ideando e avviando il progetto di sviluppo dei CST, i Centri di Sviluppo Territoriale dedicati al futsal e inseriti all\u2019interno del progetto dell\u2019Evolution Programme dell\u2019SGS. \u201cLa FIGC l\u2019ho sempre sentita come una seconda casa \u2013 le sue prime parole -. Potersi sedere sulla panchina di una Nazionale cos\u00ec importante \u00e8 motivo di grande orgoglio. Ringrazio la Federcalcio, nella persona del presidente Giovanni Malag\u00f2 e del Presidente del Club Italia Claudio Ranieri, cos\u00ec come la Divisione Calcio a 5 e il presidente Stefano Castiglia. Eredito una squadra che ha effettuato un percorso di crescita lungo e importante. Davanti a noi abbiamo subito un obiettivo, cercare di qualificarci per la prima volta alla fase finale dell\u2019Europeo: \u00e8 una sfida stimolante a cui dedicher\u00f2 tutto me stesso, dentro e fuori dal campo, nell\u2019interesse della squadra dello sviluppo del movimento femminile che oggi offre tanti margini di crescita\u201d.<\/p>\n\n\n\n<p><strong>I PROSSIMI IMPEGNI<\/strong>. La Nazionale femminile si raduner\u00e0 a inizio settembre a Novarello e\u00a0sar\u00e0 la prima uscita di Alfredo Paniccia in qualit\u00e0 di capo allenatore. A ottobre sar\u00e0 gi\u00e0 tempo di competere: le Azzurre voleranno in Slovenia per affrontare il Main Round di qualificazione alla fase finale dell\u2019Europeo del 2027. Mercoled\u00ec 7 ottobre alle ore 19 l\u2019esordio ufficiale proprio contro le padrone di casa, mentre il giorno successivo sar\u00e0 la volta delle campionesse d\u2019Europa in carica della Spagna (ore 16.30), per poi chiudere il girone sabato 10 ottobre contro la Francia (ore 16). Sar\u00e0 inoltre un\u2019ultima parte di 2026 piena di appuntamenti per il movimento femminile: a inizio novembre\u00a0la Nazionale femminile (in quota Under 18) voler\u00e0 a Dakar per la quarta edizione dei Giochi Olimpici Giovanili estivi. A guidare le Azzurrine in panchina ci sar\u00e0 Sebastiano Giuffrida, gi\u00e0 collaboratore tecnico dell\u2019Italfutsal femminile, nonch\u00e9 referente del progetto giovanile Futsal+ (subentr\u00f2 proprio a Paniccia) dell\u2019SGS.<\/p>\n\n\n\n<p><strong>IL CURRICULUM VITAE DI PANICCIA<\/strong>. Nato a Frosinone il 7 febbraio 1986, Alfredo Paniccia \u00e8 in possesso del patentino UEFA C e della Licenza A Futsal. Inizia giovanissimo la sua carriera da allenatore: a 23 anni \u00e8 il viceallenatore del Palestrina in Serie B, mentre nel 2012 ad Augusta, in Sicilia, oltre a essere assistente in prima squadra, diventa tecnico dell\u2019Under 21. La prima esperienza da capo allenatore di una prima squadra arriva nella stagione 2015\/2016, sempre in Sicilia, sulla panchina del Regalbuto che porta alla promozione dalla Serie C1 alla Serie B. Tre anni pi\u00f9 tardi il salto in Serie A, a Latina, mentre nella stagione 2019\/2020 entra nello staff della Nazionale di futsal, in qualit\u00e0 di collaboratore tecnico del Ct Alessio Musti. Chiusa l\u2019esperienza in maglia azzurra torna a Regalbuto, in Serie A2 e nel 2021 guida anche la squadra Under 19 allo Scudetto. La collaborazione con la FIGC prosegue e nel 2021: assieme al Settore Giovanile e Scolastico, sulla scia di quanto gi\u00e0 avviato con il calcio e i CFT, Paniccia avvia il progetto dedicato all\u2019attivit\u00e0 di sviluppo del futsal, i Centri di Sviluppo Territoriale diventando il referente del progetto Futsal+. Nel 2022 la Serie A torna a bussare alla sua porta e accetta la sfida della L84 Torino: nel 2023 vince la Coppa della Divisione \u2013 primo titolo dell\u2019attuale squadra campione d\u2019Italia in carica \u2013 e viene premiato dalla Divisione Calcio a 5 come il miglior allenatore della stagione. Fra le esperienze formative Paniccia \u00e8 stato, fra il 2009 e il 2014, formatore e allenatore della Juventus Soccer School, nonch\u00e9 docente ospite del Settore Tecnico nel corso Licenza A Futsal del 2024.<\/p>\n\n\n\n<p><strong>Fonte: divisionecalcioa5.it<\/strong><\/p>\n","protected":false},"excerpt":{"rendered":"<p>Chi lo conosce bene giura che il suo amore per il futsal sia totalizzante. Alfredo Paniccia \u00e8 il nuovo commissario tecnico della Nazionale femminile di futsal: succede a Francesca Salvatore che chiude cos\u00ec un ciclo di 9 anni, in cui ha guidato la Nazionale a nuovi e importanti traguardi, come la partecipazione al primo Mondiale [&hellip;]<\/p>\n","protected":false},"author":9,"featured_media":215669,"comment_status":"open","ping_status":"open","sticky":false,"template":"","format":"standard","meta":{"jnews-multi-image_gallery":[],"jnews_single_post":{"format":"standard"},"jnews_primary_category":[],"jnews_social_meta":[],"jnews_override_counter":[],"footnotes":""},"categories":[115],"tags":[1515],"class_list":["post-242893","post","type-post","status-publish","format-standard","has-post-thumbnail","hentry","category-nazionali","tag-prima"],"yoast_head":"<!-- This site is optimized with the Yoast SEO plugin v24.5 - https:\/\/yoast.com\/wordpress\/plugins\/seo\/ -->\n<title>Alfredo Paniccia \u00e8 il nuovo commissario tecnico della Nazionale femminile: \u201cSfida stimolante\u201d. Castiglia: \u201cUna scelta condivisa\u201d - Punto5.it<\/title>\n<meta name=\"robots\" content=\"index, follow, max-snippet:-1, max-image-preview:large, max-video-preview:-1\" \/>\n<link rel=\"canonical\" href=\"https:\/\/punto5.it\/news\/31-08-2026\/nazionali\/242893\/alfredo-paniccia-e-il-nuovo-commissario-tecnico-della-nazionale-femminile-sfida-stimolante-castiglia-una-scelta-condivisa\/\" \/>\n<meta property=\"og:locale\" content=\"it_IT\" \/>\n<meta property=\"og:type\" content=\"article\" \/>\n<meta property=\"og:title\" content=\"Alfredo Paniccia \u00e8 il nuovo commissario tecnico della Nazionale femminile: \u201cSfida stimolante\u201d. Castiglia: \u201cUna scelta condivisa\u201d - Punto5.it\" \/>\n<meta property=\"og:description\" content=\"Chi lo conosce bene giura che il suo amore per il futsal sia totalizzante. Alfredo Paniccia \u00e8 il nuovo commissario tecnico della Nazionale femminile di futsal: succede a Francesca Salvatore che chiude cos\u00ec un ciclo di 9 anni, in cui ha guidato la Nazionale a nuovi e importanti traguardi, come la partecipazione al primo Mondiale [&hellip;]\" \/>\n<meta property=\"og:url\" content=\"https:\/\/punto5.it\/news\/31-08-2026\/nazionali\/242893\/alfredo-paniccia-e-il-nuovo-commissario-tecnico-della-nazionale-femminile-sfida-stimolante-castiglia-una-scelta-condivisa\/\" \/>\n<meta property=\"og:site_name\" content=\"Punto5.it\" \/>\n<meta property=\"article:publisher\" content=\"https:\/\/www.facebook.com\/punto5.it\/\" \/>\n<meta property=\"article:published_time\" content=\"2026-08-31T09:03:00+00:00\" \/>\n<meta property=\"article:modified_time\" content=\"2026-08-31T14:05:30+00:00\" \/>\n<meta property=\"og:image\" content=\"https:\/\/punto5.it\/news\/wp-content\/uploads\/2024\/07\/Alfredo-Paniccia-presente-al-Centro-Tecnico-Federale-di-Coverciano.jpg\" \/>\n\t<meta property=\"og:image:width\" content=\"1200\" \/>\n\t<meta property=\"og:image:height\" content=\"664\" \/>\n\t<meta property=\"og:image:type\" content=\"image\/jpeg\" \/>\n<meta name=\"author\" content=\"Redazione Punto 5\" \/>\n<meta name=\"twitter:label1\" content=\"Scritto da\" \/>\n\t<meta name=\"twitter:data1\" content=\"Redazione Punto 5\" \/>\n\t<meta name=\"twitter:label2\" content=\"Tempo di lettura stimato\" \/>\n\t<meta name=\"twitter:data2\" content=\"6 minuti\" \/>\n<script type=\"application\/ld+json\" class=\"yoast-schema-graph\">{\"@context\":\"https:\/\/schema.org\",\"@graph\":[{\"@type\":\"Article\",\"@id\":\"https:\/\/punto5.it\/news\/31-08-2026\/nazionali\/242893\/alfredo-paniccia-e-il-nuovo-commissario-tecnico-della-nazionale-femminile-sfida-stimolante-castiglia-una-scelta-condivisa\/#article\",\"isPartOf\":{\"@id\":\"https:\/\/punto5.it\/news\/31-08-2026\/nazionali\/242893\/alfredo-paniccia-e-il-nuovo-commissario-tecnico-della-nazionale-femminile-sfida-stimolante-castiglia-una-scelta-condivisa\/\"},\"author\":{\"name\":\"Redazione Punto 5\",\"@id\":\"https:\/\/punto5.it\/news\/#\/schema\/person\/f43571c649bda323e609b937e7220560\"},\"headline\":\"Alfredo Paniccia \u00e8 il nuovo commissario tecnico della Nazionale femminile: \u201cSfida stimolante\u201d. Castiglia: \u201cUna scelta condivisa\u201d\",\"datePublished\":\"2026-08-31T09:03:00+00:00\",\"dateModified\":\"2026-08-31T14:05:30+00:00\",\"mainEntityOfPage\":{\"@id\":\"https:\/\/punto5.it\/news\/31-08-2026\/nazionali\/242893\/alfredo-paniccia-e-il-nuovo-commissario-tecnico-della-nazionale-femminile-sfida-stimolante-castiglia-una-scelta-condivisa\/\"},\"wordCount\":962,\"commentCount\":0,\"publisher\":{\"@id\":\"https:\/\/punto5.it\/news\/#organization\"},\"image\":{\"@id\":\"https:\/\/punto5.it\/news\/31-08-2026\/nazionali\/242893\/alfredo-paniccia-e-il-nuovo-commissario-tecnico-della-nazionale-femminile-sfida-stimolante-castiglia-una-scelta-condivisa\/#primaryimage\"},\"thumbnailUrl\":\"https:\/\/punto5.it\/news\/wp-content\/uploads\/2024\/07\/Alfredo-Paniccia-presente-al-Centro-Tecnico-Federale-di-Coverciano.jpg\",\"keywords\":[\"prima\"],\"articleSection\":[\"Nazionali\"],\"inLanguage\":\"it-IT\",\"potentialAction\":[{\"@type\":\"CommentAction\",\"name\":\"Comment\",\"target\":[\"https:\/\/punto5.it\/news\/31-08-2026\/nazionali\/242893\/alfredo-paniccia-e-il-nuovo-commissario-tecnico-della-nazionale-femminile-sfida-stimolante-castiglia-una-scelta-condivisa\/#respond\"]}]},{\"@type\":\"WebPage\",\"@id\":\"https:\/\/punto5.it\/news\/31-08-2026\/nazionali\/242893\/alfredo-paniccia-e-il-nuovo-commissario-tecnico-della-nazionale-femminile-sfida-stimolante-castiglia-una-scelta-condivisa\/\",\"url\":\"https:\/\/punto5.it\/news\/31-08-2026\/nazionali\/242893\/alfredo-paniccia-e-il-nuovo-commissario-tecnico-della-nazionale-femminile-sfida-stimolante-castiglia-una-scelta-condivisa\/\",\"name\":\"Alfredo Paniccia \u00e8 il nuovo commissario tecnico della Nazionale femminile: \u201cSfida stimolante\u201d. Castiglia: \u201cUna scelta condivisa\u201d - Punto5.it\",\"isPartOf\":{\"@id\":\"https:\/\/punto5.it\/news\/#website\"},\"primaryImageOfPage\":{\"@id\":\"https:\/\/punto5.it\/news\/31-08-2026\/nazionali\/242893\/alfredo-paniccia-e-il-nuovo-commissario-tecnico-della-nazionale-femminile-sfida-stimolante-castiglia-una-scelta-condivisa\/#primaryimage\"},\"image\":{\"@id\":\"https:\/\/punto5.it\/news\/31-08-2026\/nazionali\/242893\/alfredo-paniccia-e-il-nuovo-commissario-tecnico-della-nazionale-femminile-sfida-stimolante-castiglia-una-scelta-condivisa\/#primaryimage\"},\"thumbnailUrl\":\"https:\/\/punto5.it\/news\/wp-content\/uploads\/2024\/07\/Alfredo-Paniccia-presente-al-Centro-Tecnico-Federale-di-Coverciano.jpg\",\"datePublished\":\"2026-08-31T09:03:00+00:00\",\"dateModified\":\"2026-08-31T14:05:30+00:00\",\"breadcrumb\":{\"@id\":\"https:\/\/punto5.it\/news\/31-08-2026\/nazionali\/242893\/alfredo-paniccia-e-il-nuovo-commissario-tecnico-della-nazionale-femminile-sfida-stimolante-castiglia-una-scelta-condivisa\/#breadcrumb\"},\"inLanguage\":\"it-IT\",\"potentialAction\":[{\"@type\":\"ReadAction\",\"target\":[\"https:\/\/punto5.it\/news\/31-08-2026\/nazionali\/242893\/alfredo-paniccia-e-il-nuovo-commissario-tecnico-della-nazionale-femminile-sfida-stimolante-castiglia-una-scelta-condivisa\/\"]}]},{\"@type\":\"ImageObject\",\"inLanguage\":\"it-IT\",\"@id\":\"https:\/\/punto5.it\/news\/31-08-2026\/nazionali\/242893\/alfredo-paniccia-e-il-nuovo-commissario-tecnico-della-nazionale-femminile-sfida-stimolante-castiglia-una-scelta-condivisa\/#primaryimage\",\"url\":\"https:\/\/punto5.it\/news\/wp-content\/uploads\/2024\/07\/Alfredo-Paniccia-presente-al-Centro-Tecnico-Federale-di-Coverciano.jpg\",\"contentUrl\":\"https:\/\/punto5.it\/news\/wp-content\/uploads\/2024\/07\/Alfredo-Paniccia-presente-al-Centro-Tecnico-Federale-di-Coverciano.jpg\",\"width\":1200,\"height\":664,\"caption\":\"Alfredo Paniccia, nuovo ct della Nazionale femminile\"},{\"@type\":\"BreadcrumbList\",\"@id\":\"https:\/\/punto5.it\/news\/31-08-2026\/nazionali\/242893\/alfredo-paniccia-e-il-nuovo-commissario-tecnico-della-nazionale-femminile-sfida-stimolante-castiglia-una-scelta-condivisa\/#breadcrumb\",\"itemListElement\":[{\"@type\":\"ListItem\",\"position\":1,\"name\":\"Home\",\"item\":\"https:\/\/punto5.it\/news\/\"},{\"@type\":\"ListItem\",\"position\":2,\"name\":\"Alfredo Paniccia \u00e8 il nuovo commissario tecnico della Nazionale femminile: \u201cSfida stimolante\u201d. Castiglia: \u201cUna scelta condivisa\u201d\"}]},{\"@type\":\"WebSite\",\"@id\":\"https:\/\/punto5.it\/news\/#website\",\"url\":\"https:\/\/punto5.it\/news\/\",\"name\":\"Punto5.it\",\"description\":\"La tua risorsa gratuita sul calcio a 5 in Campania.\",\"publisher\":{\"@id\":\"https:\/\/punto5.it\/news\/#organization\"},\"potentialAction\":[{\"@type\":\"SearchAction\",\"target\":{\"@type\":\"EntryPoint\",\"urlTemplate\":\"https:\/\/punto5.it\/news\/?s={search_term_string}\"},\"query-input\":{\"@type\":\"PropertyValueSpecification\",\"valueRequired\":true,\"valueName\":\"search_term_string\"}}],\"inLanguage\":\"it-IT\"},{\"@type\":\"Organization\",\"@id\":\"https:\/\/punto5.it\/news\/#organization\",\"name\":\"Punto5\",\"url\":\"https:\/\/punto5.it\/news\/\",\"logo\":{\"@type\":\"ImageObject\",\"inLanguage\":\"it-IT\",\"@id\":\"https:\/\/punto5.it\/news\/#\/schema\/logo\/image\/\",\"url\":\"https:\/\/punto5.it\/news\/wp-content\/uploads\/2024\/12\/fbp5.png\",\"contentUrl\":\"https:\/\/punto5.it\/news\/wp-content\/uploads\/2024\/12\/fbp5.png\",\"width\":500,\"height\":500,\"caption\":\"Punto5\"},\"image\":{\"@id\":\"https:\/\/punto5.it\/news\/#\/schema\/logo\/image\/\"},\"sameAs\":[\"https:\/\/www.facebook.com\/punto5.it\/\"]},{\"@type\":\"Person\",\"@id\":\"https:\/\/punto5.it\/news\/#\/schema\/person\/f43571c649bda323e609b937e7220560\",\"name\":\"Redazione Punto 5\",\"image\":{\"@type\":\"ImageObject\",\"inLanguage\":\"it-IT\",\"@id\":\"https:\/\/punto5.it\/news\/#\/schema\/person\/image\/\",\"url\":\"https:\/\/secure.gravatar.com\/avatar\/423ce27dd258b3600399bf17a7454eeea31cf273646f568d4382fd2c4db91e5e?s=96&d=mm&r=g\",\"contentUrl\":\"https:\/\/secure.gravatar.com\/avatar\/423ce27dd258b3600399bf17a7454eeea31cf273646f568d4382fd2c4db91e5e?s=96&d=mm&r=g\",\"caption\":\"Redazione Punto 5\"},\"sameAs\":[\"http:\/\/www.punto5.it\"],\"url\":\"https:\/\/punto5.it\/news\/author\/redazione-punto-5\/\"}]}<\/script>\n<!-- \/ Yoast SEO plugin. -->","yoast_head_json":{"title":"Alfredo Paniccia \u00e8 il nuovo commissario tecnico della Nazionale femminile: \u201cSfida stimolante\u201d. Castiglia: \u201cUna scelta condivisa\u201d - Punto5.it","robots":{"index":"index","follow":"follow","max-snippet":"max-snippet:-1","max-image-preview":"max-image-preview:large","max-video-preview":"max-video-preview:-1"},"canonical":"https:\/\/punto5.it\/news\/31-08-2026\/nazionali\/242893\/alfredo-paniccia-e-il-nuovo-commissario-tecnico-della-nazionale-femminile-sfida-stimolante-castiglia-una-scelta-condivisa\/","og_locale":"it_IT","og_type":"article","og_title":"Alfredo Paniccia \u00e8 il nuovo commissario tecnico della Nazionale femminile: \u201cSfida stimolante\u201d. Castiglia: \u201cUna scelta condivisa\u201d - Punto5.it","og_description":"Chi lo conosce bene giura che il suo amore per il futsal sia totalizzante. Alfredo Paniccia \u00e8 il nuovo commissario tecnico della Nazionale femminile di futsal: succede a Francesca Salvatore che chiude cos\u00ec un ciclo di 9 anni, in cui ha guidato la Nazionale a nuovi e importanti traguardi, come la partecipazione al primo Mondiale [&hellip;]","og_url":"https:\/\/punto5.it\/news\/31-08-2026\/nazionali\/242893\/alfredo-paniccia-e-il-nuovo-commissario-tecnico-della-nazionale-femminile-sfida-stimolante-castiglia-una-scelta-condivisa\/","og_site_name":"Punto5.it","article_publisher":"https:\/\/www.facebook.com\/punto5.it\/","article_published_time":"2026-08-31T09:03:00+00:00","article_modified_time":"2026-08-31T14:05:30+00:00","og_image":[{"width":1200,"height":664,"url":"https:\/\/punto5.it\/news\/wp-content\/uploads\/2024\/07\/Alfredo-Paniccia-presente-al-Centro-Tecnico-Federale-di-Coverciano.jpg","type":"image\/jpeg"}],"author":"Redazione Punto 5","twitter_misc":{"Scritto da":"Redazione Punto 5","Tempo di lettura stimato":"6 minuti"},"schema":{"@context":"https:\/\/schema.org","@graph":[{"@type":"Article","@id":"https:\/\/punto5.it\/news\/31-08-2026\/nazionali\/242893\/alfredo-paniccia-e-il-nuovo-commissario-tecnico-della-nazionale-femminile-sfida-stimolante-castiglia-una-scelta-condivisa\/#article","isPartOf":{"@id":"https:\/\/punto5.it\/news\/31-08-2026\/nazionali\/242893\/alfredo-paniccia-e-il-nuovo-commissario-tecnico-della-nazionale-femminile-sfida-stimolante-castiglia-una-scelta-condivisa\/"},"author":{"name":"Redazione Punto 5","@id":"https:\/\/punto5.it\/news\/#\/schema\/person\/f43571c649bda323e609b937e7220560"},"headline":"Alfredo Paniccia \u00e8 il nuovo commissario tecnico della Nazionale femminile: \u201cSfida stimolante\u201d. Castiglia: \u201cUna scelta condivisa\u201d","datePublished":"2026-08-31T09:03:00+00:00","dateModified":"2026-08-31T14:05:30+00:00","mainEntityOfPage":{"@id":"https:\/\/punto5.it\/news\/31-08-2026\/nazionali\/242893\/alfredo-paniccia-e-il-nuovo-commissario-tecnico-della-nazionale-femminile-sfida-stimolante-castiglia-una-scelta-condivisa\/"},"wordCount":962,"commentCount":0,"publisher":{"@id":"https:\/\/punto5.it\/news\/#organization"},"image":{"@id":"https:\/\/punto5.it\/news\/31-08-2026\/nazionali\/242893\/alfredo-paniccia-e-il-nuovo-commissario-tecnico-della-nazionale-femminile-sfida-stimolante-castiglia-una-scelta-condivisa\/#primaryimage"},"thumbnailUrl":"https:\/\/punto5.it\/news\/wp-content\/uploads\/2024\/07\/Alfredo-Paniccia-presente-al-Centro-Tecnico-Federale-di-Coverciano.jpg","keywords":["prima"],"articleSection":["Nazionali"],"inLanguage":"it-IT","potentialAction":[{"@type":"CommentAction","name":"Comment","target":["https:\/\/punto5.it\/news\/31-08-2026\/nazionali\/242893\/alfredo-paniccia-e-il-nuovo-commissario-tecnico-della-nazionale-femminile-sfida-stimolante-castiglia-una-scelta-condivisa\/#respond"]}]},{"@type":"WebPage","@id":"https:\/\/punto5.it\/news\/31-08-2026\/nazionali\/242893\/alfredo-paniccia-e-il-nuovo-commissario-tecnico-della-nazionale-femminile-sfida-stimolante-castiglia-una-scelta-condivisa\/","url":"https:\/\/punto5.it\/news\/31-08-2026\/nazionali\/242893\/alfredo-paniccia-e-il-nuovo-commissario-tecnico-della-nazionale-femminile-sfida-stimolante-castiglia-una-scelta-condivisa\/","name":"Alfredo Paniccia \u00e8 il nuovo commissario tecnico della Nazionale femminile: \u201cSfida stimolante\u201d. Castiglia: \u201cUna scelta condivisa\u201d - Punto5.it","isPartOf":{"@id":"https:\/\/punto5.it\/news\/#website"},"primaryImageOfPage":{"@id":"https:\/\/punto5.it\/news\/31-08-2026\/nazionali\/242893\/alfredo-paniccia-e-il-nuovo-commissario-tecnico-della-nazionale-femminile-sfida-stimolante-castiglia-una-scelta-condivisa\/#primaryimage"},"image":{"@id":"https:\/\/punto5.it\/news\/31-08-2026\/nazionali\/242893\/alfredo-paniccia-e-il-nuovo-commissario-tecnico-della-nazionale-femminile-sfida-stimolante-castiglia-una-scelta-condivisa\/#primaryimage"},"thumbnailUrl":"https:\/\/punto5.it\/news\/wp-content\/uploads\/2024\/07\/Alfredo-Paniccia-presente-al-Centro-Tecnico-Federale-di-Coverciano.jpg","datePublished":"2026-08-31T09:03:00+00:00","dateModified":"2026-08-31T14:05:30+00:00","breadcrumb":{"@id":"https:\/\/punto5.it\/news\/31-08-2026\/nazionali\/242893\/alfredo-paniccia-e-il-nuovo-commissario-tecnico-della-nazionale-femminile-sfida-stimolante-castiglia-una-scelta-condivisa\/#breadcrumb"},"inLanguage":"it-IT","potentialAction":[{"@type":"ReadAction","target":["https:\/\/punto5.it\/news\/31-08-2026\/nazionali\/242893\/alfredo-paniccia-e-il-nuovo-commissario-tecnico-della-nazionale-femminile-sfida-stimolante-castiglia-una-scelta-condivisa\/"]}]},{"@type":"ImageObject","inLanguage":"it-IT","@id":"https:\/\/punto5.it\/news\/31-08-2026\/nazionali\/242893\/alfredo-paniccia-e-il-nuovo-commissario-tecnico-della-nazionale-femminile-sfida-stimolante-castiglia-una-scelta-condivisa\/#primaryimage","url":"https:\/\/punto5.it\/news\/wp-content\/uploads\/2024\/07\/Alfredo-Paniccia-presente-al-Centro-Tecnico-Federale-di-Coverciano.jpg","contentUrl":"https:\/\/punto5.it\/news\/wp-content\/uploads\/2024\/07\/Alfredo-Paniccia-presente-al-Centro-Tecnico-Federale-di-Coverciano.jpg","width":1200,"height":664,"caption":"Alfredo Paniccia, nuovo ct della Nazionale femminile"},{"@type":"BreadcrumbList","@id":"https:\/\/punto5.it\/news\/31-08-2026\/nazionali\/242893\/alfredo-paniccia-e-il-nuovo-commissario-tecnico-della-nazionale-femminile-sfida-stimolante-castiglia-una-scelta-condivisa\/#breadcrumb","itemListElement":[{"@type":"ListItem","position":1,"name":"Home","item":"https:\/\/punto5.it\/news\/"},{"@type":"ListItem","position":2,"name":"Alfredo Paniccia \u00e8 il nuovo commissario tecnico della Nazionale femminile: \u201cSfida stimolante\u201d. Castiglia: \u201cUna scelta condivisa\u201d"}]},{"@type":"WebSite","@id":"https:\/\/punto5.it\/news\/#website","url":"https:\/\/punto5.it\/news\/","name":"Punto5.it","description":"La tua risorsa gratuita sul calcio a 5 in Campania.","publisher":{"@id":"https:\/\/punto5.it\/news\/#organization"},"potentialAction":[{"@type":"SearchAction","target":{"@type":"EntryPoint","urlTemplate":"https:\/\/punto5.it\/news\/?s={search_term_string}"},"query-input":{"@type":"PropertyValueSpecification","valueRequired":true,"valueName":"search_term_string"}}],"inLanguage":"it-IT"},{"@type":"Organization","@id":"https:\/\/punto5.it\/news\/#organization","name":"Punto5","url":"https:\/\/punto5.it\/news\/","logo":{"@type":"ImageObject","inLanguage":"it-IT","@id":"https:\/\/punto5.it\/news\/#\/schema\/logo\/image\/","url":"https:\/\/punto5.it\/news\/wp-content\/uploads\/2024\/12\/fbp5.png","contentUrl":"https:\/\/punto5.it\/news\/wp-content\/uploads\/2024\/12\/fbp5.png","width":500,"height":500,"caption":"Punto5"},"image":{"@id":"https:\/\/punto5.it\/news\/#\/schema\/logo\/image\/"},"sameAs":["https:\/\/www.facebook.com\/punto5.it\/"]},{"@type":"Person","@id":"https:\/\/punto5.it\/news\/#\/schema\/person\/f43571c649bda323e609b937e7220560","name":"Redazione Punto 5","image":{"@type":"ImageObject","inLanguage":"it-IT","@id":"https:\/\/punto5.it\/news\/#\/schema\/person\/image\/","url":"https:\/\/secure.gravatar.com\/avatar\/423ce27dd258b3600399bf17a7454eeea31cf273646f568d4382fd2c4db91e5e?s=96&d=mm&r=g","contentUrl":"https:\/\/secure.gravatar.com\/avatar\/423ce27dd258b3600399bf17a7454eeea31cf273646f568d4382fd2c4db91e5e?s=96&d=mm&r=g","caption":"Redazione Punto 5"},"sameAs":["http:\/\/www.punto5.it"],"url":"https:\/\/punto5.it\/news\/author\/redazione-punto-5\/"}]}},"_links":{"self":[{"href":"https:\/\/punto5.it\/news\/wp-json\/wp\/v2\/posts\/242893","targetHints":{"allow":["GET"]}}],"collection":[{"href":"https:\/\/punto5.it\/news\/wp-json\/wp\/v2\/posts"}],"about":[{"href":"https:\/\/punto5.it\/news\/wp-json\/wp\/v2\/types\/post"}],"author":[{"embeddable":true,"href":"https:\/\/punto5.it\/news\/wp-json\/wp\/v2\/users\/9"}],"replies":[{"embeddable":true,"href":"https:\/\/punto5.it\/news\/wp-json\/wp\/v2\/comments?post=242893"}],"version-history":[{"count":1,"href":"https:\/\/punto5.it\/news\/wp-json\/wp\/v2\/posts\/242893\/revisions"}],"predecessor-version":[{"id":242894,"href":"https:\/\/punto5.it\/news\/wp-json\/wp\/v2\/posts\/242893\/revisions\/242894"}],"wp:featuredmedia":[{"embeddable":true,"href":"https:\/\/punto5.it\/news\/wp-json\/wp\/v2\/media\/215669"}],"wp:attachment":[{"href":"https:\/\/punto5.it\/news\/wp-json\/wp\/v2\/media?parent=242893"}],"wp:term":[{"taxonomy":"category","embeddable":true,"href":"https:\/\/punto5.it\/news\/wp-json\/wp\/v2\/categories?post=242893"},{"taxonomy":"post_tag","embeddable":true,"href":"https:\/\/punto5.it\/news\/wp-json\/wp\/v2\/tags?post=242893"}],"curies":[{"name":"wp","href":"https:\/\/api.w.org\/{rel}","templated":true}]}}