{"id":242899,"date":"2026-09-01T12:29:44","date_gmt":"2026-09-01T10:29:44","guid":{"rendered":"https:\/\/punto5.it\/news\/?p=242899"},"modified":"2026-09-01T12:29:47","modified_gmt":"2026-09-01T10:29:47","slug":"pronti-a-ripartire-e-la-settimana-che-porta-a-play-tutte-le-info-della-sesta-edizione","status":"publish","type":"post","link":"https:\/\/punto5.it\/news\/01-09-2026\/varie\/242899\/pronti-a-ripartire-e-la-settimana-che-porta-a-play-tutte-le-info-della-sesta-edizione\/","title":{"rendered":"Pronti a ripartire? \u00c8 la settimana che porta a Play: tutte le info della sesta edizione"},"content":{"rendered":"\n<p>In principio furono i capolavori di Enrico Del Debbio e i memorabili affreschi novecenteschi ad abbracciare&nbsp;<strong>Play<\/strong>, e quell\u2019idea figlia dell\u2019aggregazione di dar vita a una nuova stagione di futsal, tutti insieme. Era il 3 settembre del 2021. Anche la seconda edizione fu celebrata presso il Palazzo H, all\u2019interno del complesso del Foro Italico, storica sede del CONI, prima che Play cominciasse a viaggiare, tra una visita milanese a Sky e un ritorno a Roma al CPO Giulio Onesti, passando per il Centro Tecnico Federale Luigi Ridolfi di Coverciano, location simbolo e di culto dell\u2019intero sport italiano. La&nbsp;<strong>sesta edizione<\/strong>&nbsp;dell\u2019evento che apre una nuova stagione di futsal torna a&nbsp;<strong>Roma<\/strong>, in una location iconica, a due passi dalla sede dell\u2019indimenticabile Notte Magica del futsal del 25 giugno 2015.&nbsp;<strong>Domenica 6 settembre<\/strong>, infatti, sar\u00e0 lo&nbsp;<strong>Stadio Olimpico<\/strong>&nbsp;il teatro del taglio del nastro dell\u2019annata che verr\u00e0.&nbsp;<\/p>\n\n\n\n<p><strong>IL PROGRAMMA \u2013<\/strong>&nbsp;L\u2019iconico impianto della Capitale, situato nella pianura tra le pendici meridionali di Monte Mario e il fiume Tevere, ospiter\u00e0 la&nbsp;<strong>presentazione ufficiale della stagione 2026\/2027<\/strong>, in programma per le<strong>&nbsp;ore 12<\/strong>. Tra le iniziative previste spicca l\u2019<strong>incontro<\/strong>&nbsp;delle ore 15, sempre utile e costruttivo, tra&nbsp;<strong>arbitri, allenatori e capitani<\/strong>, per il quale \u00e8&nbsp;<strong>necessaria l\u2019iscrizione<\/strong>&nbsp;(<a href=\"https:\/\/docs.google.com\/forms\/d\/e\/1FAIpQLSdEkvYchUxfRv0haJMSAwiZyLxLapwDgSRhT8aCL2hEJjfD2g\/viewform\"><strong>IL LINK<\/strong><\/a>), con la novit\u00e0 rappresentata da Alessandro Malfer, nominato responsabile della CAN 5 \u00c9lite.&nbsp;<\/p>\n\n\n\n<p><strong>CASTIGLIA \u2013<\/strong>&nbsp;\u201cSi alza il sipario sull\u2019evento che inaugura ufficialmente una nuova stagione del futsal italiano, uno spettacolo che il nostro movimento continua a costruire con passione, competenza e ambizione \u2013 esordisce il&nbsp;<strong>Presidente della Divisione Calcio a 5 Stefano Castiglia<\/strong>&nbsp;-. Play rappresenta ormai un appuntamento identitario: il momento in cui ci fermiamo a raccontare quanto realizzato nella stagione appena conclusa e, allo stesso tempo, presentiamo la visione, i progetti e gli obiettivi che accompagneranno il nostro cammino nel 2026\/2027. \u00c8 un\u2019occasione di condivisione, entusiasmo e appartenenza che coinvolge l\u2019intero movimento del futsal italiano. Quest\u2019anno, inoltre, avremo il piacere di vivere questo momento in una cornice dal valore simbolico straordinario: lo Stadio Olimpico di Roma, uno dei luoghi pi\u00f9 iconici dello sport italiano. Una location prestigiosa che testimonia la crescente considerazione di cui gode il futsal e il percorso di valorizzazione che stiamo portando avanti con determinazione. La stagione appena conclusa ci ha regalato pagine straordinarie. L\u2019organizzazione, per la prima volta in Italia, della Final Four della UEFA Futsal Champions League ha rappresentato un traguardo storico, capace di proiettare il nostro movimento in una dimensione internazionale e di rafforzare ulteriormente il valore del brand del futsal italiano. Ma \u00e8 stato solo uno dei tanti risultati raggiunti in un anno caratterizzato da una crescita costante sotto il profilo sportivo, organizzativo e della visibilit\u00e0. Oggi possiamo affermare con convinzione che il futsal italiano ha intrapreso una strada chiara, fatta di progettualit\u00e0, investimenti, innovazione e collaborazione. Una strada che richiede il contributo di tutti, perch\u00e9 il cambiamento non appartiene a una sola persona o a una sola istituzione: appartiene a un\u2019intera comunit\u00e0 che ha scelto di credere nel valore del futsal e nelle sue enormi potenzialit\u00e0. A tutti rivolgo il mio pi\u00f9 sincero augurio di buone vacanze. Ricarichiamo le energie, perch\u00e9 tra poco si torner\u00e0 nei palazzetti, dove si respira l\u2019essenza pi\u00f9 autentica del nostro sport. Sono certo che ci aspetta un\u2019altra stagione ricca di emozioni, sfide e nuovi traguardi. Perch\u00e9 il futuro del futsal italiano non \u00e8 qualcosa da attendere. \u00c8 qualcosa che, insieme, stiamo gi\u00e0 costruendo\u201d.<\/p>\n\n\n\n<p><strong>Fonte: divisionecalcioa5.it<\/strong><\/p>\n","protected":false},"excerpt":{"rendered":"<p>In principio furono i capolavori di Enrico Del Debbio e i memorabili affreschi novecenteschi ad abbracciare&nbsp;Play, e quell\u2019idea figlia dell\u2019aggregazione di dar vita a una nuova stagione di futsal, tutti insieme. Era il 3 settembre del 2021. Anche la seconda edizione fu celebrata presso il Palazzo H, all\u2019interno del complesso del Foro Italico, storica sede [&hellip;]<\/p>\n","protected":false},"author":9,"featured_media":242474,"comment_status":"open","ping_status":"open","sticky":false,"template":"","format":"standard","meta":{"jnews-multi-image_gallery":[],"jnews_single_post":{"format":"standard"},"jnews_primary_category":[],"jnews_social_meta":[],"jnews_override_counter":[],"footnotes":""},"categories":[304],"tags":[],"class_list":["post-242899","post","type-post","status-publish","format-standard","has-post-thumbnail","hentry","category-varie"],"yoast_head":"<!-- This site is optimized with the Yoast SEO plugin v24.5 - https:\/\/yoast.com\/wordpress\/plugins\/seo\/ -->\n<title>Pronti a ripartire? \u00c8 la settimana che porta a Play: tutte le info della sesta edizione - Punto5.it<\/title>\n<meta name=\"robots\" content=\"index, follow, max-snippet:-1, max-image-preview:large, max-video-preview:-1\" \/>\n<link rel=\"canonical\" href=\"https:\/\/punto5.it\/news\/01-09-2026\/varie\/242899\/pronti-a-ripartire-e-la-settimana-che-porta-a-play-tutte-le-info-della-sesta-edizione\/\" \/>\n<meta property=\"og:locale\" content=\"it_IT\" \/>\n<meta property=\"og:type\" content=\"article\" \/>\n<meta property=\"og:title\" content=\"Pronti a ripartire? \u00c8 la settimana che porta a Play: tutte le info della sesta edizione - Punto5.it\" \/>\n<meta property=\"og:description\" content=\"In principio furono i capolavori di Enrico Del Debbio e i memorabili affreschi novecenteschi ad abbracciare&nbsp;Play, e quell\u2019idea figlia dell\u2019aggregazione di dar vita a una nuova stagione di futsal, tutti insieme. Era il 3 settembre del 2021. Anche la seconda edizione fu celebrata presso il Palazzo H, all\u2019interno del complesso del Foro Italico, storica sede [&hellip;]\" \/>\n<meta property=\"og:url\" content=\"https:\/\/punto5.it\/news\/01-09-2026\/varie\/242899\/pronti-a-ripartire-e-la-settimana-che-porta-a-play-tutte-le-info-della-sesta-edizione\/\" \/>\n<meta property=\"og:site_name\" content=\"Punto5.it\" \/>\n<meta property=\"article:publisher\" content=\"https:\/\/www.facebook.com\/punto5.it\/\" \/>\n<meta property=\"article:published_time\" content=\"2026-09-01T10:29:44+00:00\" \/>\n<meta property=\"article:modified_time\" content=\"2026-09-01T10:29:47+00:00\" \/>\n<meta property=\"og:image\" content=\"https:\/\/punto5.it\/news\/wp-content\/uploads\/2026\/07\/Play.jpeg\" \/>\n\t<meta property=\"og:image:width\" content=\"1600\" \/>\n\t<meta property=\"og:image:height\" content=\"900\" \/>\n\t<meta property=\"og:image:type\" content=\"image\/jpeg\" \/>\n<meta name=\"author\" content=\"Redazione Punto 5\" \/>\n<meta name=\"twitter:label1\" content=\"Scritto da\" \/>\n\t<meta name=\"twitter:data1\" content=\"Redazione Punto 5\" \/>\n\t<meta name=\"twitter:label2\" content=\"Tempo di lettura stimato\" \/>\n\t<meta name=\"twitter:data2\" content=\"4 minuti\" \/>\n<script type=\"application\/ld+json\" class=\"yoast-schema-graph\">{\"@context\":\"https:\/\/schema.org\",\"@graph\":[{\"@type\":\"Article\",\"@id\":\"https:\/\/punto5.it\/news\/01-09-2026\/varie\/242899\/pronti-a-ripartire-e-la-settimana-che-porta-a-play-tutte-le-info-della-sesta-edizione\/#article\",\"isPartOf\":{\"@id\":\"https:\/\/punto5.it\/news\/01-09-2026\/varie\/242899\/pronti-a-ripartire-e-la-settimana-che-porta-a-play-tutte-le-info-della-sesta-edizione\/\"},\"author\":{\"name\":\"Redazione Punto 5\",\"@id\":\"https:\/\/punto5.it\/news\/#\/schema\/person\/f43571c649bda323e609b937e7220560\"},\"headline\":\"Pronti a ripartire? \u00c8 la settimana che porta a Play: tutte le info della sesta edizione\",\"datePublished\":\"2026-09-01T10:29:44+00:00\",\"dateModified\":\"2026-09-01T10:29:47+00:00\",\"mainEntityOfPage\":{\"@id\":\"https:\/\/punto5.it\/news\/01-09-2026\/varie\/242899\/pronti-a-ripartire-e-la-settimana-che-porta-a-play-tutte-le-info-della-sesta-edizione\/\"},\"wordCount\":601,\"commentCount\":0,\"publisher\":{\"@id\":\"https:\/\/punto5.it\/news\/#organization\"},\"image\":{\"@id\":\"https:\/\/punto5.it\/news\/01-09-2026\/varie\/242899\/pronti-a-ripartire-e-la-settimana-che-porta-a-play-tutte-le-info-della-sesta-edizione\/#primaryimage\"},\"thumbnailUrl\":\"https:\/\/punto5.it\/news\/wp-content\/uploads\/2026\/07\/Play.jpeg\",\"articleSection\":[\"Varie\"],\"inLanguage\":\"it-IT\",\"potentialAction\":[{\"@type\":\"CommentAction\",\"name\":\"Comment\",\"target\":[\"https:\/\/punto5.it\/news\/01-09-2026\/varie\/242899\/pronti-a-ripartire-e-la-settimana-che-porta-a-play-tutte-le-info-della-sesta-edizione\/#respond\"]}]},{\"@type\":\"WebPage\",\"@id\":\"https:\/\/punto5.it\/news\/01-09-2026\/varie\/242899\/pronti-a-ripartire-e-la-settimana-che-porta-a-play-tutte-le-info-della-sesta-edizione\/\",\"url\":\"https:\/\/punto5.it\/news\/01-09-2026\/varie\/242899\/pronti-a-ripartire-e-la-settimana-che-porta-a-play-tutte-le-info-della-sesta-edizione\/\",\"name\":\"Pronti a ripartire? \u00c8 la settimana che porta a Play: tutte le info della sesta edizione - Punto5.it\",\"isPartOf\":{\"@id\":\"https:\/\/punto5.it\/news\/#website\"},\"primaryImageOfPage\":{\"@id\":\"https:\/\/punto5.it\/news\/01-09-2026\/varie\/242899\/pronti-a-ripartire-e-la-settimana-che-porta-a-play-tutte-le-info-della-sesta-edizione\/#primaryimage\"},\"image\":{\"@id\":\"https:\/\/punto5.it\/news\/01-09-2026\/varie\/242899\/pronti-a-ripartire-e-la-settimana-che-porta-a-play-tutte-le-info-della-sesta-edizione\/#primaryimage\"},\"thumbnailUrl\":\"https:\/\/punto5.it\/news\/wp-content\/uploads\/2026\/07\/Play.jpeg\",\"datePublished\":\"2026-09-01T10:29:44+00:00\",\"dateModified\":\"2026-09-01T10:29:47+00:00\",\"breadcrumb\":{\"@id\":\"https:\/\/punto5.it\/news\/01-09-2026\/varie\/242899\/pronti-a-ripartire-e-la-settimana-che-porta-a-play-tutte-le-info-della-sesta-edizione\/#breadcrumb\"},\"inLanguage\":\"it-IT\",\"potentialAction\":[{\"@type\":\"ReadAction\",\"target\":[\"https:\/\/punto5.it\/news\/01-09-2026\/varie\/242899\/pronti-a-ripartire-e-la-settimana-che-porta-a-play-tutte-le-info-della-sesta-edizione\/\"]}]},{\"@type\":\"ImageObject\",\"inLanguage\":\"it-IT\",\"@id\":\"https:\/\/punto5.it\/news\/01-09-2026\/varie\/242899\/pronti-a-ripartire-e-la-settimana-che-porta-a-play-tutte-le-info-della-sesta-edizione\/#primaryimage\",\"url\":\"https:\/\/punto5.it\/news\/wp-content\/uploads\/2026\/07\/Play.jpeg\",\"contentUrl\":\"https:\/\/punto5.it\/news\/wp-content\/uploads\/2026\/07\/Play.jpeg\",\"width\":1600,\"height\":900},{\"@type\":\"BreadcrumbList\",\"@id\":\"https:\/\/punto5.it\/news\/01-09-2026\/varie\/242899\/pronti-a-ripartire-e-la-settimana-che-porta-a-play-tutte-le-info-della-sesta-edizione\/#breadcrumb\",\"itemListElement\":[{\"@type\":\"ListItem\",\"position\":1,\"name\":\"Home\",\"item\":\"https:\/\/punto5.it\/news\/\"},{\"@type\":\"ListItem\",\"position\":2,\"name\":\"Pronti a ripartire? \u00c8 la settimana che porta a Play: tutte le info della sesta edizione\"}]},{\"@type\":\"WebSite\",\"@id\":\"https:\/\/punto5.it\/news\/#website\",\"url\":\"https:\/\/punto5.it\/news\/\",\"name\":\"Punto5.it\",\"description\":\"La tua risorsa gratuita sul calcio a 5 in Campania.\",\"publisher\":{\"@id\":\"https:\/\/punto5.it\/news\/#organization\"},\"potentialAction\":[{\"@type\":\"SearchAction\",\"target\":{\"@type\":\"EntryPoint\",\"urlTemplate\":\"https:\/\/punto5.it\/news\/?s={search_term_string}\"},\"query-input\":{\"@type\":\"PropertyValueSpecification\",\"valueRequired\":true,\"valueName\":\"search_term_string\"}}],\"inLanguage\":\"it-IT\"},{\"@type\":\"Organization\",\"@id\":\"https:\/\/punto5.it\/news\/#organization\",\"name\":\"Punto5\",\"url\":\"https:\/\/punto5.it\/news\/\",\"logo\":{\"@type\":\"ImageObject\",\"inLanguage\":\"it-IT\",\"@id\":\"https:\/\/punto5.it\/news\/#\/schema\/logo\/image\/\",\"url\":\"https:\/\/punto5.it\/news\/wp-content\/uploads\/2024\/12\/fbp5.png\",\"contentUrl\":\"https:\/\/punto5.it\/news\/wp-content\/uploads\/2024\/12\/fbp5.png\",\"width\":500,\"height\":500,\"caption\":\"Punto5\"},\"image\":{\"@id\":\"https:\/\/punto5.it\/news\/#\/schema\/logo\/image\/\"},\"sameAs\":[\"https:\/\/www.facebook.com\/punto5.it\/\"]},{\"@type\":\"Person\",\"@id\":\"https:\/\/punto5.it\/news\/#\/schema\/person\/f43571c649bda323e609b937e7220560\",\"name\":\"Redazione Punto 5\",\"image\":{\"@type\":\"ImageObject\",\"inLanguage\":\"it-IT\",\"@id\":\"https:\/\/punto5.it\/news\/#\/schema\/person\/image\/\",\"url\":\"https:\/\/secure.gravatar.com\/avatar\/423ce27dd258b3600399bf17a7454eeea31cf273646f568d4382fd2c4db91e5e?s=96&d=mm&r=g\",\"contentUrl\":\"https:\/\/secure.gravatar.com\/avatar\/423ce27dd258b3600399bf17a7454eeea31cf273646f568d4382fd2c4db91e5e?s=96&d=mm&r=g\",\"caption\":\"Redazione Punto 5\"},\"sameAs\":[\"http:\/\/www.punto5.it\"],\"url\":\"https:\/\/punto5.it\/news\/author\/redazione-punto-5\/\"}]}<\/script>\n<!-- \/ Yoast SEO plugin. -->","yoast_head_json":{"title":"Pronti a ripartire? \u00c8 la settimana che porta a Play: tutte le info della sesta edizione - Punto5.it","robots":{"index":"index","follow":"follow","max-snippet":"max-snippet:-1","max-image-preview":"max-image-preview:large","max-video-preview":"max-video-preview:-1"},"canonical":"https:\/\/punto5.it\/news\/01-09-2026\/varie\/242899\/pronti-a-ripartire-e-la-settimana-che-porta-a-play-tutte-le-info-della-sesta-edizione\/","og_locale":"it_IT","og_type":"article","og_title":"Pronti a ripartire? \u00c8 la settimana che porta a Play: tutte le info della sesta edizione - Punto5.it","og_description":"In principio furono i capolavori di Enrico Del Debbio e i memorabili affreschi novecenteschi ad abbracciare&nbsp;Play, e quell\u2019idea figlia dell\u2019aggregazione di dar vita a una nuova stagione di futsal, tutti insieme. Era il 3 settembre del 2021. Anche la seconda edizione fu celebrata presso il Palazzo H, all\u2019interno del complesso del Foro Italico, storica sede [&hellip;]","og_url":"https:\/\/punto5.it\/news\/01-09-2026\/varie\/242899\/pronti-a-ripartire-e-la-settimana-che-porta-a-play-tutte-le-info-della-sesta-edizione\/","og_site_name":"Punto5.it","article_publisher":"https:\/\/www.facebook.com\/punto5.it\/","article_published_time":"2026-09-01T10:29:44+00:00","article_modified_time":"2026-09-01T10:29:47+00:00","og_image":[{"width":1600,"height":900,"url":"https:\/\/punto5.it\/news\/wp-content\/uploads\/2026\/07\/Play.jpeg","type":"image\/jpeg"}],"author":"Redazione Punto 5","twitter_misc":{"Scritto da":"Redazione Punto 5","Tempo di lettura stimato":"4 minuti"},"schema":{"@context":"https:\/\/schema.org","@graph":[{"@type":"Article","@id":"https:\/\/punto5.it\/news\/01-09-2026\/varie\/242899\/pronti-a-ripartire-e-la-settimana-che-porta-a-play-tutte-le-info-della-sesta-edizione\/#article","isPartOf":{"@id":"https:\/\/punto5.it\/news\/01-09-2026\/varie\/242899\/pronti-a-ripartire-e-la-settimana-che-porta-a-play-tutte-le-info-della-sesta-edizione\/"},"author":{"name":"Redazione Punto 5","@id":"https:\/\/punto5.it\/news\/#\/schema\/person\/f43571c649bda323e609b937e7220560"},"headline":"Pronti a ripartire? \u00c8 la settimana che porta a Play: tutte le info della sesta edizione","datePublished":"2026-09-01T10:29:44+00:00","dateModified":"2026-09-01T10:29:47+00:00","mainEntityOfPage":{"@id":"https:\/\/punto5.it\/news\/01-09-2026\/varie\/242899\/pronti-a-ripartire-e-la-settimana-che-porta-a-play-tutte-le-info-della-sesta-edizione\/"},"wordCount":601,"commentCount":0,"publisher":{"@id":"https:\/\/punto5.it\/news\/#organization"},"image":{"@id":"https:\/\/punto5.it\/news\/01-09-2026\/varie\/242899\/pronti-a-ripartire-e-la-settimana-che-porta-a-play-tutte-le-info-della-sesta-edizione\/#primaryimage"},"thumbnailUrl":"https:\/\/punto5.it\/news\/wp-content\/uploads\/2026\/07\/Play.jpeg","articleSection":["Varie"],"inLanguage":"it-IT","potentialAction":[{"@type":"CommentAction","name":"Comment","target":["https:\/\/punto5.it\/news\/01-09-2026\/varie\/242899\/pronti-a-ripartire-e-la-settimana-che-porta-a-play-tutte-le-info-della-sesta-edizione\/#respond"]}]},{"@type":"WebPage","@id":"https:\/\/punto5.it\/news\/01-09-2026\/varie\/242899\/pronti-a-ripartire-e-la-settimana-che-porta-a-play-tutte-le-info-della-sesta-edizione\/","url":"https:\/\/punto5.it\/news\/01-09-2026\/varie\/242899\/pronti-a-ripartire-e-la-settimana-che-porta-a-play-tutte-le-info-della-sesta-edizione\/","name":"Pronti a ripartire? \u00c8 la settimana che porta a Play: tutte le info della sesta edizione - Punto5.it","isPartOf":{"@id":"https:\/\/punto5.it\/news\/#website"},"primaryImageOfPage":{"@id":"https:\/\/punto5.it\/news\/01-09-2026\/varie\/242899\/pronti-a-ripartire-e-la-settimana-che-porta-a-play-tutte-le-info-della-sesta-edizione\/#primaryimage"},"image":{"@id":"https:\/\/punto5.it\/news\/01-09-2026\/varie\/242899\/pronti-a-ripartire-e-la-settimana-che-porta-a-play-tutte-le-info-della-sesta-edizione\/#primaryimage"},"thumbnailUrl":"https:\/\/punto5.it\/news\/wp-content\/uploads\/2026\/07\/Play.jpeg","datePublished":"2026-09-01T10:29:44+00:00","dateModified":"2026-09-01T10:29:47+00:00","breadcrumb":{"@id":"https:\/\/punto5.it\/news\/01-09-2026\/varie\/242899\/pronti-a-ripartire-e-la-settimana-che-porta-a-play-tutte-le-info-della-sesta-edizione\/#breadcrumb"},"inLanguage":"it-IT","potentialAction":[{"@type":"ReadAction","target":["https:\/\/punto5.it\/news\/01-09-2026\/varie\/242899\/pronti-a-ripartire-e-la-settimana-che-porta-a-play-tutte-le-info-della-sesta-edizione\/"]}]},{"@type":"ImageObject","inLanguage":"it-IT","@id":"https:\/\/punto5.it\/news\/01-09-2026\/varie\/242899\/pronti-a-ripartire-e-la-settimana-che-porta-a-play-tutte-le-info-della-sesta-edizione\/#primaryimage","url":"https:\/\/punto5.it\/news\/wp-content\/uploads\/2026\/07\/Play.jpeg","contentUrl":"https:\/\/punto5.it\/news\/wp-content\/uploads\/2026\/07\/Play.jpeg","width":1600,"height":900},{"@type":"BreadcrumbList","@id":"https:\/\/punto5.it\/news\/01-09-2026\/varie\/242899\/pronti-a-ripartire-e-la-settimana-che-porta-a-play-tutte-le-info-della-sesta-edizione\/#breadcrumb","itemListElement":[{"@type":"ListItem","position":1,"name":"Home","item":"https:\/\/punto5.it\/news\/"},{"@type":"ListItem","position":2,"name":"Pronti a ripartire? \u00c8 la settimana che porta a Play: tutte le info della sesta edizione"}]},{"@type":"WebSite","@id":"https:\/\/punto5.it\/news\/#website","url":"https:\/\/punto5.it\/news\/","name":"Punto5.it","description":"La tua risorsa gratuita sul calcio a 5 in Campania.","publisher":{"@id":"https:\/\/punto5.it\/news\/#organization"},"potentialAction":[{"@type":"SearchAction","target":{"@type":"EntryPoint","urlTemplate":"https:\/\/punto5.it\/news\/?s={search_term_string}"},"query-input":{"@type":"PropertyValueSpecification","valueRequired":true,"valueName":"search_term_string"}}],"inLanguage":"it-IT"},{"@type":"Organization","@id":"https:\/\/punto5.it\/news\/#organization","name":"Punto5","url":"https:\/\/punto5.it\/news\/","logo":{"@type":"ImageObject","inLanguage":"it-IT","@id":"https:\/\/punto5.it\/news\/#\/schema\/logo\/image\/","url":"https:\/\/punto5.it\/news\/wp-content\/uploads\/2024\/12\/fbp5.png","contentUrl":"https:\/\/punto5.it\/news\/wp-content\/uploads\/2024\/12\/fbp5.png","width":500,"height":500,"caption":"Punto5"},"image":{"@id":"https:\/\/punto5.it\/news\/#\/schema\/logo\/image\/"},"sameAs":["https:\/\/www.facebook.com\/punto5.it\/"]},{"@type":"Person","@id":"https:\/\/punto5.it\/news\/#\/schema\/person\/f43571c649bda323e609b937e7220560","name":"Redazione Punto 5","image":{"@type":"ImageObject","inLanguage":"it-IT","@id":"https:\/\/punto5.it\/news\/#\/schema\/person\/image\/","url":"https:\/\/secure.gravatar.com\/avatar\/423ce27dd258b3600399bf17a7454eeea31cf273646f568d4382fd2c4db91e5e?s=96&d=mm&r=g","contentUrl":"https:\/\/secure.gravatar.com\/avatar\/423ce27dd258b3600399bf17a7454eeea31cf273646f568d4382fd2c4db91e5e?s=96&d=mm&r=g","caption":"Redazione Punto 5"},"sameAs":["http:\/\/www.punto5.it"],"url":"https:\/\/punto5.it\/news\/author\/redazione-punto-5\/"}]}},"_links":{"self":[{"href":"https:\/\/punto5.it\/news\/wp-json\/wp\/v2\/posts\/242899","targetHints":{"allow":["GET"]}}],"collection":[{"href":"https:\/\/punto5.it\/news\/wp-json\/wp\/v2\/posts"}],"about":[{"href":"https:\/\/punto5.it\/news\/wp-json\/wp\/v2\/types\/post"}],"author":[{"embeddable":true,"href":"https:\/\/punto5.it\/news\/wp-json\/wp\/v2\/users\/9"}],"replies":[{"embeddable":true,"href":"https:\/\/punto5.it\/news\/wp-json\/wp\/v2\/comments?post=242899"}],"version-history":[{"count":1,"href":"https:\/\/punto5.it\/news\/wp-json\/wp\/v2\/posts\/242899\/revisions"}],"predecessor-version":[{"id":242900,"href":"https:\/\/punto5.it\/news\/wp-json\/wp\/v2\/posts\/242899\/revisions\/242900"}],"wp:featuredmedia":[{"embeddable":true,"href":"https:\/\/punto5.it\/news\/wp-json\/wp\/v2\/media\/242474"}],"wp:attachment":[{"href":"https:\/\/punto5.it\/news\/wp-json\/wp\/v2\/media?parent=242899"}],"wp:term":[{"taxonomy":"category","embeddable":true,"href":"https:\/\/punto5.it\/news\/wp-json\/wp\/v2\/categories?post=242899"},{"taxonomy":"post_tag","embeddable":true,"href":"https:\/\/punto5.it\/news\/wp-json\/wp\/v2\/tags?post=242899"}],"curies":[{"name":"wp","href":"https:\/\/api.w.org\/{rel}","templated":true}]}}