{"id":242901,"date":"2026-09-01T12:48:55","date_gmt":"2026-09-01T10:48:55","guid":{"rendered":"https:\/\/punto5.it\/news\/?p=242901"},"modified":"2026-09-01T12:49:00","modified_gmt":"2026-09-01T10:49:00","slug":"real-casapesenna-basco-e-raffaele-piccolo-in-dirigenza-felici-ed-orgogliosi","status":"publish","type":"post","link":"https:\/\/punto5.it\/news\/01-09-2026\/serie-c2\/242901\/real-casapesenna-basco-e-raffaele-piccolo-in-dirigenza-felici-ed-orgogliosi\/","title":{"rendered":"Real Casapesenna, Basco e Raffaele Piccolo in dirigenza: &#8220;Felici ed orgogliosi&#8221;"},"content":{"rendered":"\n<p><strong>CASAPESENNA<\/strong>\u00a0\u2013 Prosegue a passo spedito il progetto di crescita del Real Casapesenna C5. La societ\u00e0 biancazzurra ha annunciato ufficialmente due importanti innesti nel proprio organigramma: Silvio Basco e Raffaele Piccolo entrano a far parte del club con il ruolo di dirigenti.<\/p>\n\n\n\n<p>Un&#8217;operazione fortemente voluta dal vertice societario guidato dal&nbsp;<strong>Presidente Mario Di Bona<\/strong>, dal&nbsp;<strong>Vicepresidente Iavarone&nbsp;<\/strong>e dal&nbsp;<strong>Direttore Sportivo Salvatore Piccolo<\/strong>, impegnati in prima linea per consolidare la struttura del club e pianificare al meglio il futuro della squadra.<\/p>\n\n\n\n<p>I nuovi ingressi rappresentano la volont\u00e0 della dirigenza di circondarsi di figure fortemente legate all&#8217;ambiente e animate da una grande passione per i colori biancazzurri.<\/p>\n\n\n\n<p><strong><em>Passione ed entusiasmo per il progetto<\/em><\/strong><\/p>\n\n\n\n<p>L&#8217;arrivo di Basco e Piccolo si inserisce in una strategia di potenziamento dirigenziale coordinata dal ds Salvatore Piccolo, con l&#8217;avallo del Presidente Di Bona e del Vicepresidente Iavarone, per garantire solide basi sia in campo che fuori.<\/p>\n\n\n\n<p>Significative e cariche di motivazione le prime dichiarazioni ufficiali dei due nuovi dirigenti.<\/p>\n\n\n\n<p>Silvio Basco ha sottolineato la determinazione nel contribuire alla crescita del club:<\/p>\n\n\n\n<p>&#8220;Sono onorato di questa nuova avventura dirigenziale. Il mio cuore batte per questa maglia da sempre: ho visto nascere questo progetto e ho sempre creduto nelle sue potenzialit\u00e0. Il mio impegno oggi \u00e8 totale: metter\u00f2 ogni goccia della mia esperienza e dedizione al servizio del Real Casapesenna C5 per far crescere questo gruppo. Faremo grandi cose insieme.&#8221;<\/p>\n\n\n\n<p>Gli fa eco Raffaele Piccolo, che ha ricordato il suo percorso speciale da tifoso a quadro societario:<\/p>\n\n\n\n<p>&#8220;Sono davvero felice e orgoglioso di iniziare questa mia prima esperienza da dirigente. Chi mi conosce sa quanto io sia legato a questa squadra fin dal primo giorno: sono stato innanzitutto un tifoso, uno di quelli che ci ha creduto fin dalle primissime battute. Passare dagli spalti alla dirigenza \u00e8 un&#8217;emozione forte e una grande responsabilit\u00e0, ma la passione \u00e8 quella di sempre. Ringrazio la societ\u00e0 per la fiducia: sono pronto a dare il massimo per questa squadra.&#8221;<\/p>\n\n\n\n<p>Un segnale forte per la comunit\u00e0<\/p>\n\n\n\n<p>Con questi nuovi innesti, la presidenza Di Bona-Iavarone e l&#8217;area tecnica di Salvatore Piccolo confermano la volont\u00e0 di alzare l&#8217;asticella, unendo senso di appartenenza e competenza per regalare grandi soddisfazioni a tutta la comunit\u00e0 di Casapesenna.<\/p>\n\n\n\n<p><strong>Ufficio stampa Real Casapesenna<\/strong><\/p>\n\n\n\n<p><\/p>\n","protected":false},"excerpt":{"rendered":"<p>CASAPESENNA\u00a0\u2013 Prosegue a passo spedito il progetto di crescita del Real Casapesenna C5. La societ\u00e0 biancazzurra ha annunciato ufficialmente due importanti innesti nel proprio organigramma: Silvio Basco e Raffaele Piccolo entrano a far parte del club con il ruolo di dirigenti. Un&#8217;operazione fortemente voluta dal vertice societario guidato dal&nbsp;Presidente Mario Di Bona, dal&nbsp;Vicepresidente Iavarone&nbsp;e dal&nbsp;Direttore [&hellip;]<\/p>\n","protected":false},"author":5,"featured_media":242902,"comment_status":"open","ping_status":"open","sticky":false,"template":"","format":"standard","meta":{"jnews-multi-image_gallery":[],"jnews_single_post":{"format":"standard"},"jnews_primary_category":[],"jnews_social_meta":[],"jnews_override_counter":[],"footnotes":""},"categories":[15],"tags":[1515],"class_list":["post-242901","post","type-post","status-publish","format-standard","has-post-thumbnail","hentry","category-serie-c2","tag-prima"],"yoast_head":"<!-- This site is optimized with the Yoast SEO plugin v24.5 - https:\/\/yoast.com\/wordpress\/plugins\/seo\/ -->\n<title>Real Casapesenna, Basco e Raffaele Piccolo in dirigenza: &quot;Felici ed orgogliosi&quot; - Punto5.it<\/title>\n<meta name=\"robots\" content=\"index, follow, max-snippet:-1, max-image-preview:large, max-video-preview:-1\" \/>\n<link rel=\"canonical\" href=\"https:\/\/punto5.it\/news\/01-09-2026\/serie-c2\/242901\/real-casapesenna-basco-e-raffaele-piccolo-in-dirigenza-felici-ed-orgogliosi\/\" \/>\n<meta property=\"og:locale\" content=\"it_IT\" \/>\n<meta property=\"og:type\" content=\"article\" \/>\n<meta property=\"og:title\" content=\"Real Casapesenna, Basco e Raffaele Piccolo in dirigenza: &quot;Felici ed orgogliosi&quot; - Punto5.it\" \/>\n<meta property=\"og:description\" content=\"CASAPESENNA\u00a0\u2013 Prosegue a passo spedito il progetto di crescita del Real Casapesenna C5. La societ\u00e0 biancazzurra ha annunciato ufficialmente due importanti innesti nel proprio organigramma: Silvio Basco e Raffaele Piccolo entrano a far parte del club con il ruolo di dirigenti. Un&#8217;operazione fortemente voluta dal vertice societario guidato dal&nbsp;Presidente Mario Di Bona, dal&nbsp;Vicepresidente Iavarone&nbsp;e dal&nbsp;Direttore [&hellip;]\" \/>\n<meta property=\"og:url\" content=\"https:\/\/punto5.it\/news\/01-09-2026\/serie-c2\/242901\/real-casapesenna-basco-e-raffaele-piccolo-in-dirigenza-felici-ed-orgogliosi\/\" \/>\n<meta property=\"og:site_name\" content=\"Punto5.it\" \/>\n<meta property=\"article:publisher\" content=\"https:\/\/www.facebook.com\/punto5.it\/\" \/>\n<meta property=\"article:published_time\" content=\"2026-09-01T10:48:55+00:00\" \/>\n<meta property=\"article:modified_time\" content=\"2026-09-01T10:49:00+00:00\" \/>\n<meta property=\"og:image\" content=\"https:\/\/punto5.it\/news\/wp-content\/uploads\/2026\/09\/P1046385-1-scaled.jpeg\" \/>\n\t<meta property=\"og:image:width\" content=\"1707\" \/>\n\t<meta property=\"og:image:height\" content=\"2560\" \/>\n\t<meta property=\"og:image:type\" content=\"image\/jpeg\" \/>\n<meta name=\"author\" content=\"comunicato stampa\" \/>\n<meta name=\"twitter:label1\" content=\"Scritto da\" \/>\n\t<meta name=\"twitter:data1\" content=\"comunicato stampa\" \/>\n\t<meta name=\"twitter:label2\" content=\"Tempo di lettura stimato\" \/>\n\t<meta name=\"twitter:data2\" content=\"3 minuti\" \/>\n<script type=\"application\/ld+json\" class=\"yoast-schema-graph\">{\"@context\":\"https:\/\/schema.org\",\"@graph\":[{\"@type\":\"Article\",\"@id\":\"https:\/\/punto5.it\/news\/01-09-2026\/serie-c2\/242901\/real-casapesenna-basco-e-raffaele-piccolo-in-dirigenza-felici-ed-orgogliosi\/#article\",\"isPartOf\":{\"@id\":\"https:\/\/punto5.it\/news\/01-09-2026\/serie-c2\/242901\/real-casapesenna-basco-e-raffaele-piccolo-in-dirigenza-felici-ed-orgogliosi\/\"},\"author\":{\"name\":\"comunicato stampa\",\"@id\":\"https:\/\/punto5.it\/news\/#\/schema\/person\/6b1092945321c99a2b936c656a25b924\"},\"headline\":\"Real Casapesenna, Basco e Raffaele Piccolo in dirigenza: &#8220;Felici ed orgogliosi&#8221;\",\"datePublished\":\"2026-09-01T10:48:55+00:00\",\"dateModified\":\"2026-09-01T10:49:00+00:00\",\"mainEntityOfPage\":{\"@id\":\"https:\/\/punto5.it\/news\/01-09-2026\/serie-c2\/242901\/real-casapesenna-basco-e-raffaele-piccolo-in-dirigenza-felici-ed-orgogliosi\/\"},\"wordCount\":390,\"commentCount\":0,\"publisher\":{\"@id\":\"https:\/\/punto5.it\/news\/#organization\"},\"image\":{\"@id\":\"https:\/\/punto5.it\/news\/01-09-2026\/serie-c2\/242901\/real-casapesenna-basco-e-raffaele-piccolo-in-dirigenza-felici-ed-orgogliosi\/#primaryimage\"},\"thumbnailUrl\":\"https:\/\/punto5.it\/news\/wp-content\/uploads\/2026\/09\/P1046385-1-scaled.jpeg\",\"keywords\":[\"prima\"],\"articleSection\":[\"Serie C2\"],\"inLanguage\":\"it-IT\",\"potentialAction\":[{\"@type\":\"CommentAction\",\"name\":\"Comment\",\"target\":[\"https:\/\/punto5.it\/news\/01-09-2026\/serie-c2\/242901\/real-casapesenna-basco-e-raffaele-piccolo-in-dirigenza-felici-ed-orgogliosi\/#respond\"]}]},{\"@type\":\"WebPage\",\"@id\":\"https:\/\/punto5.it\/news\/01-09-2026\/serie-c2\/242901\/real-casapesenna-basco-e-raffaele-piccolo-in-dirigenza-felici-ed-orgogliosi\/\",\"url\":\"https:\/\/punto5.it\/news\/01-09-2026\/serie-c2\/242901\/real-casapesenna-basco-e-raffaele-piccolo-in-dirigenza-felici-ed-orgogliosi\/\",\"name\":\"Real Casapesenna, Basco e Raffaele Piccolo in dirigenza: \\\"Felici ed orgogliosi\\\" - Punto5.it\",\"isPartOf\":{\"@id\":\"https:\/\/punto5.it\/news\/#website\"},\"primaryImageOfPage\":{\"@id\":\"https:\/\/punto5.it\/news\/01-09-2026\/serie-c2\/242901\/real-casapesenna-basco-e-raffaele-piccolo-in-dirigenza-felici-ed-orgogliosi\/#primaryimage\"},\"image\":{\"@id\":\"https:\/\/punto5.it\/news\/01-09-2026\/serie-c2\/242901\/real-casapesenna-basco-e-raffaele-piccolo-in-dirigenza-felici-ed-orgogliosi\/#primaryimage\"},\"thumbnailUrl\":\"https:\/\/punto5.it\/news\/wp-content\/uploads\/2026\/09\/P1046385-1-scaled.jpeg\",\"datePublished\":\"2026-09-01T10:48:55+00:00\",\"dateModified\":\"2026-09-01T10:49:00+00:00\",\"breadcrumb\":{\"@id\":\"https:\/\/punto5.it\/news\/01-09-2026\/serie-c2\/242901\/real-casapesenna-basco-e-raffaele-piccolo-in-dirigenza-felici-ed-orgogliosi\/#breadcrumb\"},\"inLanguage\":\"it-IT\",\"potentialAction\":[{\"@type\":\"ReadAction\",\"target\":[\"https:\/\/punto5.it\/news\/01-09-2026\/serie-c2\/242901\/real-casapesenna-basco-e-raffaele-piccolo-in-dirigenza-felici-ed-orgogliosi\/\"]}]},{\"@type\":\"ImageObject\",\"inLanguage\":\"it-IT\",\"@id\":\"https:\/\/punto5.it\/news\/01-09-2026\/serie-c2\/242901\/real-casapesenna-basco-e-raffaele-piccolo-in-dirigenza-felici-ed-orgogliosi\/#primaryimage\",\"url\":\"https:\/\/punto5.it\/news\/wp-content\/uploads\/2026\/09\/P1046385-1-scaled.jpeg\",\"contentUrl\":\"https:\/\/punto5.it\/news\/wp-content\/uploads\/2026\/09\/P1046385-1-scaled.jpeg\",\"width\":1707,\"height\":2560},{\"@type\":\"BreadcrumbList\",\"@id\":\"https:\/\/punto5.it\/news\/01-09-2026\/serie-c2\/242901\/real-casapesenna-basco-e-raffaele-piccolo-in-dirigenza-felici-ed-orgogliosi\/#breadcrumb\",\"itemListElement\":[{\"@type\":\"ListItem\",\"position\":1,\"name\":\"Home\",\"item\":\"https:\/\/punto5.it\/news\/\"},{\"@type\":\"ListItem\",\"position\":2,\"name\":\"Real Casapesenna, Basco e Raffaele Piccolo in dirigenza: &#8220;Felici ed orgogliosi&#8221;\"}]},{\"@type\":\"WebSite\",\"@id\":\"https:\/\/punto5.it\/news\/#website\",\"url\":\"https:\/\/punto5.it\/news\/\",\"name\":\"Punto5.it\",\"description\":\"La tua risorsa gratuita sul calcio a 5 in Campania.\",\"publisher\":{\"@id\":\"https:\/\/punto5.it\/news\/#organization\"},\"potentialAction\":[{\"@type\":\"SearchAction\",\"target\":{\"@type\":\"EntryPoint\",\"urlTemplate\":\"https:\/\/punto5.it\/news\/?s={search_term_string}\"},\"query-input\":{\"@type\":\"PropertyValueSpecification\",\"valueRequired\":true,\"valueName\":\"search_term_string\"}}],\"inLanguage\":\"it-IT\"},{\"@type\":\"Organization\",\"@id\":\"https:\/\/punto5.it\/news\/#organization\",\"name\":\"Punto5\",\"url\":\"https:\/\/punto5.it\/news\/\",\"logo\":{\"@type\":\"ImageObject\",\"inLanguage\":\"it-IT\",\"@id\":\"https:\/\/punto5.it\/news\/#\/schema\/logo\/image\/\",\"url\":\"https:\/\/punto5.it\/news\/wp-content\/uploads\/2024\/12\/fbp5.png\",\"contentUrl\":\"https:\/\/punto5.it\/news\/wp-content\/uploads\/2024\/12\/fbp5.png\",\"width\":500,\"height\":500,\"caption\":\"Punto5\"},\"image\":{\"@id\":\"https:\/\/punto5.it\/news\/#\/schema\/logo\/image\/\"},\"sameAs\":[\"https:\/\/www.facebook.com\/punto5.it\/\"]},{\"@type\":\"Person\",\"@id\":\"https:\/\/punto5.it\/news\/#\/schema\/person\/6b1092945321c99a2b936c656a25b924\",\"name\":\"comunicato stampa\",\"image\":{\"@type\":\"ImageObject\",\"inLanguage\":\"it-IT\",\"@id\":\"https:\/\/punto5.it\/news\/#\/schema\/person\/image\/\",\"url\":\"https:\/\/secure.gravatar.com\/avatar\/ffa8e990fc05bef01150cb4b849246a414f038e016c198603051dee57bf3bf53?s=96&d=mm&r=g\",\"contentUrl\":\"https:\/\/secure.gravatar.com\/avatar\/ffa8e990fc05bef01150cb4b849246a414f038e016c198603051dee57bf3bf53?s=96&d=mm&r=g\",\"caption\":\"comunicato stampa\"},\"sameAs\":[\"http:\/\/www.punto5.it\"],\"url\":\"https:\/\/punto5.it\/news\/author\/comunicato-stampa\/\"}]}<\/script>\n<!-- \/ Yoast SEO plugin. -->","yoast_head_json":{"title":"Real Casapesenna, Basco e Raffaele Piccolo in dirigenza: \"Felici ed orgogliosi\" - Punto5.it","robots":{"index":"index","follow":"follow","max-snippet":"max-snippet:-1","max-image-preview":"max-image-preview:large","max-video-preview":"max-video-preview:-1"},"canonical":"https:\/\/punto5.it\/news\/01-09-2026\/serie-c2\/242901\/real-casapesenna-basco-e-raffaele-piccolo-in-dirigenza-felici-ed-orgogliosi\/","og_locale":"it_IT","og_type":"article","og_title":"Real Casapesenna, Basco e Raffaele Piccolo in dirigenza: \"Felici ed orgogliosi\" - Punto5.it","og_description":"CASAPESENNA\u00a0\u2013 Prosegue a passo spedito il progetto di crescita del Real Casapesenna C5. La societ\u00e0 biancazzurra ha annunciato ufficialmente due importanti innesti nel proprio organigramma: Silvio Basco e Raffaele Piccolo entrano a far parte del club con il ruolo di dirigenti. Un&#8217;operazione fortemente voluta dal vertice societario guidato dal&nbsp;Presidente Mario Di Bona, dal&nbsp;Vicepresidente Iavarone&nbsp;e dal&nbsp;Direttore [&hellip;]","og_url":"https:\/\/punto5.it\/news\/01-09-2026\/serie-c2\/242901\/real-casapesenna-basco-e-raffaele-piccolo-in-dirigenza-felici-ed-orgogliosi\/","og_site_name":"Punto5.it","article_publisher":"https:\/\/www.facebook.com\/punto5.it\/","article_published_time":"2026-09-01T10:48:55+00:00","article_modified_time":"2026-09-01T10:49:00+00:00","og_image":[{"width":1707,"height":2560,"url":"https:\/\/punto5.it\/news\/wp-content\/uploads\/2026\/09\/P1046385-1-scaled.jpeg","type":"image\/jpeg"}],"author":"comunicato stampa","twitter_misc":{"Scritto da":"comunicato stampa","Tempo di lettura stimato":"3 minuti"},"schema":{"@context":"https:\/\/schema.org","@graph":[{"@type":"Article","@id":"https:\/\/punto5.it\/news\/01-09-2026\/serie-c2\/242901\/real-casapesenna-basco-e-raffaele-piccolo-in-dirigenza-felici-ed-orgogliosi\/#article","isPartOf":{"@id":"https:\/\/punto5.it\/news\/01-09-2026\/serie-c2\/242901\/real-casapesenna-basco-e-raffaele-piccolo-in-dirigenza-felici-ed-orgogliosi\/"},"author":{"name":"comunicato stampa","@id":"https:\/\/punto5.it\/news\/#\/schema\/person\/6b1092945321c99a2b936c656a25b924"},"headline":"Real Casapesenna, Basco e Raffaele Piccolo in dirigenza: &#8220;Felici ed orgogliosi&#8221;","datePublished":"2026-09-01T10:48:55+00:00","dateModified":"2026-09-01T10:49:00+00:00","mainEntityOfPage":{"@id":"https:\/\/punto5.it\/news\/01-09-2026\/serie-c2\/242901\/real-casapesenna-basco-e-raffaele-piccolo-in-dirigenza-felici-ed-orgogliosi\/"},"wordCount":390,"commentCount":0,"publisher":{"@id":"https:\/\/punto5.it\/news\/#organization"},"image":{"@id":"https:\/\/punto5.it\/news\/01-09-2026\/serie-c2\/242901\/real-casapesenna-basco-e-raffaele-piccolo-in-dirigenza-felici-ed-orgogliosi\/#primaryimage"},"thumbnailUrl":"https:\/\/punto5.it\/news\/wp-content\/uploads\/2026\/09\/P1046385-1-scaled.jpeg","keywords":["prima"],"articleSection":["Serie C2"],"inLanguage":"it-IT","potentialAction":[{"@type":"CommentAction","name":"Comment","target":["https:\/\/punto5.it\/news\/01-09-2026\/serie-c2\/242901\/real-casapesenna-basco-e-raffaele-piccolo-in-dirigenza-felici-ed-orgogliosi\/#respond"]}]},{"@type":"WebPage","@id":"https:\/\/punto5.it\/news\/01-09-2026\/serie-c2\/242901\/real-casapesenna-basco-e-raffaele-piccolo-in-dirigenza-felici-ed-orgogliosi\/","url":"https:\/\/punto5.it\/news\/01-09-2026\/serie-c2\/242901\/real-casapesenna-basco-e-raffaele-piccolo-in-dirigenza-felici-ed-orgogliosi\/","name":"Real Casapesenna, Basco e Raffaele Piccolo in dirigenza: \"Felici ed orgogliosi\" - Punto5.it","isPartOf":{"@id":"https:\/\/punto5.it\/news\/#website"},"primaryImageOfPage":{"@id":"https:\/\/punto5.it\/news\/01-09-2026\/serie-c2\/242901\/real-casapesenna-basco-e-raffaele-piccolo-in-dirigenza-felici-ed-orgogliosi\/#primaryimage"},"image":{"@id":"https:\/\/punto5.it\/news\/01-09-2026\/serie-c2\/242901\/real-casapesenna-basco-e-raffaele-piccolo-in-dirigenza-felici-ed-orgogliosi\/#primaryimage"},"thumbnailUrl":"https:\/\/punto5.it\/news\/wp-content\/uploads\/2026\/09\/P1046385-1-scaled.jpeg","datePublished":"2026-09-01T10:48:55+00:00","dateModified":"2026-09-01T10:49:00+00:00","breadcrumb":{"@id":"https:\/\/punto5.it\/news\/01-09-2026\/serie-c2\/242901\/real-casapesenna-basco-e-raffaele-piccolo-in-dirigenza-felici-ed-orgogliosi\/#breadcrumb"},"inLanguage":"it-IT","potentialAction":[{"@type":"ReadAction","target":["https:\/\/punto5.it\/news\/01-09-2026\/serie-c2\/242901\/real-casapesenna-basco-e-raffaele-piccolo-in-dirigenza-felici-ed-orgogliosi\/"]}]},{"@type":"ImageObject","inLanguage":"it-IT","@id":"https:\/\/punto5.it\/news\/01-09-2026\/serie-c2\/242901\/real-casapesenna-basco-e-raffaele-piccolo-in-dirigenza-felici-ed-orgogliosi\/#primaryimage","url":"https:\/\/punto5.it\/news\/wp-content\/uploads\/2026\/09\/P1046385-1-scaled.jpeg","contentUrl":"https:\/\/punto5.it\/news\/wp-content\/uploads\/2026\/09\/P1046385-1-scaled.jpeg","width":1707,"height":2560},{"@type":"BreadcrumbList","@id":"https:\/\/punto5.it\/news\/01-09-2026\/serie-c2\/242901\/real-casapesenna-basco-e-raffaele-piccolo-in-dirigenza-felici-ed-orgogliosi\/#breadcrumb","itemListElement":[{"@type":"ListItem","position":1,"name":"Home","item":"https:\/\/punto5.it\/news\/"},{"@type":"ListItem","position":2,"name":"Real Casapesenna, Basco e Raffaele Piccolo in dirigenza: &#8220;Felici ed orgogliosi&#8221;"}]},{"@type":"WebSite","@id":"https:\/\/punto5.it\/news\/#website","url":"https:\/\/punto5.it\/news\/","name":"Punto5.it","description":"La tua risorsa gratuita sul calcio a 5 in Campania.","publisher":{"@id":"https:\/\/punto5.it\/news\/#organization"},"potentialAction":[{"@type":"SearchAction","target":{"@type":"EntryPoint","urlTemplate":"https:\/\/punto5.it\/news\/?s={search_term_string}"},"query-input":{"@type":"PropertyValueSpecification","valueRequired":true,"valueName":"search_term_string"}}],"inLanguage":"it-IT"},{"@type":"Organization","@id":"https:\/\/punto5.it\/news\/#organization","name":"Punto5","url":"https:\/\/punto5.it\/news\/","logo":{"@type":"ImageObject","inLanguage":"it-IT","@id":"https:\/\/punto5.it\/news\/#\/schema\/logo\/image\/","url":"https:\/\/punto5.it\/news\/wp-content\/uploads\/2024\/12\/fbp5.png","contentUrl":"https:\/\/punto5.it\/news\/wp-content\/uploads\/2024\/12\/fbp5.png","width":500,"height":500,"caption":"Punto5"},"image":{"@id":"https:\/\/punto5.it\/news\/#\/schema\/logo\/image\/"},"sameAs":["https:\/\/www.facebook.com\/punto5.it\/"]},{"@type":"Person","@id":"https:\/\/punto5.it\/news\/#\/schema\/person\/6b1092945321c99a2b936c656a25b924","name":"comunicato stampa","image":{"@type":"ImageObject","inLanguage":"it-IT","@id":"https:\/\/punto5.it\/news\/#\/schema\/person\/image\/","url":"https:\/\/secure.gravatar.com\/avatar\/ffa8e990fc05bef01150cb4b849246a414f038e016c198603051dee57bf3bf53?s=96&d=mm&r=g","contentUrl":"https:\/\/secure.gravatar.com\/avatar\/ffa8e990fc05bef01150cb4b849246a414f038e016c198603051dee57bf3bf53?s=96&d=mm&r=g","caption":"comunicato stampa"},"sameAs":["http:\/\/www.punto5.it"],"url":"https:\/\/punto5.it\/news\/author\/comunicato-stampa\/"}]}},"_links":{"self":[{"href":"https:\/\/punto5.it\/news\/wp-json\/wp\/v2\/posts\/242901","targetHints":{"allow":["GET"]}}],"collection":[{"href":"https:\/\/punto5.it\/news\/wp-json\/wp\/v2\/posts"}],"about":[{"href":"https:\/\/punto5.it\/news\/wp-json\/wp\/v2\/types\/post"}],"author":[{"embeddable":true,"href":"https:\/\/punto5.it\/news\/wp-json\/wp\/v2\/users\/5"}],"replies":[{"embeddable":true,"href":"https:\/\/punto5.it\/news\/wp-json\/wp\/v2\/comments?post=242901"}],"version-history":[{"count":1,"href":"https:\/\/punto5.it\/news\/wp-json\/wp\/v2\/posts\/242901\/revisions"}],"predecessor-version":[{"id":242903,"href":"https:\/\/punto5.it\/news\/wp-json\/wp\/v2\/posts\/242901\/revisions\/242903"}],"wp:featuredmedia":[{"embeddable":true,"href":"https:\/\/punto5.it\/news\/wp-json\/wp\/v2\/media\/242902"}],"wp:attachment":[{"href":"https:\/\/punto5.it\/news\/wp-json\/wp\/v2\/media?parent=242901"}],"wp:term":[{"taxonomy":"category","embeddable":true,"href":"https:\/\/punto5.it\/news\/wp-json\/wp\/v2\/categories?post=242901"},{"taxonomy":"post_tag","embeddable":true,"href":"https:\/\/punto5.it\/news\/wp-json\/wp\/v2\/tags?post=242901"}],"curies":[{"name":"wp","href":"https:\/\/api.w.org\/{rel}","templated":true}]}}