{"id":242907,"date":"2026-09-01T19:43:49","date_gmt":"2026-09-01T17:43:49","guid":{"rendered":"https:\/\/punto5.it\/news\/?p=242907"},"modified":"2026-09-01T20:20:53","modified_gmt":"2026-09-01T18:20:53","slug":"italfutsal-samperi-rinnova-per-tre-anni-castiglia-scelta-di-responsabilita-e-fiducia-arillo-tra-i-convocati-al-primo-raduno-stagionale","status":"publish","type":"post","link":"https:\/\/punto5.it\/news\/01-09-2026\/nazionali\/242907\/italfutsal-samperi-rinnova-per-tre-anni-castiglia-scelta-di-responsabilita-e-fiducia-arillo-tra-i-convocati-al-primo-raduno-stagionale\/","title":{"rendered":"Italfutsal, Samperi rinnova per tre anni. Castiglia: &#8220;Scelta di responsabilit\u00e0 e fiducia&#8221;. Arillo tra i convocati al primo raduno stagionale"},"content":{"rendered":"\n<p>La parola d\u2019ordine \u00e8 continuit\u00e0. Sono stati rinnovati i quadri tecnici delle Nazionali maschili di futsal aprendo un nuovo ciclo su base triennale. Il 14 giugno del 2024 Salvo Samperi \u00e8 divenuto il nono Ct della storia della Nazionale di futsal (l\u2019ottavo in assoluto, visto il doppio incarico di Facchin): la sua prima fase di lavoro si \u00e8 conclusa lo scorso febbraio con l\u2019Europeo in Slovenia, dove l\u2019Italia \u00e8 tornata a giocare una partita a eliminazione diretta (il quarto di finale contro la Spagna) di una fase finale di una competizione internazionale a distanza di 10 anni dall\u2019ultima volta. Il progetto di tre anni dar\u00e0 una nuova spinta e guarder\u00e0\u00a0lontano, in particolare al Mondiale del 2028 (sede ancora da ufficializzare), \u2018abbracciando\u2019 tutta la filiera, dalla Nazionale maggiore dello stesso Samperi, all\u2019Under 19 di Vanni Pedrini. Si proseguir\u00e0 un percorso impostato gi\u00e0 sei mesi fa, in cui il Ct indicher\u00e0 la direzione tecnica, la metodologia di allenamento e le linee guida, che saranno le stesse per tutte le Nazionali. Un triennio nel quale, oltre a cercare di competere al massimo livello internazionale, si getteranno le basi del futuro e in cui l\u2019attenzione sar\u00e0 rivolta principalmente ai giovani e ai calcettisti di formazione italiana.<\/p>\n\n\n\n<p><strong>RANIERI<\/strong>. Il dt e presidente del Club Italia Claudio Ranieri ha commentato a margine del rinnovo: \u201cIl Club Italia \u00e8 come una grande scuderia, all\u2019interno della quale ci sono auto da corsa che vanno messe nelle migliori condizioni per poter competere e gareggiare al massimo livello. Il futsal \u00e8 una di queste vetture e il lavoro che \u00e8 stato impostato assieme alla Divisione Calcio a 5 va in questa direzione\u201d. Ranieri ha inoltre rimarcato: \u201cAbbiamo scelto di proseguire un lavoro gi\u00e0 avviato e che ha prodotto i primi risultati: rinnovo il mio in bocca al lupo a Samperi e a tutta la struttura che ha l\u2019importante compito di riportare l\u2019Italia a giocare il Mondiale. Un obiettivo da perseguire mettendo al centro del progetto e coinvolgendo maggiormente, rispetto al passato, calciatori di formazione italiana\u201d.<\/p>\n\n\n\n<p><strong>CASTIGLIA<\/strong>. \u201cLa scelta di prolungare per tre anni il rapporto con il Ct Samperi rappresenta un ulteriore e concreto segnale dell\u2019efficacia della comunit\u00e0 di intenti che oggi unisce le diverse componenti federali e conferma la centralit\u00e0 della Divisione Calcio a 5 e della sua Area Tecnica nel supporto al Club Italia nella programmazione del futuro delle nostre Nazionali. La Divisione torna cos\u00ec a essere pienamente centrale nelle scelte strategiche delle Nazionali, grazie a una collaborazione sempre pi\u00f9 forte e proficua con Club Italia. Desidero ringraziare il Presidente Malag\u00f2 e il Presidente del Club Italia Ranieri per la costante disponibilit\u00e0 e per aver contribuito ad alimentare un percorso condiviso, nel quale ciascuna componente mette a disposizione competenze, visione e responsabilit\u00e0 con l\u2019obiettivo comune di costruire un futuro sempre pi\u00f9 ambizioso e luminoso per il futsal italiano. Samperi ha dimostrato, anche attraverso scelte coraggiose, di voler imprimere un deciso cambio di passo, sostenuto con convinzione dalla Divisione: costruire una Nazionale pi\u00f9 giovane, valorizzando nuovi talenti e accompagnandoli in un percorso di crescita tecnica e sportiva, senza lasciarsi condizionare esclusivamente dal risultato immediato. In questa prospettiva, il rinnovo triennale rappresenta una scelta di grande responsabilit\u00e0 e, al tempo stesso, di grande fiducia. Offre al Ct l\u2019orizzonte temporale necessario per consolidare il proprio progetto tecnico, lavorare sui giovani e costruire basi solide per il futuro della Nazionale. Rivolgo al Ct Samperi e al suo staff, a nome mio e di tutta la Divisione, i migliori auguri di buon lavoro\u201d.<\/p>\n\n\n\n<p><strong>LE PRIME SCELTE<\/strong>. Proprio la FIFA Futsal World Cup 2028 rappresenta il grande obiettivo da qui a due anni. Le qualificazioni inizieranno a ottobre, con la prima partita degli Azzurri contro la Georgia (nel girone del Main Round anche il Kosovo) in programma il 20 ottobre a Rende, in Calabria. Il primo raduno stagionale dell\u2019Italfutsal si terr\u00e0 dal 7 al 10 settembre al CPO \u2018Giulio Onesti\u2019 di Roma: per l\u2019occasione Samperi ha convocato 18 calciatori, in cui spicca&nbsp;il&nbsp;ritorno&nbsp;in azzurro&nbsp;di Attilio Arillo (29 presenze, l\u2019ultima delle quali nel novembre 2024)&nbsp;e soprattutto la chiamata di Luca Ferraro, classe 2009 della Lazio.&nbsp;<\/p>\n\n\n\n<p><strong>L\u2019ELENCO DEI CONVOCATI<br>Portieri<\/strong>: Jurij Bellobuono (Sandro Abate), Carlos Dalcin (L84 Torino), Leonardo Politano (Came Treviso), Generoso Di Stanio (Feldi Eboli);<br><strong>Giocatori di movimento<\/strong>: Enrico Donin (Came Treviso), Yamoul Fahd (Came Treviso), Attilio Arillo (Napoli), Carlos Del Mestre (Sp. Sala Consilina), Julio De Oliveira (L84 Torino), Giuliano Fortini (L84 Torino), Francesco Liberti (L84 Torino), Matheus Barichello (Benevento), Carmelo Musumeci (Meta Catania), Michele Podda (Meta Catania), Giovanni Pulvirenti (Meta Catania), Maurizio Silvestri (Meta Catania), Ivan Cutruneo (Roma 1927), Luca Ferraro (Lazio C5)<br><strong>Staff\u00a0<\/strong>\u2013\u00a0Commissario tecnico: Salvo Samperi; Segretario: Fabrizio Del Principe; Assistente allenatore: Vanni Pedrini; Preparatore atletico: Domenico Castello; Preparatore dei portieri: Gennaro Varriale; Nutrizionista: Francesco Leva; Fisioterapisti: Valerio Esposito e Emiliano Diaferia.<\/p>\n\n\n\n<p><strong>fonte: FIGC.it<\/strong><\/p>\n","protected":false},"excerpt":{"rendered":"<p>La parola d\u2019ordine \u00e8 continuit\u00e0. Sono stati rinnovati i quadri tecnici delle Nazionali maschili di futsal aprendo un nuovo ciclo su base triennale. Il 14 giugno del 2024 Salvo Samperi \u00e8 divenuto il nono Ct della storia della Nazionale di futsal (l\u2019ottavo in assoluto, visto il doppio incarico di Facchin): la sua prima fase di [&hellip;]<\/p>\n","protected":false},"author":9,"featured_media":231145,"comment_status":"open","ping_status":"open","sticky":false,"template":"","format":"standard","meta":{"jnews-multi-image_gallery":[],"jnews_single_post":{"format":"standard"},"jnews_primary_category":[],"jnews_social_meta":[],"jnews_override_counter":[],"footnotes":""},"categories":[115],"tags":[1515],"class_list":["post-242907","post","type-post","status-publish","format-standard","has-post-thumbnail","hentry","category-nazionali","tag-prima"],"yoast_head":"<!-- This site is optimized with the Yoast SEO plugin v24.5 - https:\/\/yoast.com\/wordpress\/plugins\/seo\/ -->\n<title>Italfutsal, Samperi rinnova per tre anni. Castiglia: &quot;Scelta di responsabilit\u00e0 e fiducia&quot;. Arillo tra i convocati al primo raduno stagionale - Punto5.it<\/title>\n<meta name=\"robots\" content=\"index, follow, max-snippet:-1, max-image-preview:large, max-video-preview:-1\" \/>\n<link rel=\"canonical\" href=\"https:\/\/punto5.it\/news\/01-09-2026\/nazionali\/242907\/italfutsal-samperi-rinnova-per-tre-anni-castiglia-scelta-di-responsabilita-e-fiducia-arillo-tra-i-convocati-al-primo-raduno-stagionale\/\" \/>\n<meta property=\"og:locale\" content=\"it_IT\" \/>\n<meta property=\"og:type\" content=\"article\" \/>\n<meta property=\"og:title\" content=\"Italfutsal, Samperi rinnova per tre anni. Castiglia: &quot;Scelta di responsabilit\u00e0 e fiducia&quot;. Arillo tra i convocati al primo raduno stagionale - Punto5.it\" \/>\n<meta property=\"og:description\" content=\"La parola d\u2019ordine \u00e8 continuit\u00e0. Sono stati rinnovati i quadri tecnici delle Nazionali maschili di futsal aprendo un nuovo ciclo su base triennale. Il 14 giugno del 2024 Salvo Samperi \u00e8 divenuto il nono Ct della storia della Nazionale di futsal (l\u2019ottavo in assoluto, visto il doppio incarico di Facchin): la sua prima fase di [&hellip;]\" \/>\n<meta property=\"og:url\" content=\"https:\/\/punto5.it\/news\/01-09-2026\/nazionali\/242907\/italfutsal-samperi-rinnova-per-tre-anni-castiglia-scelta-di-responsabilita-e-fiducia-arillo-tra-i-convocati-al-primo-raduno-stagionale\/\" \/>\n<meta property=\"og:site_name\" content=\"Punto5.it\" \/>\n<meta property=\"article:publisher\" content=\"https:\/\/www.facebook.com\/punto5.it\/\" \/>\n<meta property=\"article:published_time\" content=\"2026-09-01T17:43:49+00:00\" \/>\n<meta property=\"article:modified_time\" content=\"2026-09-01T18:20:53+00:00\" \/>\n<meta property=\"og:image\" content=\"https:\/\/punto5.it\/news\/wp-content\/uploads\/2025\/09\/Salvo-Samperi-ct-Italia.jpeg\" \/>\n\t<meta property=\"og:image:width\" content=\"1600\" \/>\n\t<meta property=\"og:image:height\" content=\"814\" \/>\n\t<meta property=\"og:image:type\" content=\"image\/jpeg\" \/>\n<meta name=\"author\" content=\"Redazione Punto 5\" \/>\n<meta name=\"twitter:label1\" content=\"Scritto da\" \/>\n\t<meta name=\"twitter:data1\" content=\"Redazione Punto 5\" \/>\n\t<meta name=\"twitter:label2\" content=\"Tempo di lettura stimato\" \/>\n\t<meta name=\"twitter:data2\" content=\"5 minuti\" \/>\n<script type=\"application\/ld+json\" class=\"yoast-schema-graph\">{\"@context\":\"https:\/\/schema.org\",\"@graph\":[{\"@type\":\"Article\",\"@id\":\"https:\/\/punto5.it\/news\/01-09-2026\/nazionali\/242907\/italfutsal-samperi-rinnova-per-tre-anni-castiglia-scelta-di-responsabilita-e-fiducia-arillo-tra-i-convocati-al-primo-raduno-stagionale\/#article\",\"isPartOf\":{\"@id\":\"https:\/\/punto5.it\/news\/01-09-2026\/nazionali\/242907\/italfutsal-samperi-rinnova-per-tre-anni-castiglia-scelta-di-responsabilita-e-fiducia-arillo-tra-i-convocati-al-primo-raduno-stagionale\/\"},\"author\":{\"name\":\"Redazione Punto 5\",\"@id\":\"https:\/\/punto5.it\/news\/#\/schema\/person\/f43571c649bda323e609b937e7220560\"},\"headline\":\"Italfutsal, Samperi rinnova per tre anni. Castiglia: &#8220;Scelta di responsabilit\u00e0 e fiducia&#8221;. Arillo tra i convocati al primo raduno stagionale\",\"datePublished\":\"2026-09-01T17:43:49+00:00\",\"dateModified\":\"2026-09-01T18:20:53+00:00\",\"mainEntityOfPage\":{\"@id\":\"https:\/\/punto5.it\/news\/01-09-2026\/nazionali\/242907\/italfutsal-samperi-rinnova-per-tre-anni-castiglia-scelta-di-responsabilita-e-fiducia-arillo-tra-i-convocati-al-primo-raduno-stagionale\/\"},\"wordCount\":819,\"commentCount\":0,\"publisher\":{\"@id\":\"https:\/\/punto5.it\/news\/#organization\"},\"image\":{\"@id\":\"https:\/\/punto5.it\/news\/01-09-2026\/nazionali\/242907\/italfutsal-samperi-rinnova-per-tre-anni-castiglia-scelta-di-responsabilita-e-fiducia-arillo-tra-i-convocati-al-primo-raduno-stagionale\/#primaryimage\"},\"thumbnailUrl\":\"https:\/\/punto5.it\/news\/wp-content\/uploads\/2025\/09\/Salvo-Samperi-ct-Italia.jpeg\",\"keywords\":[\"prima\"],\"articleSection\":[\"Nazionali\"],\"inLanguage\":\"it-IT\",\"potentialAction\":[{\"@type\":\"CommentAction\",\"name\":\"Comment\",\"target\":[\"https:\/\/punto5.it\/news\/01-09-2026\/nazionali\/242907\/italfutsal-samperi-rinnova-per-tre-anni-castiglia-scelta-di-responsabilita-e-fiducia-arillo-tra-i-convocati-al-primo-raduno-stagionale\/#respond\"]}]},{\"@type\":\"WebPage\",\"@id\":\"https:\/\/punto5.it\/news\/01-09-2026\/nazionali\/242907\/italfutsal-samperi-rinnova-per-tre-anni-castiglia-scelta-di-responsabilita-e-fiducia-arillo-tra-i-convocati-al-primo-raduno-stagionale\/\",\"url\":\"https:\/\/punto5.it\/news\/01-09-2026\/nazionali\/242907\/italfutsal-samperi-rinnova-per-tre-anni-castiglia-scelta-di-responsabilita-e-fiducia-arillo-tra-i-convocati-al-primo-raduno-stagionale\/\",\"name\":\"Italfutsal, Samperi rinnova per tre anni. Castiglia: \\\"Scelta di responsabilit\u00e0 e fiducia\\\". Arillo tra i convocati al primo raduno stagionale - Punto5.it\",\"isPartOf\":{\"@id\":\"https:\/\/punto5.it\/news\/#website\"},\"primaryImageOfPage\":{\"@id\":\"https:\/\/punto5.it\/news\/01-09-2026\/nazionali\/242907\/italfutsal-samperi-rinnova-per-tre-anni-castiglia-scelta-di-responsabilita-e-fiducia-arillo-tra-i-convocati-al-primo-raduno-stagionale\/#primaryimage\"},\"image\":{\"@id\":\"https:\/\/punto5.it\/news\/01-09-2026\/nazionali\/242907\/italfutsal-samperi-rinnova-per-tre-anni-castiglia-scelta-di-responsabilita-e-fiducia-arillo-tra-i-convocati-al-primo-raduno-stagionale\/#primaryimage\"},\"thumbnailUrl\":\"https:\/\/punto5.it\/news\/wp-content\/uploads\/2025\/09\/Salvo-Samperi-ct-Italia.jpeg\",\"datePublished\":\"2026-09-01T17:43:49+00:00\",\"dateModified\":\"2026-09-01T18:20:53+00:00\",\"breadcrumb\":{\"@id\":\"https:\/\/punto5.it\/news\/01-09-2026\/nazionali\/242907\/italfutsal-samperi-rinnova-per-tre-anni-castiglia-scelta-di-responsabilita-e-fiducia-arillo-tra-i-convocati-al-primo-raduno-stagionale\/#breadcrumb\"},\"inLanguage\":\"it-IT\",\"potentialAction\":[{\"@type\":\"ReadAction\",\"target\":[\"https:\/\/punto5.it\/news\/01-09-2026\/nazionali\/242907\/italfutsal-samperi-rinnova-per-tre-anni-castiglia-scelta-di-responsabilita-e-fiducia-arillo-tra-i-convocati-al-primo-raduno-stagionale\/\"]}]},{\"@type\":\"ImageObject\",\"inLanguage\":\"it-IT\",\"@id\":\"https:\/\/punto5.it\/news\/01-09-2026\/nazionali\/242907\/italfutsal-samperi-rinnova-per-tre-anni-castiglia-scelta-di-responsabilita-e-fiducia-arillo-tra-i-convocati-al-primo-raduno-stagionale\/#primaryimage\",\"url\":\"https:\/\/punto5.it\/news\/wp-content\/uploads\/2025\/09\/Salvo-Samperi-ct-Italia.jpeg\",\"contentUrl\":\"https:\/\/punto5.it\/news\/wp-content\/uploads\/2025\/09\/Salvo-Samperi-ct-Italia.jpeg\",\"width\":1600,\"height\":814,\"caption\":\"Salvo Samperi, ct Italia\"},{\"@type\":\"BreadcrumbList\",\"@id\":\"https:\/\/punto5.it\/news\/01-09-2026\/nazionali\/242907\/italfutsal-samperi-rinnova-per-tre-anni-castiglia-scelta-di-responsabilita-e-fiducia-arillo-tra-i-convocati-al-primo-raduno-stagionale\/#breadcrumb\",\"itemListElement\":[{\"@type\":\"ListItem\",\"position\":1,\"name\":\"Home\",\"item\":\"https:\/\/punto5.it\/news\/\"},{\"@type\":\"ListItem\",\"position\":2,\"name\":\"Italfutsal, Samperi rinnova per tre anni. Castiglia: &#8220;Scelta di responsabilit\u00e0 e fiducia&#8221;. Arillo tra i convocati al primo raduno stagionale\"}]},{\"@type\":\"WebSite\",\"@id\":\"https:\/\/punto5.it\/news\/#website\",\"url\":\"https:\/\/punto5.it\/news\/\",\"name\":\"Punto5.it\",\"description\":\"La tua risorsa gratuita sul calcio a 5 in Campania.\",\"publisher\":{\"@id\":\"https:\/\/punto5.it\/news\/#organization\"},\"potentialAction\":[{\"@type\":\"SearchAction\",\"target\":{\"@type\":\"EntryPoint\",\"urlTemplate\":\"https:\/\/punto5.it\/news\/?s={search_term_string}\"},\"query-input\":{\"@type\":\"PropertyValueSpecification\",\"valueRequired\":true,\"valueName\":\"search_term_string\"}}],\"inLanguage\":\"it-IT\"},{\"@type\":\"Organization\",\"@id\":\"https:\/\/punto5.it\/news\/#organization\",\"name\":\"Punto5\",\"url\":\"https:\/\/punto5.it\/news\/\",\"logo\":{\"@type\":\"ImageObject\",\"inLanguage\":\"it-IT\",\"@id\":\"https:\/\/punto5.it\/news\/#\/schema\/logo\/image\/\",\"url\":\"https:\/\/punto5.it\/news\/wp-content\/uploads\/2024\/12\/fbp5.png\",\"contentUrl\":\"https:\/\/punto5.it\/news\/wp-content\/uploads\/2024\/12\/fbp5.png\",\"width\":500,\"height\":500,\"caption\":\"Punto5\"},\"image\":{\"@id\":\"https:\/\/punto5.it\/news\/#\/schema\/logo\/image\/\"},\"sameAs\":[\"https:\/\/www.facebook.com\/punto5.it\/\"]},{\"@type\":\"Person\",\"@id\":\"https:\/\/punto5.it\/news\/#\/schema\/person\/f43571c649bda323e609b937e7220560\",\"name\":\"Redazione Punto 5\",\"image\":{\"@type\":\"ImageObject\",\"inLanguage\":\"it-IT\",\"@id\":\"https:\/\/punto5.it\/news\/#\/schema\/person\/image\/\",\"url\":\"https:\/\/secure.gravatar.com\/avatar\/423ce27dd258b3600399bf17a7454eeea31cf273646f568d4382fd2c4db91e5e?s=96&d=mm&r=g\",\"contentUrl\":\"https:\/\/secure.gravatar.com\/avatar\/423ce27dd258b3600399bf17a7454eeea31cf273646f568d4382fd2c4db91e5e?s=96&d=mm&r=g\",\"caption\":\"Redazione Punto 5\"},\"sameAs\":[\"http:\/\/www.punto5.it\"],\"url\":\"https:\/\/punto5.it\/news\/author\/redazione-punto-5\/\"}]}<\/script>\n<!-- \/ Yoast SEO plugin. -->","yoast_head_json":{"title":"Italfutsal, Samperi rinnova per tre anni. Castiglia: \"Scelta di responsabilit\u00e0 e fiducia\". Arillo tra i convocati al primo raduno stagionale - Punto5.it","robots":{"index":"index","follow":"follow","max-snippet":"max-snippet:-1","max-image-preview":"max-image-preview:large","max-video-preview":"max-video-preview:-1"},"canonical":"https:\/\/punto5.it\/news\/01-09-2026\/nazionali\/242907\/italfutsal-samperi-rinnova-per-tre-anni-castiglia-scelta-di-responsabilita-e-fiducia-arillo-tra-i-convocati-al-primo-raduno-stagionale\/","og_locale":"it_IT","og_type":"article","og_title":"Italfutsal, Samperi rinnova per tre anni. Castiglia: \"Scelta di responsabilit\u00e0 e fiducia\". Arillo tra i convocati al primo raduno stagionale - Punto5.it","og_description":"La parola d\u2019ordine \u00e8 continuit\u00e0. Sono stati rinnovati i quadri tecnici delle Nazionali maschili di futsal aprendo un nuovo ciclo su base triennale. Il 14 giugno del 2024 Salvo Samperi \u00e8 divenuto il nono Ct della storia della Nazionale di futsal (l\u2019ottavo in assoluto, visto il doppio incarico di Facchin): la sua prima fase di [&hellip;]","og_url":"https:\/\/punto5.it\/news\/01-09-2026\/nazionali\/242907\/italfutsal-samperi-rinnova-per-tre-anni-castiglia-scelta-di-responsabilita-e-fiducia-arillo-tra-i-convocati-al-primo-raduno-stagionale\/","og_site_name":"Punto5.it","article_publisher":"https:\/\/www.facebook.com\/punto5.it\/","article_published_time":"2026-09-01T17:43:49+00:00","article_modified_time":"2026-09-01T18:20:53+00:00","og_image":[{"width":1600,"height":814,"url":"https:\/\/punto5.it\/news\/wp-content\/uploads\/2025\/09\/Salvo-Samperi-ct-Italia.jpeg","type":"image\/jpeg"}],"author":"Redazione Punto 5","twitter_misc":{"Scritto da":"Redazione Punto 5","Tempo di lettura stimato":"5 minuti"},"schema":{"@context":"https:\/\/schema.org","@graph":[{"@type":"Article","@id":"https:\/\/punto5.it\/news\/01-09-2026\/nazionali\/242907\/italfutsal-samperi-rinnova-per-tre-anni-castiglia-scelta-di-responsabilita-e-fiducia-arillo-tra-i-convocati-al-primo-raduno-stagionale\/#article","isPartOf":{"@id":"https:\/\/punto5.it\/news\/01-09-2026\/nazionali\/242907\/italfutsal-samperi-rinnova-per-tre-anni-castiglia-scelta-di-responsabilita-e-fiducia-arillo-tra-i-convocati-al-primo-raduno-stagionale\/"},"author":{"name":"Redazione Punto 5","@id":"https:\/\/punto5.it\/news\/#\/schema\/person\/f43571c649bda323e609b937e7220560"},"headline":"Italfutsal, Samperi rinnova per tre anni. Castiglia: &#8220;Scelta di responsabilit\u00e0 e fiducia&#8221;. Arillo tra i convocati al primo raduno stagionale","datePublished":"2026-09-01T17:43:49+00:00","dateModified":"2026-09-01T18:20:53+00:00","mainEntityOfPage":{"@id":"https:\/\/punto5.it\/news\/01-09-2026\/nazionali\/242907\/italfutsal-samperi-rinnova-per-tre-anni-castiglia-scelta-di-responsabilita-e-fiducia-arillo-tra-i-convocati-al-primo-raduno-stagionale\/"},"wordCount":819,"commentCount":0,"publisher":{"@id":"https:\/\/punto5.it\/news\/#organization"},"image":{"@id":"https:\/\/punto5.it\/news\/01-09-2026\/nazionali\/242907\/italfutsal-samperi-rinnova-per-tre-anni-castiglia-scelta-di-responsabilita-e-fiducia-arillo-tra-i-convocati-al-primo-raduno-stagionale\/#primaryimage"},"thumbnailUrl":"https:\/\/punto5.it\/news\/wp-content\/uploads\/2025\/09\/Salvo-Samperi-ct-Italia.jpeg","keywords":["prima"],"articleSection":["Nazionali"],"inLanguage":"it-IT","potentialAction":[{"@type":"CommentAction","name":"Comment","target":["https:\/\/punto5.it\/news\/01-09-2026\/nazionali\/242907\/italfutsal-samperi-rinnova-per-tre-anni-castiglia-scelta-di-responsabilita-e-fiducia-arillo-tra-i-convocati-al-primo-raduno-stagionale\/#respond"]}]},{"@type":"WebPage","@id":"https:\/\/punto5.it\/news\/01-09-2026\/nazionali\/242907\/italfutsal-samperi-rinnova-per-tre-anni-castiglia-scelta-di-responsabilita-e-fiducia-arillo-tra-i-convocati-al-primo-raduno-stagionale\/","url":"https:\/\/punto5.it\/news\/01-09-2026\/nazionali\/242907\/italfutsal-samperi-rinnova-per-tre-anni-castiglia-scelta-di-responsabilita-e-fiducia-arillo-tra-i-convocati-al-primo-raduno-stagionale\/","name":"Italfutsal, Samperi rinnova per tre anni. Castiglia: \"Scelta di responsabilit\u00e0 e fiducia\". Arillo tra i convocati al primo raduno stagionale - Punto5.it","isPartOf":{"@id":"https:\/\/punto5.it\/news\/#website"},"primaryImageOfPage":{"@id":"https:\/\/punto5.it\/news\/01-09-2026\/nazionali\/242907\/italfutsal-samperi-rinnova-per-tre-anni-castiglia-scelta-di-responsabilita-e-fiducia-arillo-tra-i-convocati-al-primo-raduno-stagionale\/#primaryimage"},"image":{"@id":"https:\/\/punto5.it\/news\/01-09-2026\/nazionali\/242907\/italfutsal-samperi-rinnova-per-tre-anni-castiglia-scelta-di-responsabilita-e-fiducia-arillo-tra-i-convocati-al-primo-raduno-stagionale\/#primaryimage"},"thumbnailUrl":"https:\/\/punto5.it\/news\/wp-content\/uploads\/2025\/09\/Salvo-Samperi-ct-Italia.jpeg","datePublished":"2026-09-01T17:43:49+00:00","dateModified":"2026-09-01T18:20:53+00:00","breadcrumb":{"@id":"https:\/\/punto5.it\/news\/01-09-2026\/nazionali\/242907\/italfutsal-samperi-rinnova-per-tre-anni-castiglia-scelta-di-responsabilita-e-fiducia-arillo-tra-i-convocati-al-primo-raduno-stagionale\/#breadcrumb"},"inLanguage":"it-IT","potentialAction":[{"@type":"ReadAction","target":["https:\/\/punto5.it\/news\/01-09-2026\/nazionali\/242907\/italfutsal-samperi-rinnova-per-tre-anni-castiglia-scelta-di-responsabilita-e-fiducia-arillo-tra-i-convocati-al-primo-raduno-stagionale\/"]}]},{"@type":"ImageObject","inLanguage":"it-IT","@id":"https:\/\/punto5.it\/news\/01-09-2026\/nazionali\/242907\/italfutsal-samperi-rinnova-per-tre-anni-castiglia-scelta-di-responsabilita-e-fiducia-arillo-tra-i-convocati-al-primo-raduno-stagionale\/#primaryimage","url":"https:\/\/punto5.it\/news\/wp-content\/uploads\/2025\/09\/Salvo-Samperi-ct-Italia.jpeg","contentUrl":"https:\/\/punto5.it\/news\/wp-content\/uploads\/2025\/09\/Salvo-Samperi-ct-Italia.jpeg","width":1600,"height":814,"caption":"Salvo Samperi, ct Italia"},{"@type":"BreadcrumbList","@id":"https:\/\/punto5.it\/news\/01-09-2026\/nazionali\/242907\/italfutsal-samperi-rinnova-per-tre-anni-castiglia-scelta-di-responsabilita-e-fiducia-arillo-tra-i-convocati-al-primo-raduno-stagionale\/#breadcrumb","itemListElement":[{"@type":"ListItem","position":1,"name":"Home","item":"https:\/\/punto5.it\/news\/"},{"@type":"ListItem","position":2,"name":"Italfutsal, Samperi rinnova per tre anni. Castiglia: &#8220;Scelta di responsabilit\u00e0 e fiducia&#8221;. Arillo tra i convocati al primo raduno stagionale"}]},{"@type":"WebSite","@id":"https:\/\/punto5.it\/news\/#website","url":"https:\/\/punto5.it\/news\/","name":"Punto5.it","description":"La tua risorsa gratuita sul calcio a 5 in Campania.","publisher":{"@id":"https:\/\/punto5.it\/news\/#organization"},"potentialAction":[{"@type":"SearchAction","target":{"@type":"EntryPoint","urlTemplate":"https:\/\/punto5.it\/news\/?s={search_term_string}"},"query-input":{"@type":"PropertyValueSpecification","valueRequired":true,"valueName":"search_term_string"}}],"inLanguage":"it-IT"},{"@type":"Organization","@id":"https:\/\/punto5.it\/news\/#organization","name":"Punto5","url":"https:\/\/punto5.it\/news\/","logo":{"@type":"ImageObject","inLanguage":"it-IT","@id":"https:\/\/punto5.it\/news\/#\/schema\/logo\/image\/","url":"https:\/\/punto5.it\/news\/wp-content\/uploads\/2024\/12\/fbp5.png","contentUrl":"https:\/\/punto5.it\/news\/wp-content\/uploads\/2024\/12\/fbp5.png","width":500,"height":500,"caption":"Punto5"},"image":{"@id":"https:\/\/punto5.it\/news\/#\/schema\/logo\/image\/"},"sameAs":["https:\/\/www.facebook.com\/punto5.it\/"]},{"@type":"Person","@id":"https:\/\/punto5.it\/news\/#\/schema\/person\/f43571c649bda323e609b937e7220560","name":"Redazione Punto 5","image":{"@type":"ImageObject","inLanguage":"it-IT","@id":"https:\/\/punto5.it\/news\/#\/schema\/person\/image\/","url":"https:\/\/secure.gravatar.com\/avatar\/423ce27dd258b3600399bf17a7454eeea31cf273646f568d4382fd2c4db91e5e?s=96&d=mm&r=g","contentUrl":"https:\/\/secure.gravatar.com\/avatar\/423ce27dd258b3600399bf17a7454eeea31cf273646f568d4382fd2c4db91e5e?s=96&d=mm&r=g","caption":"Redazione Punto 5"},"sameAs":["http:\/\/www.punto5.it"],"url":"https:\/\/punto5.it\/news\/author\/redazione-punto-5\/"}]}},"_links":{"self":[{"href":"https:\/\/punto5.it\/news\/wp-json\/wp\/v2\/posts\/242907","targetHints":{"allow":["GET"]}}],"collection":[{"href":"https:\/\/punto5.it\/news\/wp-json\/wp\/v2\/posts"}],"about":[{"href":"https:\/\/punto5.it\/news\/wp-json\/wp\/v2\/types\/post"}],"author":[{"embeddable":true,"href":"https:\/\/punto5.it\/news\/wp-json\/wp\/v2\/users\/9"}],"replies":[{"embeddable":true,"href":"https:\/\/punto5.it\/news\/wp-json\/wp\/v2\/comments?post=242907"}],"version-history":[{"count":3,"href":"https:\/\/punto5.it\/news\/wp-json\/wp\/v2\/posts\/242907\/revisions"}],"predecessor-version":[{"id":242913,"href":"https:\/\/punto5.it\/news\/wp-json\/wp\/v2\/posts\/242907\/revisions\/242913"}],"wp:featuredmedia":[{"embeddable":true,"href":"https:\/\/punto5.it\/news\/wp-json\/wp\/v2\/media\/231145"}],"wp:attachment":[{"href":"https:\/\/punto5.it\/news\/wp-json\/wp\/v2\/media?parent=242907"}],"wp:term":[{"taxonomy":"category","embeddable":true,"href":"https:\/\/punto5.it\/news\/wp-json\/wp\/v2\/categories?post=242907"},{"taxonomy":"post_tag","embeddable":true,"href":"https:\/\/punto5.it\/news\/wp-json\/wp\/v2\/tags?post=242907"}],"curies":[{"name":"wp","href":"https:\/\/api.w.org\/{rel}","templated":true}]}}