{"id":242917,"date":"2026-09-03T16:03:57","date_gmt":"2026-09-03T14:03:57","guid":{"rendered":"https:\/\/punto5.it\/news\/?p=242917"},"modified":"2026-09-03T16:04:00","modified_gmt":"2026-09-03T14:04:00","slug":"colpo-di-coda-del-cicalesi-e-nuzzo","status":"publish","type":"post","link":"https:\/\/punto5.it\/news\/03-09-2026\/serie-c1\/242917\/colpo-di-coda-del-cicalesi-e-nuzzo\/","title":{"rendered":"Colpo di coda del Cicalesi: \u00e8 Nuzzo"},"content":{"rendered":"\n<p>L&#8217;Asd Cicalesi \u00e8 lieta di comunicare che Tommaso Nuzzo, laterale, \u00e8 un nuovo calcettista biancorosso.<\/p>\n\n\n\n<p>Nuzzo, classe 1997, divide le sue esperienze giovanili tra Napoli Calcio a 5 e Real San Giuseppe, per poi militare alla Virtus Terzigno in Serie C2 e Serie C1. Successivamente colleziona presenze presso le societ\u00e0 Soluzioni Club &#8211; sempre in Serie C1 &#8211; e Mama Futsal San Marzano in Serie B. Infine, nella scorsa stagione ha conquistato il campionato di Serie C2 con la casacca della Frattese 081.<\/p>\n\n\n\n<p><strong>Ufficio stampa Rione Cicalesi<\/strong><\/p>\n\n\n\n<p><\/p>\n","protected":false},"excerpt":{"rendered":"<p>L&#8217;Asd Cicalesi \u00e8 lieta di comunicare che Tommaso Nuzzo, laterale, \u00e8 un nuovo calcettista biancorosso. Nuzzo, classe 1997, divide le sue esperienze giovanili tra Napoli Calcio a 5 e Real San Giuseppe, per poi militare alla Virtus Terzigno in Serie C2 e Serie C1. Successivamente colleziona presenze presso le societ\u00e0 Soluzioni Club &#8211; sempre in [&hellip;]<\/p>\n","protected":false},"author":5,"featured_media":242918,"comment_status":"open","ping_status":"open","sticky":false,"template":"","format":"standard","meta":{"jnews-multi-image_gallery":[],"jnews_single_post":{"format":"standard"},"jnews_primary_category":[],"jnews_social_meta":[],"jnews_override_counter":[],"footnotes":""},"categories":[14],"tags":[1515],"class_list":["post-242917","post","type-post","status-publish","format-standard","has-post-thumbnail","hentry","category-serie-c1","tag-prima"],"yoast_head":"<!-- This site is optimized with the Yoast SEO plugin v24.5 - https:\/\/yoast.com\/wordpress\/plugins\/seo\/ -->\n<title>Colpo di coda del Cicalesi: \u00e8 Nuzzo - Punto5.it<\/title>\n<meta name=\"robots\" content=\"index, follow, max-snippet:-1, max-image-preview:large, max-video-preview:-1\" \/>\n<link rel=\"canonical\" href=\"https:\/\/punto5.it\/news\/03-09-2026\/serie-c1\/242917\/colpo-di-coda-del-cicalesi-e-nuzzo\/\" \/>\n<meta property=\"og:locale\" content=\"it_IT\" \/>\n<meta property=\"og:type\" content=\"article\" \/>\n<meta property=\"og:title\" content=\"Colpo di coda del Cicalesi: \u00e8 Nuzzo - Punto5.it\" \/>\n<meta property=\"og:description\" content=\"L&#8217;Asd Cicalesi \u00e8 lieta di comunicare che Tommaso Nuzzo, laterale, \u00e8 un nuovo calcettista biancorosso. Nuzzo, classe 1997, divide le sue esperienze giovanili tra Napoli Calcio a 5 e Real San Giuseppe, per poi militare alla Virtus Terzigno in Serie C2 e Serie C1. Successivamente colleziona presenze presso le societ\u00e0 Soluzioni Club &#8211; sempre in [&hellip;]\" \/>\n<meta property=\"og:url\" content=\"https:\/\/punto5.it\/news\/03-09-2026\/serie-c1\/242917\/colpo-di-coda-del-cicalesi-e-nuzzo\/\" \/>\n<meta property=\"og:site_name\" content=\"Punto5.it\" \/>\n<meta property=\"article:publisher\" content=\"https:\/\/www.facebook.com\/punto5.it\/\" \/>\n<meta property=\"article:published_time\" content=\"2026-09-03T14:03:57+00:00\" \/>\n<meta property=\"article:modified_time\" content=\"2026-09-03T14:04:00+00:00\" \/>\n<meta property=\"og:image\" content=\"https:\/\/punto5.it\/news\/wp-content\/uploads\/2026\/09\/247042.png\" \/>\n\t<meta property=\"og:image:width\" content=\"612\" \/>\n\t<meta property=\"og:image:height\" content=\"344\" \/>\n\t<meta property=\"og:image:type\" content=\"image\/png\" \/>\n<meta name=\"author\" content=\"comunicato stampa\" \/>\n<meta name=\"twitter:label1\" content=\"Scritto da\" \/>\n\t<meta name=\"twitter:data1\" content=\"comunicato stampa\" \/>\n\t<meta name=\"twitter:label2\" content=\"Tempo di lettura stimato\" \/>\n\t<meta name=\"twitter:data2\" content=\"1 minuto\" \/>\n<script type=\"application\/ld+json\" class=\"yoast-schema-graph\">{\"@context\":\"https:\/\/schema.org\",\"@graph\":[{\"@type\":\"Article\",\"@id\":\"https:\/\/punto5.it\/news\/03-09-2026\/serie-c1\/242917\/colpo-di-coda-del-cicalesi-e-nuzzo\/#article\",\"isPartOf\":{\"@id\":\"https:\/\/punto5.it\/news\/03-09-2026\/serie-c1\/242917\/colpo-di-coda-del-cicalesi-e-nuzzo\/\"},\"author\":{\"name\":\"comunicato stampa\",\"@id\":\"https:\/\/punto5.it\/news\/#\/schema\/person\/6b1092945321c99a2b936c656a25b924\"},\"headline\":\"Colpo di coda del Cicalesi: \u00e8 Nuzzo\",\"datePublished\":\"2026-09-03T14:03:57+00:00\",\"dateModified\":\"2026-09-03T14:04:00+00:00\",\"mainEntityOfPage\":{\"@id\":\"https:\/\/punto5.it\/news\/03-09-2026\/serie-c1\/242917\/colpo-di-coda-del-cicalesi-e-nuzzo\/\"},\"wordCount\":89,\"commentCount\":0,\"publisher\":{\"@id\":\"https:\/\/punto5.it\/news\/#organization\"},\"image\":{\"@id\":\"https:\/\/punto5.it\/news\/03-09-2026\/serie-c1\/242917\/colpo-di-coda-del-cicalesi-e-nuzzo\/#primaryimage\"},\"thumbnailUrl\":\"https:\/\/punto5.it\/news\/wp-content\/uploads\/2026\/09\/247042.png\",\"keywords\":[\"prima\"],\"articleSection\":[\"Serie C1\"],\"inLanguage\":\"it-IT\",\"potentialAction\":[{\"@type\":\"CommentAction\",\"name\":\"Comment\",\"target\":[\"https:\/\/punto5.it\/news\/03-09-2026\/serie-c1\/242917\/colpo-di-coda-del-cicalesi-e-nuzzo\/#respond\"]}]},{\"@type\":\"WebPage\",\"@id\":\"https:\/\/punto5.it\/news\/03-09-2026\/serie-c1\/242917\/colpo-di-coda-del-cicalesi-e-nuzzo\/\",\"url\":\"https:\/\/punto5.it\/news\/03-09-2026\/serie-c1\/242917\/colpo-di-coda-del-cicalesi-e-nuzzo\/\",\"name\":\"Colpo di coda del Cicalesi: \u00e8 Nuzzo - Punto5.it\",\"isPartOf\":{\"@id\":\"https:\/\/punto5.it\/news\/#website\"},\"primaryImageOfPage\":{\"@id\":\"https:\/\/punto5.it\/news\/03-09-2026\/serie-c1\/242917\/colpo-di-coda-del-cicalesi-e-nuzzo\/#primaryimage\"},\"image\":{\"@id\":\"https:\/\/punto5.it\/news\/03-09-2026\/serie-c1\/242917\/colpo-di-coda-del-cicalesi-e-nuzzo\/#primaryimage\"},\"thumbnailUrl\":\"https:\/\/punto5.it\/news\/wp-content\/uploads\/2026\/09\/247042.png\",\"datePublished\":\"2026-09-03T14:03:57+00:00\",\"dateModified\":\"2026-09-03T14:04:00+00:00\",\"breadcrumb\":{\"@id\":\"https:\/\/punto5.it\/news\/03-09-2026\/serie-c1\/242917\/colpo-di-coda-del-cicalesi-e-nuzzo\/#breadcrumb\"},\"inLanguage\":\"it-IT\",\"potentialAction\":[{\"@type\":\"ReadAction\",\"target\":[\"https:\/\/punto5.it\/news\/03-09-2026\/serie-c1\/242917\/colpo-di-coda-del-cicalesi-e-nuzzo\/\"]}]},{\"@type\":\"ImageObject\",\"inLanguage\":\"it-IT\",\"@id\":\"https:\/\/punto5.it\/news\/03-09-2026\/serie-c1\/242917\/colpo-di-coda-del-cicalesi-e-nuzzo\/#primaryimage\",\"url\":\"https:\/\/punto5.it\/news\/wp-content\/uploads\/2026\/09\/247042.png\",\"contentUrl\":\"https:\/\/punto5.it\/news\/wp-content\/uploads\/2026\/09\/247042.png\",\"width\":612,\"height\":344},{\"@type\":\"BreadcrumbList\",\"@id\":\"https:\/\/punto5.it\/news\/03-09-2026\/serie-c1\/242917\/colpo-di-coda-del-cicalesi-e-nuzzo\/#breadcrumb\",\"itemListElement\":[{\"@type\":\"ListItem\",\"position\":1,\"name\":\"Home\",\"item\":\"https:\/\/punto5.it\/news\/\"},{\"@type\":\"ListItem\",\"position\":2,\"name\":\"Colpo di coda del Cicalesi: \u00e8 Nuzzo\"}]},{\"@type\":\"WebSite\",\"@id\":\"https:\/\/punto5.it\/news\/#website\",\"url\":\"https:\/\/punto5.it\/news\/\",\"name\":\"Punto5.it\",\"description\":\"La tua risorsa gratuita sul calcio a 5 in Campania.\",\"publisher\":{\"@id\":\"https:\/\/punto5.it\/news\/#organization\"},\"potentialAction\":[{\"@type\":\"SearchAction\",\"target\":{\"@type\":\"EntryPoint\",\"urlTemplate\":\"https:\/\/punto5.it\/news\/?s={search_term_string}\"},\"query-input\":{\"@type\":\"PropertyValueSpecification\",\"valueRequired\":true,\"valueName\":\"search_term_string\"}}],\"inLanguage\":\"it-IT\"},{\"@type\":\"Organization\",\"@id\":\"https:\/\/punto5.it\/news\/#organization\",\"name\":\"Punto5\",\"url\":\"https:\/\/punto5.it\/news\/\",\"logo\":{\"@type\":\"ImageObject\",\"inLanguage\":\"it-IT\",\"@id\":\"https:\/\/punto5.it\/news\/#\/schema\/logo\/image\/\",\"url\":\"https:\/\/punto5.it\/news\/wp-content\/uploads\/2024\/12\/fbp5.png\",\"contentUrl\":\"https:\/\/punto5.it\/news\/wp-content\/uploads\/2024\/12\/fbp5.png\",\"width\":500,\"height\":500,\"caption\":\"Punto5\"},\"image\":{\"@id\":\"https:\/\/punto5.it\/news\/#\/schema\/logo\/image\/\"},\"sameAs\":[\"https:\/\/www.facebook.com\/punto5.it\/\"]},{\"@type\":\"Person\",\"@id\":\"https:\/\/punto5.it\/news\/#\/schema\/person\/6b1092945321c99a2b936c656a25b924\",\"name\":\"comunicato stampa\",\"image\":{\"@type\":\"ImageObject\",\"inLanguage\":\"it-IT\",\"@id\":\"https:\/\/punto5.it\/news\/#\/schema\/person\/image\/\",\"url\":\"https:\/\/secure.gravatar.com\/avatar\/ffa8e990fc05bef01150cb4b849246a414f038e016c198603051dee57bf3bf53?s=96&d=mm&r=g\",\"contentUrl\":\"https:\/\/secure.gravatar.com\/avatar\/ffa8e990fc05bef01150cb4b849246a414f038e016c198603051dee57bf3bf53?s=96&d=mm&r=g\",\"caption\":\"comunicato stampa\"},\"sameAs\":[\"http:\/\/www.punto5.it\"],\"url\":\"https:\/\/punto5.it\/news\/author\/comunicato-stampa\/\"}]}<\/script>\n<!-- \/ Yoast SEO plugin. -->","yoast_head_json":{"title":"Colpo di coda del Cicalesi: \u00e8 Nuzzo - Punto5.it","robots":{"index":"index","follow":"follow","max-snippet":"max-snippet:-1","max-image-preview":"max-image-preview:large","max-video-preview":"max-video-preview:-1"},"canonical":"https:\/\/punto5.it\/news\/03-09-2026\/serie-c1\/242917\/colpo-di-coda-del-cicalesi-e-nuzzo\/","og_locale":"it_IT","og_type":"article","og_title":"Colpo di coda del Cicalesi: \u00e8 Nuzzo - Punto5.it","og_description":"L&#8217;Asd Cicalesi \u00e8 lieta di comunicare che Tommaso Nuzzo, laterale, \u00e8 un nuovo calcettista biancorosso. Nuzzo, classe 1997, divide le sue esperienze giovanili tra Napoli Calcio a 5 e Real San Giuseppe, per poi militare alla Virtus Terzigno in Serie C2 e Serie C1. Successivamente colleziona presenze presso le societ\u00e0 Soluzioni Club &#8211; sempre in [&hellip;]","og_url":"https:\/\/punto5.it\/news\/03-09-2026\/serie-c1\/242917\/colpo-di-coda-del-cicalesi-e-nuzzo\/","og_site_name":"Punto5.it","article_publisher":"https:\/\/www.facebook.com\/punto5.it\/","article_published_time":"2026-09-03T14:03:57+00:00","article_modified_time":"2026-09-03T14:04:00+00:00","og_image":[{"width":612,"height":344,"url":"https:\/\/punto5.it\/news\/wp-content\/uploads\/2026\/09\/247042.png","type":"image\/png"}],"author":"comunicato stampa","twitter_misc":{"Scritto da":"comunicato stampa","Tempo di lettura stimato":"1 minuto"},"schema":{"@context":"https:\/\/schema.org","@graph":[{"@type":"Article","@id":"https:\/\/punto5.it\/news\/03-09-2026\/serie-c1\/242917\/colpo-di-coda-del-cicalesi-e-nuzzo\/#article","isPartOf":{"@id":"https:\/\/punto5.it\/news\/03-09-2026\/serie-c1\/242917\/colpo-di-coda-del-cicalesi-e-nuzzo\/"},"author":{"name":"comunicato stampa","@id":"https:\/\/punto5.it\/news\/#\/schema\/person\/6b1092945321c99a2b936c656a25b924"},"headline":"Colpo di coda del Cicalesi: \u00e8 Nuzzo","datePublished":"2026-09-03T14:03:57+00:00","dateModified":"2026-09-03T14:04:00+00:00","mainEntityOfPage":{"@id":"https:\/\/punto5.it\/news\/03-09-2026\/serie-c1\/242917\/colpo-di-coda-del-cicalesi-e-nuzzo\/"},"wordCount":89,"commentCount":0,"publisher":{"@id":"https:\/\/punto5.it\/news\/#organization"},"image":{"@id":"https:\/\/punto5.it\/news\/03-09-2026\/serie-c1\/242917\/colpo-di-coda-del-cicalesi-e-nuzzo\/#primaryimage"},"thumbnailUrl":"https:\/\/punto5.it\/news\/wp-content\/uploads\/2026\/09\/247042.png","keywords":["prima"],"articleSection":["Serie C1"],"inLanguage":"it-IT","potentialAction":[{"@type":"CommentAction","name":"Comment","target":["https:\/\/punto5.it\/news\/03-09-2026\/serie-c1\/242917\/colpo-di-coda-del-cicalesi-e-nuzzo\/#respond"]}]},{"@type":"WebPage","@id":"https:\/\/punto5.it\/news\/03-09-2026\/serie-c1\/242917\/colpo-di-coda-del-cicalesi-e-nuzzo\/","url":"https:\/\/punto5.it\/news\/03-09-2026\/serie-c1\/242917\/colpo-di-coda-del-cicalesi-e-nuzzo\/","name":"Colpo di coda del Cicalesi: \u00e8 Nuzzo - Punto5.it","isPartOf":{"@id":"https:\/\/punto5.it\/news\/#website"},"primaryImageOfPage":{"@id":"https:\/\/punto5.it\/news\/03-09-2026\/serie-c1\/242917\/colpo-di-coda-del-cicalesi-e-nuzzo\/#primaryimage"},"image":{"@id":"https:\/\/punto5.it\/news\/03-09-2026\/serie-c1\/242917\/colpo-di-coda-del-cicalesi-e-nuzzo\/#primaryimage"},"thumbnailUrl":"https:\/\/punto5.it\/news\/wp-content\/uploads\/2026\/09\/247042.png","datePublished":"2026-09-03T14:03:57+00:00","dateModified":"2026-09-03T14:04:00+00:00","breadcrumb":{"@id":"https:\/\/punto5.it\/news\/03-09-2026\/serie-c1\/242917\/colpo-di-coda-del-cicalesi-e-nuzzo\/#breadcrumb"},"inLanguage":"it-IT","potentialAction":[{"@type":"ReadAction","target":["https:\/\/punto5.it\/news\/03-09-2026\/serie-c1\/242917\/colpo-di-coda-del-cicalesi-e-nuzzo\/"]}]},{"@type":"ImageObject","inLanguage":"it-IT","@id":"https:\/\/punto5.it\/news\/03-09-2026\/serie-c1\/242917\/colpo-di-coda-del-cicalesi-e-nuzzo\/#primaryimage","url":"https:\/\/punto5.it\/news\/wp-content\/uploads\/2026\/09\/247042.png","contentUrl":"https:\/\/punto5.it\/news\/wp-content\/uploads\/2026\/09\/247042.png","width":612,"height":344},{"@type":"BreadcrumbList","@id":"https:\/\/punto5.it\/news\/03-09-2026\/serie-c1\/242917\/colpo-di-coda-del-cicalesi-e-nuzzo\/#breadcrumb","itemListElement":[{"@type":"ListItem","position":1,"name":"Home","item":"https:\/\/punto5.it\/news\/"},{"@type":"ListItem","position":2,"name":"Colpo di coda del Cicalesi: \u00e8 Nuzzo"}]},{"@type":"WebSite","@id":"https:\/\/punto5.it\/news\/#website","url":"https:\/\/punto5.it\/news\/","name":"Punto5.it","description":"La tua risorsa gratuita sul calcio a 5 in Campania.","publisher":{"@id":"https:\/\/punto5.it\/news\/#organization"},"potentialAction":[{"@type":"SearchAction","target":{"@type":"EntryPoint","urlTemplate":"https:\/\/punto5.it\/news\/?s={search_term_string}"},"query-input":{"@type":"PropertyValueSpecification","valueRequired":true,"valueName":"search_term_string"}}],"inLanguage":"it-IT"},{"@type":"Organization","@id":"https:\/\/punto5.it\/news\/#organization","name":"Punto5","url":"https:\/\/punto5.it\/news\/","logo":{"@type":"ImageObject","inLanguage":"it-IT","@id":"https:\/\/punto5.it\/news\/#\/schema\/logo\/image\/","url":"https:\/\/punto5.it\/news\/wp-content\/uploads\/2024\/12\/fbp5.png","contentUrl":"https:\/\/punto5.it\/news\/wp-content\/uploads\/2024\/12\/fbp5.png","width":500,"height":500,"caption":"Punto5"},"image":{"@id":"https:\/\/punto5.it\/news\/#\/schema\/logo\/image\/"},"sameAs":["https:\/\/www.facebook.com\/punto5.it\/"]},{"@type":"Person","@id":"https:\/\/punto5.it\/news\/#\/schema\/person\/6b1092945321c99a2b936c656a25b924","name":"comunicato stampa","image":{"@type":"ImageObject","inLanguage":"it-IT","@id":"https:\/\/punto5.it\/news\/#\/schema\/person\/image\/","url":"https:\/\/secure.gravatar.com\/avatar\/ffa8e990fc05bef01150cb4b849246a414f038e016c198603051dee57bf3bf53?s=96&d=mm&r=g","contentUrl":"https:\/\/secure.gravatar.com\/avatar\/ffa8e990fc05bef01150cb4b849246a414f038e016c198603051dee57bf3bf53?s=96&d=mm&r=g","caption":"comunicato stampa"},"sameAs":["http:\/\/www.punto5.it"],"url":"https:\/\/punto5.it\/news\/author\/comunicato-stampa\/"}]}},"_links":{"self":[{"href":"https:\/\/punto5.it\/news\/wp-json\/wp\/v2\/posts\/242917","targetHints":{"allow":["GET"]}}],"collection":[{"href":"https:\/\/punto5.it\/news\/wp-json\/wp\/v2\/posts"}],"about":[{"href":"https:\/\/punto5.it\/news\/wp-json\/wp\/v2\/types\/post"}],"author":[{"embeddable":true,"href":"https:\/\/punto5.it\/news\/wp-json\/wp\/v2\/users\/5"}],"replies":[{"embeddable":true,"href":"https:\/\/punto5.it\/news\/wp-json\/wp\/v2\/comments?post=242917"}],"version-history":[{"count":1,"href":"https:\/\/punto5.it\/news\/wp-json\/wp\/v2\/posts\/242917\/revisions"}],"predecessor-version":[{"id":242919,"href":"https:\/\/punto5.it\/news\/wp-json\/wp\/v2\/posts\/242917\/revisions\/242919"}],"wp:featuredmedia":[{"embeddable":true,"href":"https:\/\/punto5.it\/news\/wp-json\/wp\/v2\/media\/242918"}],"wp:attachment":[{"href":"https:\/\/punto5.it\/news\/wp-json\/wp\/v2\/media?parent=242917"}],"wp:term":[{"taxonomy":"category","embeddable":true,"href":"https:\/\/punto5.it\/news\/wp-json\/wp\/v2\/categories?post=242917"},{"taxonomy":"post_tag","embeddable":true,"href":"https:\/\/punto5.it\/news\/wp-json\/wp\/v2\/tags?post=242917"}],"curies":[{"name":"wp","href":"https:\/\/api.w.org\/{rel}","templated":true}]}}