{"id":242920,"date":"2026-09-03T16:41:45","date_gmt":"2026-09-03T14:41:45","guid":{"rendered":"https:\/\/punto5.it\/news\/?p=242920"},"modified":"2026-09-05T00:36:12","modified_gmt":"2026-09-04T22:36:12","slug":"due-giorni-di-grande-futsal-al-palavesuvio-angelini-test-importante-in-vista-del-campionato","status":"publish","type":"post","link":"https:\/\/punto5.it\/news\/03-09-2026\/serie-a\/242920\/due-giorni-di-grande-futsal-al-palavesuvio-angelini-test-importante-in-vista-del-campionato\/","title":{"rendered":"Due giorni di grande futsal al PalaVesuvio, Angelini: &#8220;Test importante in vista del campionato&#8221;"},"content":{"rendered":"\n<p>Tutto pronto al PalaVesuvio per una due giorni di grande futsal. Dopo il successo con il Formia nel primo test match, il Napoli Futsal scende in campo per un quadrangolare di prestigio: il I Torneo Internazionale Citt\u00e0 di Napoli, a cui parteciperanno Benevento 5, Feldi Eboli e la Mnk Dinamo Zagabria, organizzato con il contributo dell&#8217;ARUS \u2013 Agenzia Regionale Universiadi per lo Sport. Venerd\u00ec alle 19 il derby tra i giallorossi e le volpi, a seguire alle 21 capitan Perugino e compagni contro la compagine croata. Il giorno dopo la finalina alle 20 ed alle 22 l\u2019ultimo atto: ingresso libero, inoltre sar\u00e0 tutto in diretta sul canale YouTube della Divisione C5.<\/p>\n\n\n\n<p><strong><em>BENEVENTO 5 E FELDI<\/em><\/strong>. Due delle altre quattro societ\u00e0 campane di A. La societ\u00e0 del presidente Di Fede \u00e8 tornata nel massimo campionato rinnovando la fiducia a buona parte del gruppo promozione ed aggiungendovi l&#8217;ex Ecocity Barichello, Sosa, Deidda, la coppia Pires-Lamas (capocannoniere e vice della scorsa regular season) ed il Toro Gui. Sponda rossobl\u00f9 sono arrivati i saluti di due colonne come Calderolli e Dalcin, oltre appunto a Gui, le novit\u00e0 sono Pietrangelo, Tato Block, il giovane Marrazzo, il brasiliano Bertoline, Siddi, Gastaldo ed il ritorno di Etzi.<\/p>\n\n\n\n<p><strong><em>MNK DINAMO ZAGABRIA.&nbsp;<\/em><\/strong>Squadra della capitale, due volte fregiatosi del titolo nel 2022-23 e 2023-24, \u00e8 guidata da Matija ?ulvat, vecchia conoscenza del Belpaese con le maglie di Arzignano e Cornedo da giocatore ed ex commissario tecnico della Svezia. L&#8217;annata appena trascorsa si \u00e8 conclusa in semifinale playoff. In estate l&#8217;addio dello storico capitano Pavli?, mentre il perno della nazionale terza agli Europei Gudasi? ha prolungato la propria permanenza e con lui inamovibili anche l&#8217;estremo difensore Piplica ed il laterale ?ekol. Insieme a loro le qualit\u00e0 di Filip e Tihomir Novak e dello sloveno ?op.<\/p>\n\n\n\n<p><em><strong>LE VOCI DALLA PANCHINA.&nbsp;<\/strong><\/em><em>&#8220;Proveremo a verificare ci\u00f2 che \u00e8 stato fatto fino ad oggi e cosa c&#8217;\u00e8 da migliorare oltre a quanto gi\u00e0 assimilato. Lavoreremo su eventuali problematiche per farci trovare pronti per il campionato&#8221;, le parole dell&#8217;allenatore dei partenopei Angelini.<\/em><\/p>\n\n\n\n<p><em>&#8220;Stiamo lavorando molto sulla parte fisica per arrivare al meglio al debutto. Metteremo ritmo e fiducia tra i nuovi&#8221;, cos\u00ec Luciano Antonelli per la Feldi.<\/em><\/p>\n\n\n\n<p><em>&#8220;Sar\u00e0 un test probante per vedere a che punto sono preparazione ed amalgama. Un&#8217;occasione per valutare il nostro livello rispetto a formazioni di grande caratura&#8221;, le dichiarazioni per i giallorossi di mister Scarpitti.<\/em><\/p>\n\n\n\n<p><em>&#8220;Innanzitutto il mio ringraziamento al Napoli per questa possibilit\u00e0. Ci sono avversarie forti italiane e sar\u00e0 un ottimo banco di prova per noi&#8221;, dice ?ulvat.<\/em><\/p>\n\n\n\n<p><strong><a href=\"https:\/\/www.facebook.com\/reel\/1100418665751654\" target=\"_blank\" rel=\"noreferrer noopener\">&nbsp;IL SERVIZIO<\/a><\/strong><\/p>\n\n\n\n<p><\/p>\n\n\n\n<p><strong>Area Comunicazione Napoli Futsal<\/strong><\/p>\n","protected":false},"excerpt":{"rendered":"<p>Tutto pronto al PalaVesuvio per una due giorni di grande futsal. Dopo il successo con il Formia nel primo test match, il Napoli Futsal scende in campo per un quadrangolare di prestigio: il I Torneo Internazionale Citt\u00e0 di Napoli, a cui parteciperanno Benevento 5, Feldi Eboli e la Mnk Dinamo Zagabria, organizzato con il contributo [&hellip;]<\/p>\n","protected":false},"author":5,"featured_media":242921,"comment_status":"closed","ping_status":"closed","sticky":false,"template":"","format":"standard","meta":{"jnews-multi-image_gallery":[],"jnews_single_post":{"format":"standard"},"jnews_primary_category":[],"jnews_social_meta":[],"jnews_override_counter":[],"footnotes":""},"categories":[11],"tags":[],"class_list":["post-242920","post","type-post","status-publish","format-standard","has-post-thumbnail","hentry","category-serie-a"],"yoast_head":"<!-- This site is optimized with the Yoast SEO plugin v24.5 - https:\/\/yoast.com\/wordpress\/plugins\/seo\/ -->\n<title>Due giorni di grande futsal al PalaVesuvio, Angelini: &quot;Test importante in vista del campionato&quot; - Punto5.it<\/title>\n<meta name=\"robots\" content=\"index, follow, max-snippet:-1, max-image-preview:large, max-video-preview:-1\" \/>\n<link rel=\"canonical\" href=\"https:\/\/punto5.it\/news\/03-09-2026\/serie-a\/242920\/due-giorni-di-grande-futsal-al-palavesuvio-angelini-test-importante-in-vista-del-campionato\/\" \/>\n<meta property=\"og:locale\" content=\"it_IT\" \/>\n<meta property=\"og:type\" content=\"article\" \/>\n<meta property=\"og:title\" content=\"Due giorni di grande futsal al PalaVesuvio, Angelini: &quot;Test importante in vista del campionato&quot; - Punto5.it\" \/>\n<meta property=\"og:description\" content=\"Tutto pronto al PalaVesuvio per una due giorni di grande futsal. Dopo il successo con il Formia nel primo test match, il Napoli Futsal scende in campo per un quadrangolare di prestigio: il I Torneo Internazionale Citt\u00e0 di Napoli, a cui parteciperanno Benevento 5, Feldi Eboli e la Mnk Dinamo Zagabria, organizzato con il contributo [&hellip;]\" \/>\n<meta property=\"og:url\" content=\"https:\/\/punto5.it\/news\/03-09-2026\/serie-a\/242920\/due-giorni-di-grande-futsal-al-palavesuvio-angelini-test-importante-in-vista-del-campionato\/\" \/>\n<meta property=\"og:site_name\" content=\"Punto5.it\" \/>\n<meta property=\"article:publisher\" content=\"https:\/\/www.facebook.com\/punto5.it\/\" \/>\n<meta property=\"article:published_time\" content=\"2026-09-03T14:41:45+00:00\" \/>\n<meta property=\"article:modified_time\" content=\"2026-09-04T22:36:12+00:00\" \/>\n<meta property=\"og:image\" content=\"https:\/\/punto5.it\/news\/wp-content\/uploads\/2026\/09\/WhatsApp-Image-2026-09-03-at-15.46.55.jpeg\" \/>\n\t<meta property=\"og:image:width\" content=\"1200\" \/>\n\t<meta property=\"og:image:height\" content=\"675\" \/>\n\t<meta property=\"og:image:type\" content=\"image\/jpeg\" \/>\n<meta name=\"author\" content=\"comunicato stampa\" \/>\n<meta name=\"twitter:label1\" content=\"Scritto da\" \/>\n\t<meta name=\"twitter:data1\" content=\"comunicato stampa\" \/>\n\t<meta name=\"twitter:label2\" content=\"Tempo di lettura stimato\" \/>\n\t<meta name=\"twitter:data2\" content=\"3 minuti\" \/>\n<script type=\"application\/ld+json\" class=\"yoast-schema-graph\">{\"@context\":\"https:\/\/schema.org\",\"@graph\":[{\"@type\":\"Article\",\"@id\":\"https:\/\/punto5.it\/news\/03-09-2026\/serie-a\/242920\/due-giorni-di-grande-futsal-al-palavesuvio-angelini-test-importante-in-vista-del-campionato\/#article\",\"isPartOf\":{\"@id\":\"https:\/\/punto5.it\/news\/03-09-2026\/serie-a\/242920\/due-giorni-di-grande-futsal-al-palavesuvio-angelini-test-importante-in-vista-del-campionato\/\"},\"author\":{\"name\":\"comunicato stampa\",\"@id\":\"https:\/\/punto5.it\/news\/#\/schema\/person\/6b1092945321c99a2b936c656a25b924\"},\"headline\":\"Due giorni di grande futsal al PalaVesuvio, Angelini: &#8220;Test importante in vista del campionato&#8221;\",\"datePublished\":\"2026-09-03T14:41:45+00:00\",\"dateModified\":\"2026-09-04T22:36:12+00:00\",\"mainEntityOfPage\":{\"@id\":\"https:\/\/punto5.it\/news\/03-09-2026\/serie-a\/242920\/due-giorni-di-grande-futsal-al-palavesuvio-angelini-test-importante-in-vista-del-campionato\/\"},\"wordCount\":440,\"publisher\":{\"@id\":\"https:\/\/punto5.it\/news\/#organization\"},\"image\":{\"@id\":\"https:\/\/punto5.it\/news\/03-09-2026\/serie-a\/242920\/due-giorni-di-grande-futsal-al-palavesuvio-angelini-test-importante-in-vista-del-campionato\/#primaryimage\"},\"thumbnailUrl\":\"https:\/\/punto5.it\/news\/wp-content\/uploads\/2026\/09\/WhatsApp-Image-2026-09-03-at-15.46.55.jpeg\",\"articleSection\":[\"Serie A\"],\"inLanguage\":\"it-IT\"},{\"@type\":\"WebPage\",\"@id\":\"https:\/\/punto5.it\/news\/03-09-2026\/serie-a\/242920\/due-giorni-di-grande-futsal-al-palavesuvio-angelini-test-importante-in-vista-del-campionato\/\",\"url\":\"https:\/\/punto5.it\/news\/03-09-2026\/serie-a\/242920\/due-giorni-di-grande-futsal-al-palavesuvio-angelini-test-importante-in-vista-del-campionato\/\",\"name\":\"Due giorni di grande futsal al PalaVesuvio, Angelini: \\\"Test importante in vista del campionato\\\" - Punto5.it\",\"isPartOf\":{\"@id\":\"https:\/\/punto5.it\/news\/#website\"},\"primaryImageOfPage\":{\"@id\":\"https:\/\/punto5.it\/news\/03-09-2026\/serie-a\/242920\/due-giorni-di-grande-futsal-al-palavesuvio-angelini-test-importante-in-vista-del-campionato\/#primaryimage\"},\"image\":{\"@id\":\"https:\/\/punto5.it\/news\/03-09-2026\/serie-a\/242920\/due-giorni-di-grande-futsal-al-palavesuvio-angelini-test-importante-in-vista-del-campionato\/#primaryimage\"},\"thumbnailUrl\":\"https:\/\/punto5.it\/news\/wp-content\/uploads\/2026\/09\/WhatsApp-Image-2026-09-03-at-15.46.55.jpeg\",\"datePublished\":\"2026-09-03T14:41:45+00:00\",\"dateModified\":\"2026-09-04T22:36:12+00:00\",\"breadcrumb\":{\"@id\":\"https:\/\/punto5.it\/news\/03-09-2026\/serie-a\/242920\/due-giorni-di-grande-futsal-al-palavesuvio-angelini-test-importante-in-vista-del-campionato\/#breadcrumb\"},\"inLanguage\":\"it-IT\",\"potentialAction\":[{\"@type\":\"ReadAction\",\"target\":[\"https:\/\/punto5.it\/news\/03-09-2026\/serie-a\/242920\/due-giorni-di-grande-futsal-al-palavesuvio-angelini-test-importante-in-vista-del-campionato\/\"]}]},{\"@type\":\"ImageObject\",\"inLanguage\":\"it-IT\",\"@id\":\"https:\/\/punto5.it\/news\/03-09-2026\/serie-a\/242920\/due-giorni-di-grande-futsal-al-palavesuvio-angelini-test-importante-in-vista-del-campionato\/#primaryimage\",\"url\":\"https:\/\/punto5.it\/news\/wp-content\/uploads\/2026\/09\/WhatsApp-Image-2026-09-03-at-15.46.55.jpeg\",\"contentUrl\":\"https:\/\/punto5.it\/news\/wp-content\/uploads\/2026\/09\/WhatsApp-Image-2026-09-03-at-15.46.55.jpeg\",\"width\":1200,\"height\":675,\"caption\":\"foto: Martinez\"},{\"@type\":\"BreadcrumbList\",\"@id\":\"https:\/\/punto5.it\/news\/03-09-2026\/serie-a\/242920\/due-giorni-di-grande-futsal-al-palavesuvio-angelini-test-importante-in-vista-del-campionato\/#breadcrumb\",\"itemListElement\":[{\"@type\":\"ListItem\",\"position\":1,\"name\":\"Home\",\"item\":\"https:\/\/punto5.it\/news\/\"},{\"@type\":\"ListItem\",\"position\":2,\"name\":\"Due giorni di grande futsal al PalaVesuvio, Angelini: &#8220;Test importante in vista del campionato&#8221;\"}]},{\"@type\":\"WebSite\",\"@id\":\"https:\/\/punto5.it\/news\/#website\",\"url\":\"https:\/\/punto5.it\/news\/\",\"name\":\"Punto5.it\",\"description\":\"La tua risorsa gratuita sul calcio a 5 in Campania.\",\"publisher\":{\"@id\":\"https:\/\/punto5.it\/news\/#organization\"},\"potentialAction\":[{\"@type\":\"SearchAction\",\"target\":{\"@type\":\"EntryPoint\",\"urlTemplate\":\"https:\/\/punto5.it\/news\/?s={search_term_string}\"},\"query-input\":{\"@type\":\"PropertyValueSpecification\",\"valueRequired\":true,\"valueName\":\"search_term_string\"}}],\"inLanguage\":\"it-IT\"},{\"@type\":\"Organization\",\"@id\":\"https:\/\/punto5.it\/news\/#organization\",\"name\":\"Punto5\",\"url\":\"https:\/\/punto5.it\/news\/\",\"logo\":{\"@type\":\"ImageObject\",\"inLanguage\":\"it-IT\",\"@id\":\"https:\/\/punto5.it\/news\/#\/schema\/logo\/image\/\",\"url\":\"https:\/\/punto5.it\/news\/wp-content\/uploads\/2024\/12\/fbp5.png\",\"contentUrl\":\"https:\/\/punto5.it\/news\/wp-content\/uploads\/2024\/12\/fbp5.png\",\"width\":500,\"height\":500,\"caption\":\"Punto5\"},\"image\":{\"@id\":\"https:\/\/punto5.it\/news\/#\/schema\/logo\/image\/\"},\"sameAs\":[\"https:\/\/www.facebook.com\/punto5.it\/\"]},{\"@type\":\"Person\",\"@id\":\"https:\/\/punto5.it\/news\/#\/schema\/person\/6b1092945321c99a2b936c656a25b924\",\"name\":\"comunicato stampa\",\"image\":{\"@type\":\"ImageObject\",\"inLanguage\":\"it-IT\",\"@id\":\"https:\/\/punto5.it\/news\/#\/schema\/person\/image\/\",\"url\":\"https:\/\/secure.gravatar.com\/avatar\/ffa8e990fc05bef01150cb4b849246a414f038e016c198603051dee57bf3bf53?s=96&d=mm&r=g\",\"contentUrl\":\"https:\/\/secure.gravatar.com\/avatar\/ffa8e990fc05bef01150cb4b849246a414f038e016c198603051dee57bf3bf53?s=96&d=mm&r=g\",\"caption\":\"comunicato stampa\"},\"sameAs\":[\"http:\/\/www.punto5.it\"],\"url\":\"https:\/\/punto5.it\/news\/author\/comunicato-stampa\/\"}]}<\/script>\n<!-- \/ Yoast SEO plugin. -->","yoast_head_json":{"title":"Due giorni di grande futsal al PalaVesuvio, Angelini: \"Test importante in vista del campionato\" - Punto5.it","robots":{"index":"index","follow":"follow","max-snippet":"max-snippet:-1","max-image-preview":"max-image-preview:large","max-video-preview":"max-video-preview:-1"},"canonical":"https:\/\/punto5.it\/news\/03-09-2026\/serie-a\/242920\/due-giorni-di-grande-futsal-al-palavesuvio-angelini-test-importante-in-vista-del-campionato\/","og_locale":"it_IT","og_type":"article","og_title":"Due giorni di grande futsal al PalaVesuvio, Angelini: \"Test importante in vista del campionato\" - Punto5.it","og_description":"Tutto pronto al PalaVesuvio per una due giorni di grande futsal. Dopo il successo con il Formia nel primo test match, il Napoli Futsal scende in campo per un quadrangolare di prestigio: il I Torneo Internazionale Citt\u00e0 di Napoli, a cui parteciperanno Benevento 5, Feldi Eboli e la Mnk Dinamo Zagabria, organizzato con il contributo [&hellip;]","og_url":"https:\/\/punto5.it\/news\/03-09-2026\/serie-a\/242920\/due-giorni-di-grande-futsal-al-palavesuvio-angelini-test-importante-in-vista-del-campionato\/","og_site_name":"Punto5.it","article_publisher":"https:\/\/www.facebook.com\/punto5.it\/","article_published_time":"2026-09-03T14:41:45+00:00","article_modified_time":"2026-09-04T22:36:12+00:00","og_image":[{"width":1200,"height":675,"url":"https:\/\/punto5.it\/news\/wp-content\/uploads\/2026\/09\/WhatsApp-Image-2026-09-03-at-15.46.55.jpeg","type":"image\/jpeg"}],"author":"comunicato stampa","twitter_misc":{"Scritto da":"comunicato stampa","Tempo di lettura stimato":"3 minuti"},"schema":{"@context":"https:\/\/schema.org","@graph":[{"@type":"Article","@id":"https:\/\/punto5.it\/news\/03-09-2026\/serie-a\/242920\/due-giorni-di-grande-futsal-al-palavesuvio-angelini-test-importante-in-vista-del-campionato\/#article","isPartOf":{"@id":"https:\/\/punto5.it\/news\/03-09-2026\/serie-a\/242920\/due-giorni-di-grande-futsal-al-palavesuvio-angelini-test-importante-in-vista-del-campionato\/"},"author":{"name":"comunicato stampa","@id":"https:\/\/punto5.it\/news\/#\/schema\/person\/6b1092945321c99a2b936c656a25b924"},"headline":"Due giorni di grande futsal al PalaVesuvio, Angelini: &#8220;Test importante in vista del campionato&#8221;","datePublished":"2026-09-03T14:41:45+00:00","dateModified":"2026-09-04T22:36:12+00:00","mainEntityOfPage":{"@id":"https:\/\/punto5.it\/news\/03-09-2026\/serie-a\/242920\/due-giorni-di-grande-futsal-al-palavesuvio-angelini-test-importante-in-vista-del-campionato\/"},"wordCount":440,"publisher":{"@id":"https:\/\/punto5.it\/news\/#organization"},"image":{"@id":"https:\/\/punto5.it\/news\/03-09-2026\/serie-a\/242920\/due-giorni-di-grande-futsal-al-palavesuvio-angelini-test-importante-in-vista-del-campionato\/#primaryimage"},"thumbnailUrl":"https:\/\/punto5.it\/news\/wp-content\/uploads\/2026\/09\/WhatsApp-Image-2026-09-03-at-15.46.55.jpeg","articleSection":["Serie A"],"inLanguage":"it-IT"},{"@type":"WebPage","@id":"https:\/\/punto5.it\/news\/03-09-2026\/serie-a\/242920\/due-giorni-di-grande-futsal-al-palavesuvio-angelini-test-importante-in-vista-del-campionato\/","url":"https:\/\/punto5.it\/news\/03-09-2026\/serie-a\/242920\/due-giorni-di-grande-futsal-al-palavesuvio-angelini-test-importante-in-vista-del-campionato\/","name":"Due giorni di grande futsal al PalaVesuvio, Angelini: \"Test importante in vista del campionato\" - Punto5.it","isPartOf":{"@id":"https:\/\/punto5.it\/news\/#website"},"primaryImageOfPage":{"@id":"https:\/\/punto5.it\/news\/03-09-2026\/serie-a\/242920\/due-giorni-di-grande-futsal-al-palavesuvio-angelini-test-importante-in-vista-del-campionato\/#primaryimage"},"image":{"@id":"https:\/\/punto5.it\/news\/03-09-2026\/serie-a\/242920\/due-giorni-di-grande-futsal-al-palavesuvio-angelini-test-importante-in-vista-del-campionato\/#primaryimage"},"thumbnailUrl":"https:\/\/punto5.it\/news\/wp-content\/uploads\/2026\/09\/WhatsApp-Image-2026-09-03-at-15.46.55.jpeg","datePublished":"2026-09-03T14:41:45+00:00","dateModified":"2026-09-04T22:36:12+00:00","breadcrumb":{"@id":"https:\/\/punto5.it\/news\/03-09-2026\/serie-a\/242920\/due-giorni-di-grande-futsal-al-palavesuvio-angelini-test-importante-in-vista-del-campionato\/#breadcrumb"},"inLanguage":"it-IT","potentialAction":[{"@type":"ReadAction","target":["https:\/\/punto5.it\/news\/03-09-2026\/serie-a\/242920\/due-giorni-di-grande-futsal-al-palavesuvio-angelini-test-importante-in-vista-del-campionato\/"]}]},{"@type":"ImageObject","inLanguage":"it-IT","@id":"https:\/\/punto5.it\/news\/03-09-2026\/serie-a\/242920\/due-giorni-di-grande-futsal-al-palavesuvio-angelini-test-importante-in-vista-del-campionato\/#primaryimage","url":"https:\/\/punto5.it\/news\/wp-content\/uploads\/2026\/09\/WhatsApp-Image-2026-09-03-at-15.46.55.jpeg","contentUrl":"https:\/\/punto5.it\/news\/wp-content\/uploads\/2026\/09\/WhatsApp-Image-2026-09-03-at-15.46.55.jpeg","width":1200,"height":675,"caption":"foto: Martinez"},{"@type":"BreadcrumbList","@id":"https:\/\/punto5.it\/news\/03-09-2026\/serie-a\/242920\/due-giorni-di-grande-futsal-al-palavesuvio-angelini-test-importante-in-vista-del-campionato\/#breadcrumb","itemListElement":[{"@type":"ListItem","position":1,"name":"Home","item":"https:\/\/punto5.it\/news\/"},{"@type":"ListItem","position":2,"name":"Due giorni di grande futsal al PalaVesuvio, Angelini: &#8220;Test importante in vista del campionato&#8221;"}]},{"@type":"WebSite","@id":"https:\/\/punto5.it\/news\/#website","url":"https:\/\/punto5.it\/news\/","name":"Punto5.it","description":"La tua risorsa gratuita sul calcio a 5 in Campania.","publisher":{"@id":"https:\/\/punto5.it\/news\/#organization"},"potentialAction":[{"@type":"SearchAction","target":{"@type":"EntryPoint","urlTemplate":"https:\/\/punto5.it\/news\/?s={search_term_string}"},"query-input":{"@type":"PropertyValueSpecification","valueRequired":true,"valueName":"search_term_string"}}],"inLanguage":"it-IT"},{"@type":"Organization","@id":"https:\/\/punto5.it\/news\/#organization","name":"Punto5","url":"https:\/\/punto5.it\/news\/","logo":{"@type":"ImageObject","inLanguage":"it-IT","@id":"https:\/\/punto5.it\/news\/#\/schema\/logo\/image\/","url":"https:\/\/punto5.it\/news\/wp-content\/uploads\/2024\/12\/fbp5.png","contentUrl":"https:\/\/punto5.it\/news\/wp-content\/uploads\/2024\/12\/fbp5.png","width":500,"height":500,"caption":"Punto5"},"image":{"@id":"https:\/\/punto5.it\/news\/#\/schema\/logo\/image\/"},"sameAs":["https:\/\/www.facebook.com\/punto5.it\/"]},{"@type":"Person","@id":"https:\/\/punto5.it\/news\/#\/schema\/person\/6b1092945321c99a2b936c656a25b924","name":"comunicato stampa","image":{"@type":"ImageObject","inLanguage":"it-IT","@id":"https:\/\/punto5.it\/news\/#\/schema\/person\/image\/","url":"https:\/\/secure.gravatar.com\/avatar\/ffa8e990fc05bef01150cb4b849246a414f038e016c198603051dee57bf3bf53?s=96&d=mm&r=g","contentUrl":"https:\/\/secure.gravatar.com\/avatar\/ffa8e990fc05bef01150cb4b849246a414f038e016c198603051dee57bf3bf53?s=96&d=mm&r=g","caption":"comunicato stampa"},"sameAs":["http:\/\/www.punto5.it"],"url":"https:\/\/punto5.it\/news\/author\/comunicato-stampa\/"}]}},"_links":{"self":[{"href":"https:\/\/punto5.it\/news\/wp-json\/wp\/v2\/posts\/242920","targetHints":{"allow":["GET"]}}],"collection":[{"href":"https:\/\/punto5.it\/news\/wp-json\/wp\/v2\/posts"}],"about":[{"href":"https:\/\/punto5.it\/news\/wp-json\/wp\/v2\/types\/post"}],"author":[{"embeddable":true,"href":"https:\/\/punto5.it\/news\/wp-json\/wp\/v2\/users\/5"}],"replies":[{"embeddable":true,"href":"https:\/\/punto5.it\/news\/wp-json\/wp\/v2\/comments?post=242920"}],"version-history":[{"count":1,"href":"https:\/\/punto5.it\/news\/wp-json\/wp\/v2\/posts\/242920\/revisions"}],"predecessor-version":[{"id":242922,"href":"https:\/\/punto5.it\/news\/wp-json\/wp\/v2\/posts\/242920\/revisions\/242922"}],"wp:featuredmedia":[{"embeddable":true,"href":"https:\/\/punto5.it\/news\/wp-json\/wp\/v2\/media\/242921"}],"wp:attachment":[{"href":"https:\/\/punto5.it\/news\/wp-json\/wp\/v2\/media?parent=242920"}],"wp:term":[{"taxonomy":"category","embeddable":true,"href":"https:\/\/punto5.it\/news\/wp-json\/wp\/v2\/categories?post=242920"},{"taxonomy":"post_tag","embeddable":true,"href":"https:\/\/punto5.it\/news\/wp-json\/wp\/v2\/tags?post=242920"}],"curies":[{"name":"wp","href":"https:\/\/api.w.org\/{rel}","templated":true}]}}