{"id":242925,"date":"2026-09-03T14:36:00","date_gmt":"2026-09-03T12:36:00","guid":{"rendered":"https:\/\/punto5.it\/news\/?p=242925"},"modified":"2026-09-03T17:58:22","modified_gmt":"2026-09-03T15:58:22","slug":"la-polisportiva-torretta-celebra-i-suoi-50-anni-si-riparte-dalla-d-con-un-nuovo-progetto","status":"publish","type":"post","link":"https:\/\/punto5.it\/news\/03-09-2026\/serie-d\/242925\/la-polisportiva-torretta-celebra-i-suoi-50-anni-si-riparte-dalla-d-con-un-nuovo-progetto\/","title":{"rendered":"La Polisportiva Torretta celebra i suoi 50 anni: si riparte dalla D con un nuovo progetto"},"content":{"rendered":"\n<p>Dalla delusione della retrocessione alla voglia di ripartire. La Polisportiva Torretta si prepara ad affrontare la nuova stagione di Serie D con un organico profondamente rinnovato, una nuova idea societaria e lo stesso entusiasmo che da sempre accompagna i colori rossobl\u00f9. Un&#8217;annata speciale, quella che sta per iniziare, perch\u00e9 coincider\u00e0 con il 50\u00b0 anniversario dalla fondazione della societ\u00e0.<\/p>\n\n\n\n<p>La retrocessione ha lasciato inevitabilmente il segno. Un verdetto difficile da digerire per tutto l&#8217;ambiente, arrivato dopo una stagione nella quale la Torretta ha dovuto fare i conti con diverse difficolt\u00e0. Ma nel futsal, spesso, la fine di un percorso pu\u00f2 rappresentare l&#8217;inizio di qualcosa di nuovo.<\/p>\n\n\n\n<p>Ed \u00e8 proprio da questa filosofia che la Polisportiva Torretta ha deciso di ripartire.<\/p>\n\n\n\n<p>La societ\u00e0 si presenta ai nastri di partenza della <strong>Serie D<\/strong> con un progetto profondamente rinnovato. Gran parte dell&#8217;organico \u00e8 cambiata e anche l&#8217;assetto societario ha subito una vera e propria riorganizzazione. Una rivoluzione necessaria per voltare pagina, senza per\u00f2 perdere quella passione che da cinquant&#8217;anni rappresenta il cuore pulsante della Torretta.<\/p>\n\n\n\n<p>L&#8217;obiettivo non \u00e8 soltanto quello di partecipare al prossimo campionato, ma di costruire una squadra capace di essere protagonista e di <strong>dire la propria sul campo<\/strong>, con entusiasmo, umilt\u00e0 e tanta voglia di lavorare.<\/p>\n\n\n\n<p><strong>Federico: <\/strong><strong>\u00ab<\/strong><strong>Non tutti i mali vengono per nuocere\u00bb<\/strong><strong><\/strong><\/p>\n\n\n\n<p>A raccontare il momento della Polisportiva Torretta \u00e8 il presidente <strong>Antonio Federico<\/strong>, che guarda alla nuova stagione con ottimismo, nonostante la retrocessione.<\/p>\n\n\n\n<p>\u00abNon tutti i mali vengono per nuocere. Io guardo sempre il bicchiere mezzo pieno. Siamo retrocessi, \u00e8 vero, e questo ha fatto davvero male a tutto l&#8217;ambiente. Ma abbiamo deciso di trasformare questa delusione in un&#8217;opportunit\u00e0 per ripartire con ancora pi\u00f9 entusiasmo\u00bb.<\/p>\n\n\n\n<p>Il presidente sottolinea quindi il profondo cambiamento che ha interessato la societ\u00e0: \u00abAbbiamo cambiato circa tre quarti dell\u2019organico e, parallelamente, abbiamo lavorato alla costruzione di un nuovo assetto societario. Molti ragazzi hanno lasciato la Torretta, ma la societ\u00e0, con la voglia e la passione che da sempre la contraddistinguono, si \u00e8 immediatamente rimboccata le maniche per costruire una squadra che possa dire la sua nel prossimo campionato\u00bb.<\/p>\n\n\n\n<p>Una squadra nuova, dunque, ma con una caratteristica che il presidente considera fondamentale: la voglia di sposare realmente il progetto.<\/p>\n\n\n\n<p>\u00abCi siamo circondati di calcettisti che hanno dimostrato fin dal primo momento di voler sposare questo progetto, mettendosi a disposizione del mister e della societ\u00e0. Per noi questo aspetto \u00e8 fondamentale: prima ancora delle qualit\u00e0 tecniche, cerchiamo ragazzi che abbiano entusiasmo, voglia di lavorare e di indossare questa maglia con orgoglio\u00bb.<\/p>\n\n\n\n<p><strong>Un compleanno speciale: 50 anni di Torretta<\/strong><strong><\/strong><\/p>\n\n\n\n<p>La nuova stagione avr\u00e0 inoltre un significato particolare. La Polisportiva Torretta festegger\u00e0 infatti <strong>50 anni dalla sua fondazione<\/strong>, un traguardo importante che la societ\u00e0 vuole onorare nel migliore dei modi.<\/p>\n\n\n\n<p>Cinquant&#8217;anni di sport, sacrifici, vittorie, sconfitte, generazioni di giocatori e soprattutto di persone che hanno contribuito a mantenere viva una realt\u00e0 che rappresenta un punto di riferimento per il territorio.<\/p>\n\n\n\n<p>E proprio per celebrare l&#8217;inizio di questa nuova avventura, \u00e8 stata scelta una cornice speciale.<\/p>\n\n\n\n<p><strong>Il prossimo 12 settembre<\/strong>, infatti, la Polisportiva Torretta presenter\u00e0 ufficialmente la nuova squadra alla <strong>Sagra del Piennolo di Boscotrecase<\/strong>, dando cos\u00ec il via ufficiale a una stagione che porta con s\u00e9 tante novit\u00e0 e altrettante aspettative.<\/p>\n\n\n\n<p>\u00abSar\u00e0 un momento importante per tutti noi\u00bb, conclude Federico. \u00abPresentare la squadra proprio nell&#8217;anno del nostro cinquantesimo anniversario ha un valore particolare. Vogliamo che sia una stagione che rappresenti un nuovo inizio, senza dimenticare tutto quello che questa societ\u00e0 ha costruito in mezzo secolo di storia\u00bb.<\/p>\n\n\n\n<p>La Torretta, dunque, riparte dalla Serie D. <strong>Nuovi giocatori, nuovo progetto, nuovo assetto societario. Ma con la stessa vecchia, instancabile passione.<\/strong> E in un&#8217;annata cos\u00ec speciale, l&#8217;obiettivo \u00e8 tornare a far parlare di s\u00e9, costruendo mattone dopo mattone una nuova pagina della propria storia.<\/p>\n\n\n\n<p><strong>Ufficio stampa Polisportiva Torretta<\/strong><\/p>\n","protected":false},"excerpt":{"rendered":"<p>Dalla delusione della retrocessione alla voglia di ripartire. La Polisportiva Torretta si prepara ad affrontare la nuova stagione di Serie D con un organico profondamente rinnovato, una nuova idea societaria e lo stesso entusiasmo che da sempre accompagna i colori rossobl\u00f9. Un&#8217;annata speciale, quella che sta per iniziare, perch\u00e9 coincider\u00e0 con il 50\u00b0 anniversario dalla [&hellip;]<\/p>\n","protected":false},"author":5,"featured_media":242926,"comment_status":"open","ping_status":"open","sticky":false,"template":"","format":"standard","meta":{"jnews-multi-image_gallery":[],"jnews_single_post":{"format":"standard"},"jnews_primary_category":[],"jnews_social_meta":[],"jnews_override_counter":[],"footnotes":""},"categories":[16],"tags":[1515],"class_list":["post-242925","post","type-post","status-publish","format-standard","has-post-thumbnail","hentry","category-serie-d","tag-prima"],"yoast_head":"<!-- This site is optimized with the Yoast SEO plugin v24.5 - https:\/\/yoast.com\/wordpress\/plugins\/seo\/ -->\n<title>La Polisportiva Torretta celebra i suoi 50 anni: si riparte dalla D con un nuovo progetto - Punto5.it<\/title>\n<meta name=\"robots\" content=\"index, follow, max-snippet:-1, max-image-preview:large, max-video-preview:-1\" \/>\n<link rel=\"canonical\" href=\"https:\/\/punto5.it\/news\/03-09-2026\/serie-d\/242925\/la-polisportiva-torretta-celebra-i-suoi-50-anni-si-riparte-dalla-d-con-un-nuovo-progetto\/\" \/>\n<meta property=\"og:locale\" content=\"it_IT\" \/>\n<meta property=\"og:type\" content=\"article\" \/>\n<meta property=\"og:title\" content=\"La Polisportiva Torretta celebra i suoi 50 anni: si riparte dalla D con un nuovo progetto - Punto5.it\" \/>\n<meta property=\"og:description\" content=\"Dalla delusione della retrocessione alla voglia di ripartire. La Polisportiva Torretta si prepara ad affrontare la nuova stagione di Serie D con un organico profondamente rinnovato, una nuova idea societaria e lo stesso entusiasmo che da sempre accompagna i colori rossobl\u00f9. Un&#8217;annata speciale, quella che sta per iniziare, perch\u00e9 coincider\u00e0 con il 50\u00b0 anniversario dalla [&hellip;]\" \/>\n<meta property=\"og:url\" content=\"https:\/\/punto5.it\/news\/03-09-2026\/serie-d\/242925\/la-polisportiva-torretta-celebra-i-suoi-50-anni-si-riparte-dalla-d-con-un-nuovo-progetto\/\" \/>\n<meta property=\"og:site_name\" content=\"Punto5.it\" \/>\n<meta property=\"article:publisher\" content=\"https:\/\/www.facebook.com\/punto5.it\/\" \/>\n<meta property=\"article:published_time\" content=\"2026-09-03T12:36:00+00:00\" \/>\n<meta property=\"article:modified_time\" content=\"2026-09-03T15:58:22+00:00\" \/>\n<meta property=\"og:image\" content=\"https:\/\/punto5.it\/news\/wp-content\/uploads\/2026\/09\/torretta.jpg\" \/>\n\t<meta property=\"og:image:width\" content=\"1672\" \/>\n\t<meta property=\"og:image:height\" content=\"941\" \/>\n\t<meta property=\"og:image:type\" content=\"image\/jpeg\" \/>\n<meta name=\"author\" content=\"comunicato stampa\" \/>\n<meta name=\"twitter:label1\" content=\"Scritto da\" \/>\n\t<meta name=\"twitter:data1\" content=\"comunicato stampa\" \/>\n\t<meta name=\"twitter:label2\" content=\"Tempo di lettura stimato\" \/>\n\t<meta name=\"twitter:data2\" content=\"4 minuti\" \/>\n<script type=\"application\/ld+json\" class=\"yoast-schema-graph\">{\"@context\":\"https:\/\/schema.org\",\"@graph\":[{\"@type\":\"Article\",\"@id\":\"https:\/\/punto5.it\/news\/03-09-2026\/serie-d\/242925\/la-polisportiva-torretta-celebra-i-suoi-50-anni-si-riparte-dalla-d-con-un-nuovo-progetto\/#article\",\"isPartOf\":{\"@id\":\"https:\/\/punto5.it\/news\/03-09-2026\/serie-d\/242925\/la-polisportiva-torretta-celebra-i-suoi-50-anni-si-riparte-dalla-d-con-un-nuovo-progetto\/\"},\"author\":{\"name\":\"comunicato stampa\",\"@id\":\"https:\/\/punto5.it\/news\/#\/schema\/person\/6b1092945321c99a2b936c656a25b924\"},\"headline\":\"La Polisportiva Torretta celebra i suoi 50 anni: si riparte dalla D con un nuovo progetto\",\"datePublished\":\"2026-09-03T12:36:00+00:00\",\"dateModified\":\"2026-09-03T15:58:22+00:00\",\"mainEntityOfPage\":{\"@id\":\"https:\/\/punto5.it\/news\/03-09-2026\/serie-d\/242925\/la-polisportiva-torretta-celebra-i-suoi-50-anni-si-riparte-dalla-d-con-un-nuovo-progetto\/\"},\"wordCount\":644,\"commentCount\":0,\"publisher\":{\"@id\":\"https:\/\/punto5.it\/news\/#organization\"},\"image\":{\"@id\":\"https:\/\/punto5.it\/news\/03-09-2026\/serie-d\/242925\/la-polisportiva-torretta-celebra-i-suoi-50-anni-si-riparte-dalla-d-con-un-nuovo-progetto\/#primaryimage\"},\"thumbnailUrl\":\"https:\/\/punto5.it\/news\/wp-content\/uploads\/2026\/09\/torretta.jpg\",\"keywords\":[\"prima\"],\"articleSection\":[\"Serie D\"],\"inLanguage\":\"it-IT\",\"potentialAction\":[{\"@type\":\"CommentAction\",\"name\":\"Comment\",\"target\":[\"https:\/\/punto5.it\/news\/03-09-2026\/serie-d\/242925\/la-polisportiva-torretta-celebra-i-suoi-50-anni-si-riparte-dalla-d-con-un-nuovo-progetto\/#respond\"]}]},{\"@type\":\"WebPage\",\"@id\":\"https:\/\/punto5.it\/news\/03-09-2026\/serie-d\/242925\/la-polisportiva-torretta-celebra-i-suoi-50-anni-si-riparte-dalla-d-con-un-nuovo-progetto\/\",\"url\":\"https:\/\/punto5.it\/news\/03-09-2026\/serie-d\/242925\/la-polisportiva-torretta-celebra-i-suoi-50-anni-si-riparte-dalla-d-con-un-nuovo-progetto\/\",\"name\":\"La Polisportiva Torretta celebra i suoi 50 anni: si riparte dalla D con un nuovo progetto - Punto5.it\",\"isPartOf\":{\"@id\":\"https:\/\/punto5.it\/news\/#website\"},\"primaryImageOfPage\":{\"@id\":\"https:\/\/punto5.it\/news\/03-09-2026\/serie-d\/242925\/la-polisportiva-torretta-celebra-i-suoi-50-anni-si-riparte-dalla-d-con-un-nuovo-progetto\/#primaryimage\"},\"image\":{\"@id\":\"https:\/\/punto5.it\/news\/03-09-2026\/serie-d\/242925\/la-polisportiva-torretta-celebra-i-suoi-50-anni-si-riparte-dalla-d-con-un-nuovo-progetto\/#primaryimage\"},\"thumbnailUrl\":\"https:\/\/punto5.it\/news\/wp-content\/uploads\/2026\/09\/torretta.jpg\",\"datePublished\":\"2026-09-03T12:36:00+00:00\",\"dateModified\":\"2026-09-03T15:58:22+00:00\",\"breadcrumb\":{\"@id\":\"https:\/\/punto5.it\/news\/03-09-2026\/serie-d\/242925\/la-polisportiva-torretta-celebra-i-suoi-50-anni-si-riparte-dalla-d-con-un-nuovo-progetto\/#breadcrumb\"},\"inLanguage\":\"it-IT\",\"potentialAction\":[{\"@type\":\"ReadAction\",\"target\":[\"https:\/\/punto5.it\/news\/03-09-2026\/serie-d\/242925\/la-polisportiva-torretta-celebra-i-suoi-50-anni-si-riparte-dalla-d-con-un-nuovo-progetto\/\"]}]},{\"@type\":\"ImageObject\",\"inLanguage\":\"it-IT\",\"@id\":\"https:\/\/punto5.it\/news\/03-09-2026\/serie-d\/242925\/la-polisportiva-torretta-celebra-i-suoi-50-anni-si-riparte-dalla-d-con-un-nuovo-progetto\/#primaryimage\",\"url\":\"https:\/\/punto5.it\/news\/wp-content\/uploads\/2026\/09\/torretta.jpg\",\"contentUrl\":\"https:\/\/punto5.it\/news\/wp-content\/uploads\/2026\/09\/torretta.jpg\",\"width\":1672,\"height\":941},{\"@type\":\"BreadcrumbList\",\"@id\":\"https:\/\/punto5.it\/news\/03-09-2026\/serie-d\/242925\/la-polisportiva-torretta-celebra-i-suoi-50-anni-si-riparte-dalla-d-con-un-nuovo-progetto\/#breadcrumb\",\"itemListElement\":[{\"@type\":\"ListItem\",\"position\":1,\"name\":\"Home\",\"item\":\"https:\/\/punto5.it\/news\/\"},{\"@type\":\"ListItem\",\"position\":2,\"name\":\"La Polisportiva Torretta celebra i suoi 50 anni: si riparte dalla D con un nuovo progetto\"}]},{\"@type\":\"WebSite\",\"@id\":\"https:\/\/punto5.it\/news\/#website\",\"url\":\"https:\/\/punto5.it\/news\/\",\"name\":\"Punto5.it\",\"description\":\"La tua risorsa gratuita sul calcio a 5 in Campania.\",\"publisher\":{\"@id\":\"https:\/\/punto5.it\/news\/#organization\"},\"potentialAction\":[{\"@type\":\"SearchAction\",\"target\":{\"@type\":\"EntryPoint\",\"urlTemplate\":\"https:\/\/punto5.it\/news\/?s={search_term_string}\"},\"query-input\":{\"@type\":\"PropertyValueSpecification\",\"valueRequired\":true,\"valueName\":\"search_term_string\"}}],\"inLanguage\":\"it-IT\"},{\"@type\":\"Organization\",\"@id\":\"https:\/\/punto5.it\/news\/#organization\",\"name\":\"Punto5\",\"url\":\"https:\/\/punto5.it\/news\/\",\"logo\":{\"@type\":\"ImageObject\",\"inLanguage\":\"it-IT\",\"@id\":\"https:\/\/punto5.it\/news\/#\/schema\/logo\/image\/\",\"url\":\"https:\/\/punto5.it\/news\/wp-content\/uploads\/2024\/12\/fbp5.png\",\"contentUrl\":\"https:\/\/punto5.it\/news\/wp-content\/uploads\/2024\/12\/fbp5.png\",\"width\":500,\"height\":500,\"caption\":\"Punto5\"},\"image\":{\"@id\":\"https:\/\/punto5.it\/news\/#\/schema\/logo\/image\/\"},\"sameAs\":[\"https:\/\/www.facebook.com\/punto5.it\/\"]},{\"@type\":\"Person\",\"@id\":\"https:\/\/punto5.it\/news\/#\/schema\/person\/6b1092945321c99a2b936c656a25b924\",\"name\":\"comunicato stampa\",\"image\":{\"@type\":\"ImageObject\",\"inLanguage\":\"it-IT\",\"@id\":\"https:\/\/punto5.it\/news\/#\/schema\/person\/image\/\",\"url\":\"https:\/\/secure.gravatar.com\/avatar\/ffa8e990fc05bef01150cb4b849246a414f038e016c198603051dee57bf3bf53?s=96&d=mm&r=g\",\"contentUrl\":\"https:\/\/secure.gravatar.com\/avatar\/ffa8e990fc05bef01150cb4b849246a414f038e016c198603051dee57bf3bf53?s=96&d=mm&r=g\",\"caption\":\"comunicato stampa\"},\"sameAs\":[\"http:\/\/www.punto5.it\"],\"url\":\"https:\/\/punto5.it\/news\/author\/comunicato-stampa\/\"}]}<\/script>\n<!-- \/ Yoast SEO plugin. -->","yoast_head_json":{"title":"La Polisportiva Torretta celebra i suoi 50 anni: si riparte dalla D con un nuovo progetto - Punto5.it","robots":{"index":"index","follow":"follow","max-snippet":"max-snippet:-1","max-image-preview":"max-image-preview:large","max-video-preview":"max-video-preview:-1"},"canonical":"https:\/\/punto5.it\/news\/03-09-2026\/serie-d\/242925\/la-polisportiva-torretta-celebra-i-suoi-50-anni-si-riparte-dalla-d-con-un-nuovo-progetto\/","og_locale":"it_IT","og_type":"article","og_title":"La Polisportiva Torretta celebra i suoi 50 anni: si riparte dalla D con un nuovo progetto - Punto5.it","og_description":"Dalla delusione della retrocessione alla voglia di ripartire. La Polisportiva Torretta si prepara ad affrontare la nuova stagione di Serie D con un organico profondamente rinnovato, una nuova idea societaria e lo stesso entusiasmo che da sempre accompagna i colori rossobl\u00f9. Un&#8217;annata speciale, quella che sta per iniziare, perch\u00e9 coincider\u00e0 con il 50\u00b0 anniversario dalla [&hellip;]","og_url":"https:\/\/punto5.it\/news\/03-09-2026\/serie-d\/242925\/la-polisportiva-torretta-celebra-i-suoi-50-anni-si-riparte-dalla-d-con-un-nuovo-progetto\/","og_site_name":"Punto5.it","article_publisher":"https:\/\/www.facebook.com\/punto5.it\/","article_published_time":"2026-09-03T12:36:00+00:00","article_modified_time":"2026-09-03T15:58:22+00:00","og_image":[{"width":1672,"height":941,"url":"https:\/\/punto5.it\/news\/wp-content\/uploads\/2026\/09\/torretta.jpg","type":"image\/jpeg"}],"author":"comunicato stampa","twitter_misc":{"Scritto da":"comunicato stampa","Tempo di lettura stimato":"4 minuti"},"schema":{"@context":"https:\/\/schema.org","@graph":[{"@type":"Article","@id":"https:\/\/punto5.it\/news\/03-09-2026\/serie-d\/242925\/la-polisportiva-torretta-celebra-i-suoi-50-anni-si-riparte-dalla-d-con-un-nuovo-progetto\/#article","isPartOf":{"@id":"https:\/\/punto5.it\/news\/03-09-2026\/serie-d\/242925\/la-polisportiva-torretta-celebra-i-suoi-50-anni-si-riparte-dalla-d-con-un-nuovo-progetto\/"},"author":{"name":"comunicato stampa","@id":"https:\/\/punto5.it\/news\/#\/schema\/person\/6b1092945321c99a2b936c656a25b924"},"headline":"La Polisportiva Torretta celebra i suoi 50 anni: si riparte dalla D con un nuovo progetto","datePublished":"2026-09-03T12:36:00+00:00","dateModified":"2026-09-03T15:58:22+00:00","mainEntityOfPage":{"@id":"https:\/\/punto5.it\/news\/03-09-2026\/serie-d\/242925\/la-polisportiva-torretta-celebra-i-suoi-50-anni-si-riparte-dalla-d-con-un-nuovo-progetto\/"},"wordCount":644,"commentCount":0,"publisher":{"@id":"https:\/\/punto5.it\/news\/#organization"},"image":{"@id":"https:\/\/punto5.it\/news\/03-09-2026\/serie-d\/242925\/la-polisportiva-torretta-celebra-i-suoi-50-anni-si-riparte-dalla-d-con-un-nuovo-progetto\/#primaryimage"},"thumbnailUrl":"https:\/\/punto5.it\/news\/wp-content\/uploads\/2026\/09\/torretta.jpg","keywords":["prima"],"articleSection":["Serie D"],"inLanguage":"it-IT","potentialAction":[{"@type":"CommentAction","name":"Comment","target":["https:\/\/punto5.it\/news\/03-09-2026\/serie-d\/242925\/la-polisportiva-torretta-celebra-i-suoi-50-anni-si-riparte-dalla-d-con-un-nuovo-progetto\/#respond"]}]},{"@type":"WebPage","@id":"https:\/\/punto5.it\/news\/03-09-2026\/serie-d\/242925\/la-polisportiva-torretta-celebra-i-suoi-50-anni-si-riparte-dalla-d-con-un-nuovo-progetto\/","url":"https:\/\/punto5.it\/news\/03-09-2026\/serie-d\/242925\/la-polisportiva-torretta-celebra-i-suoi-50-anni-si-riparte-dalla-d-con-un-nuovo-progetto\/","name":"La Polisportiva Torretta celebra i suoi 50 anni: si riparte dalla D con un nuovo progetto - Punto5.it","isPartOf":{"@id":"https:\/\/punto5.it\/news\/#website"},"primaryImageOfPage":{"@id":"https:\/\/punto5.it\/news\/03-09-2026\/serie-d\/242925\/la-polisportiva-torretta-celebra-i-suoi-50-anni-si-riparte-dalla-d-con-un-nuovo-progetto\/#primaryimage"},"image":{"@id":"https:\/\/punto5.it\/news\/03-09-2026\/serie-d\/242925\/la-polisportiva-torretta-celebra-i-suoi-50-anni-si-riparte-dalla-d-con-un-nuovo-progetto\/#primaryimage"},"thumbnailUrl":"https:\/\/punto5.it\/news\/wp-content\/uploads\/2026\/09\/torretta.jpg","datePublished":"2026-09-03T12:36:00+00:00","dateModified":"2026-09-03T15:58:22+00:00","breadcrumb":{"@id":"https:\/\/punto5.it\/news\/03-09-2026\/serie-d\/242925\/la-polisportiva-torretta-celebra-i-suoi-50-anni-si-riparte-dalla-d-con-un-nuovo-progetto\/#breadcrumb"},"inLanguage":"it-IT","potentialAction":[{"@type":"ReadAction","target":["https:\/\/punto5.it\/news\/03-09-2026\/serie-d\/242925\/la-polisportiva-torretta-celebra-i-suoi-50-anni-si-riparte-dalla-d-con-un-nuovo-progetto\/"]}]},{"@type":"ImageObject","inLanguage":"it-IT","@id":"https:\/\/punto5.it\/news\/03-09-2026\/serie-d\/242925\/la-polisportiva-torretta-celebra-i-suoi-50-anni-si-riparte-dalla-d-con-un-nuovo-progetto\/#primaryimage","url":"https:\/\/punto5.it\/news\/wp-content\/uploads\/2026\/09\/torretta.jpg","contentUrl":"https:\/\/punto5.it\/news\/wp-content\/uploads\/2026\/09\/torretta.jpg","width":1672,"height":941},{"@type":"BreadcrumbList","@id":"https:\/\/punto5.it\/news\/03-09-2026\/serie-d\/242925\/la-polisportiva-torretta-celebra-i-suoi-50-anni-si-riparte-dalla-d-con-un-nuovo-progetto\/#breadcrumb","itemListElement":[{"@type":"ListItem","position":1,"name":"Home","item":"https:\/\/punto5.it\/news\/"},{"@type":"ListItem","position":2,"name":"La Polisportiva Torretta celebra i suoi 50 anni: si riparte dalla D con un nuovo progetto"}]},{"@type":"WebSite","@id":"https:\/\/punto5.it\/news\/#website","url":"https:\/\/punto5.it\/news\/","name":"Punto5.it","description":"La tua risorsa gratuita sul calcio a 5 in Campania.","publisher":{"@id":"https:\/\/punto5.it\/news\/#organization"},"potentialAction":[{"@type":"SearchAction","target":{"@type":"EntryPoint","urlTemplate":"https:\/\/punto5.it\/news\/?s={search_term_string}"},"query-input":{"@type":"PropertyValueSpecification","valueRequired":true,"valueName":"search_term_string"}}],"inLanguage":"it-IT"},{"@type":"Organization","@id":"https:\/\/punto5.it\/news\/#organization","name":"Punto5","url":"https:\/\/punto5.it\/news\/","logo":{"@type":"ImageObject","inLanguage":"it-IT","@id":"https:\/\/punto5.it\/news\/#\/schema\/logo\/image\/","url":"https:\/\/punto5.it\/news\/wp-content\/uploads\/2024\/12\/fbp5.png","contentUrl":"https:\/\/punto5.it\/news\/wp-content\/uploads\/2024\/12\/fbp5.png","width":500,"height":500,"caption":"Punto5"},"image":{"@id":"https:\/\/punto5.it\/news\/#\/schema\/logo\/image\/"},"sameAs":["https:\/\/www.facebook.com\/punto5.it\/"]},{"@type":"Person","@id":"https:\/\/punto5.it\/news\/#\/schema\/person\/6b1092945321c99a2b936c656a25b924","name":"comunicato stampa","image":{"@type":"ImageObject","inLanguage":"it-IT","@id":"https:\/\/punto5.it\/news\/#\/schema\/person\/image\/","url":"https:\/\/secure.gravatar.com\/avatar\/ffa8e990fc05bef01150cb4b849246a414f038e016c198603051dee57bf3bf53?s=96&d=mm&r=g","contentUrl":"https:\/\/secure.gravatar.com\/avatar\/ffa8e990fc05bef01150cb4b849246a414f038e016c198603051dee57bf3bf53?s=96&d=mm&r=g","caption":"comunicato stampa"},"sameAs":["http:\/\/www.punto5.it"],"url":"https:\/\/punto5.it\/news\/author\/comunicato-stampa\/"}]}},"_links":{"self":[{"href":"https:\/\/punto5.it\/news\/wp-json\/wp\/v2\/posts\/242925","targetHints":{"allow":["GET"]}}],"collection":[{"href":"https:\/\/punto5.it\/news\/wp-json\/wp\/v2\/posts"}],"about":[{"href":"https:\/\/punto5.it\/news\/wp-json\/wp\/v2\/types\/post"}],"author":[{"embeddable":true,"href":"https:\/\/punto5.it\/news\/wp-json\/wp\/v2\/users\/5"}],"replies":[{"embeddable":true,"href":"https:\/\/punto5.it\/news\/wp-json\/wp\/v2\/comments?post=242925"}],"version-history":[{"count":2,"href":"https:\/\/punto5.it\/news\/wp-json\/wp\/v2\/posts\/242925\/revisions"}],"predecessor-version":[{"id":242928,"href":"https:\/\/punto5.it\/news\/wp-json\/wp\/v2\/posts\/242925\/revisions\/242928"}],"wp:featuredmedia":[{"embeddable":true,"href":"https:\/\/punto5.it\/news\/wp-json\/wp\/v2\/media\/242926"}],"wp:attachment":[{"href":"https:\/\/punto5.it\/news\/wp-json\/wp\/v2\/media?parent=242925"}],"wp:term":[{"taxonomy":"category","embeddable":true,"href":"https:\/\/punto5.it\/news\/wp-json\/wp\/v2\/categories?post=242925"},{"taxonomy":"post_tag","embeddable":true,"href":"https:\/\/punto5.it\/news\/wp-json\/wp\/v2\/tags?post=242925"}],"curies":[{"name":"wp","href":"https:\/\/api.w.org\/{rel}","templated":true}]}}