{"id":242932,"date":"2026-09-01T23:32:00","date_gmt":"2026-09-01T21:32:00","guid":{"rendered":"https:\/\/punto5.it\/news\/?p=242932"},"modified":"2026-09-03T23:34:56","modified_gmt":"2026-09-03T21:34:56","slug":"road-to-giochi-olimpici-giovanili-giuffrida-ne-convoca-24-per-il-primo-raduno","status":"publish","type":"post","link":"https:\/\/punto5.it\/news\/01-09-2026\/nazionali\/242932\/road-to-giochi-olimpici-giovanili-giuffrida-ne-convoca-24-per-il-primo-raduno\/","title":{"rendered":"Road to Giochi Olimpici Giovanili: Giuffrida ne convoca 24 per il primo raduno"},"content":{"rendered":"\n<p>Il cammino di avvicinamento ai Giochi Olimpici Giovanili di Dakar, dove l\u2019Italfutsal femminile \u2013 con una squadra in quota Under 18 \u2013 esordir\u00e0, comincia da Roma. Dal 4 al 7 settembre, infatti, le azzurrine saranno in raduno al Centro di Preparazione Olimpica \u2018Giulio Onesti\u2019 di Roma, per poi spostarsi marted\u00ec 8 ad Aosta dove affronteranno una serie di allenamenti congiunti con le formazioni Under 19 della societ\u00e0 di casa (Aosta 511) e con la formazione francese del Futsal Marseille. Sar\u00e0 la prima uscita per le ragazze che saranno guidate da Sebastiano Giuffrida, gi\u00e0 collaboratore tecnico della Nazionale femminile nelle ultime stagioni. Dopodich\u00e9, l\u2019Italia si ritrover\u00e0 poi a ottobre sempre al CPO di Roma, prima di partire per Dakar e affrontare la spedizione che le porter\u00e0 a concorrere per la medaglia d\u2019oro partendo dal girone con Costa Rica, Camerun e Iran.<\/p>\n\n\n\n<p><strong>L\u2019ELENCO DELLE CONVOCATE<\/strong><\/p>\n\n\n\n<p><strong>Portieri<\/strong>: Nicole Ginocchio (Citt\u00e0 di Thiene), Claudia Casiero (CMB Futsal Team), Vittoria Pratesi Turco (Affrico), Sofia Cecilia Negri (Adriatica Futsal);<br><strong>Giocatrici di movimento<\/strong>: Carlotta Saverino (Lamezia), Martina Principi (Mondolfo), Maria Giulia Do Amaral (CMB Futsal Team), Giorgia Anna Manolio (CMB Futsal Team), Delia Gonnelli (Affrico), Sara Meniconi (Affrico), Antonella Buonaiuto (Cornedo), Sara Masiero (Cornedo), Michela Cambarau (CUS Cagliari), Giorgia Lo Stocco (Futsal Basic Academy), Federica Tronci (Cagliari), Sharon Gallus (Adriatica Futsal), Mia Pedretti (Adriatica Futsal), Lucia Gregori (Citt\u00e0 di Falconara), Margherita Meschini (Citt\u00e0 di Falconara), Mia Taccetti (Scandicci), Flavia Caiello (Lazio C5), Ilenia Moro (Lazio C5), Miriam Melfi (Campobasso), Rita Zappia (Aosta 511).<br><strong>Staff<\/strong>&nbsp;\u2013 Allenatore: Sebastiano Giuffrida; Capodelegazione: Stefano Castiglia; Coordinatore area tecnica: Antonio Scocca; Segretario: Fabrizio Di Felice.<\/p>\n\n\n\n<p><strong>Fonte: divisionecalcioa5.it<\/strong><\/p>\n","protected":false},"excerpt":{"rendered":"<p>Il cammino di avvicinamento ai Giochi Olimpici Giovanili di Dakar, dove l\u2019Italfutsal femminile \u2013 con una squadra in quota Under 18 \u2013 esordir\u00e0, comincia da Roma. Dal 4 al 7 settembre, infatti, le azzurrine saranno in raduno al Centro di Preparazione Olimpica \u2018Giulio Onesti\u2019 di Roma, per poi spostarsi marted\u00ec 8 ad Aosta dove affronteranno [&hellip;]<\/p>\n","protected":false},"author":9,"featured_media":242933,"comment_status":"open","ping_status":"open","sticky":false,"template":"","format":"standard","meta":{"jnews-multi-image_gallery":[],"jnews_single_post":{"format":"standard"},"jnews_primary_category":[],"jnews_social_meta":[],"jnews_override_counter":[],"footnotes":""},"categories":[115],"tags":[],"class_list":["post-242932","post","type-post","status-publish","format-standard","has-post-thumbnail","hentry","category-nazionali"],"yoast_head":"<!-- This site is optimized with the Yoast SEO plugin v24.5 - https:\/\/yoast.com\/wordpress\/plugins\/seo\/ -->\n<title>Road to Giochi Olimpici Giovanili: Giuffrida ne convoca 24 per il primo raduno - Punto5.it<\/title>\n<meta name=\"robots\" content=\"index, follow, max-snippet:-1, max-image-preview:large, max-video-preview:-1\" \/>\n<link rel=\"canonical\" href=\"https:\/\/punto5.it\/news\/01-09-2026\/nazionali\/242932\/road-to-giochi-olimpici-giovanili-giuffrida-ne-convoca-24-per-il-primo-raduno\/\" \/>\n<meta property=\"og:locale\" content=\"it_IT\" \/>\n<meta property=\"og:type\" content=\"article\" \/>\n<meta property=\"og:title\" content=\"Road to Giochi Olimpici Giovanili: Giuffrida ne convoca 24 per il primo raduno - Punto5.it\" \/>\n<meta property=\"og:description\" content=\"Il cammino di avvicinamento ai Giochi Olimpici Giovanili di Dakar, dove l\u2019Italfutsal femminile \u2013 con una squadra in quota Under 18 \u2013 esordir\u00e0, comincia da Roma. Dal 4 al 7 settembre, infatti, le azzurrine saranno in raduno al Centro di Preparazione Olimpica \u2018Giulio Onesti\u2019 di Roma, per poi spostarsi marted\u00ec 8 ad Aosta dove affronteranno [&hellip;]\" \/>\n<meta property=\"og:url\" content=\"https:\/\/punto5.it\/news\/01-09-2026\/nazionali\/242932\/road-to-giochi-olimpici-giovanili-giuffrida-ne-convoca-24-per-il-primo-raduno\/\" \/>\n<meta property=\"og:site_name\" content=\"Punto5.it\" \/>\n<meta property=\"article:publisher\" content=\"https:\/\/www.facebook.com\/punto5.it\/\" \/>\n<meta property=\"article:published_time\" content=\"2026-09-01T21:32:00+00:00\" \/>\n<meta property=\"article:modified_time\" content=\"2026-09-03T21:34:56+00:00\" \/>\n<meta property=\"og:image\" content=\"https:\/\/punto5.it\/news\/wp-content\/uploads\/2026\/09\/Sebastiano-Giuffrida.jpg\" \/>\n\t<meta property=\"og:image:width\" content=\"1920\" \/>\n\t<meta property=\"og:image:height\" content=\"1080\" \/>\n\t<meta property=\"og:image:type\" content=\"image\/jpeg\" \/>\n<meta name=\"author\" content=\"Redazione Punto 5\" \/>\n<meta name=\"twitter:label1\" content=\"Scritto da\" \/>\n\t<meta name=\"twitter:data1\" content=\"Redazione Punto 5\" \/>\n\t<meta name=\"twitter:label2\" content=\"Tempo di lettura stimato\" \/>\n\t<meta name=\"twitter:data2\" content=\"2 minuti\" \/>\n<script type=\"application\/ld+json\" class=\"yoast-schema-graph\">{\"@context\":\"https:\/\/schema.org\",\"@graph\":[{\"@type\":\"Article\",\"@id\":\"https:\/\/punto5.it\/news\/01-09-2026\/nazionali\/242932\/road-to-giochi-olimpici-giovanili-giuffrida-ne-convoca-24-per-il-primo-raduno\/#article\",\"isPartOf\":{\"@id\":\"https:\/\/punto5.it\/news\/01-09-2026\/nazionali\/242932\/road-to-giochi-olimpici-giovanili-giuffrida-ne-convoca-24-per-il-primo-raduno\/\"},\"author\":{\"name\":\"Redazione Punto 5\",\"@id\":\"https:\/\/punto5.it\/news\/#\/schema\/person\/f43571c649bda323e609b937e7220560\"},\"headline\":\"Road to Giochi Olimpici Giovanili: Giuffrida ne convoca 24 per il primo raduno\",\"datePublished\":\"2026-09-01T21:32:00+00:00\",\"dateModified\":\"2026-09-03T21:34:56+00:00\",\"mainEntityOfPage\":{\"@id\":\"https:\/\/punto5.it\/news\/01-09-2026\/nazionali\/242932\/road-to-giochi-olimpici-giovanili-giuffrida-ne-convoca-24-per-il-primo-raduno\/\"},\"wordCount\":273,\"commentCount\":0,\"publisher\":{\"@id\":\"https:\/\/punto5.it\/news\/#organization\"},\"image\":{\"@id\":\"https:\/\/punto5.it\/news\/01-09-2026\/nazionali\/242932\/road-to-giochi-olimpici-giovanili-giuffrida-ne-convoca-24-per-il-primo-raduno\/#primaryimage\"},\"thumbnailUrl\":\"https:\/\/punto5.it\/news\/wp-content\/uploads\/2026\/09\/Sebastiano-Giuffrida.jpg\",\"articleSection\":[\"Nazionali\"],\"inLanguage\":\"it-IT\",\"potentialAction\":[{\"@type\":\"CommentAction\",\"name\":\"Comment\",\"target\":[\"https:\/\/punto5.it\/news\/01-09-2026\/nazionali\/242932\/road-to-giochi-olimpici-giovanili-giuffrida-ne-convoca-24-per-il-primo-raduno\/#respond\"]}]},{\"@type\":\"WebPage\",\"@id\":\"https:\/\/punto5.it\/news\/01-09-2026\/nazionali\/242932\/road-to-giochi-olimpici-giovanili-giuffrida-ne-convoca-24-per-il-primo-raduno\/\",\"url\":\"https:\/\/punto5.it\/news\/01-09-2026\/nazionali\/242932\/road-to-giochi-olimpici-giovanili-giuffrida-ne-convoca-24-per-il-primo-raduno\/\",\"name\":\"Road to Giochi Olimpici Giovanili: Giuffrida ne convoca 24 per il primo raduno - Punto5.it\",\"isPartOf\":{\"@id\":\"https:\/\/punto5.it\/news\/#website\"},\"primaryImageOfPage\":{\"@id\":\"https:\/\/punto5.it\/news\/01-09-2026\/nazionali\/242932\/road-to-giochi-olimpici-giovanili-giuffrida-ne-convoca-24-per-il-primo-raduno\/#primaryimage\"},\"image\":{\"@id\":\"https:\/\/punto5.it\/news\/01-09-2026\/nazionali\/242932\/road-to-giochi-olimpici-giovanili-giuffrida-ne-convoca-24-per-il-primo-raduno\/#primaryimage\"},\"thumbnailUrl\":\"https:\/\/punto5.it\/news\/wp-content\/uploads\/2026\/09\/Sebastiano-Giuffrida.jpg\",\"datePublished\":\"2026-09-01T21:32:00+00:00\",\"dateModified\":\"2026-09-03T21:34:56+00:00\",\"breadcrumb\":{\"@id\":\"https:\/\/punto5.it\/news\/01-09-2026\/nazionali\/242932\/road-to-giochi-olimpici-giovanili-giuffrida-ne-convoca-24-per-il-primo-raduno\/#breadcrumb\"},\"inLanguage\":\"it-IT\",\"potentialAction\":[{\"@type\":\"ReadAction\",\"target\":[\"https:\/\/punto5.it\/news\/01-09-2026\/nazionali\/242932\/road-to-giochi-olimpici-giovanili-giuffrida-ne-convoca-24-per-il-primo-raduno\/\"]}]},{\"@type\":\"ImageObject\",\"inLanguage\":\"it-IT\",\"@id\":\"https:\/\/punto5.it\/news\/01-09-2026\/nazionali\/242932\/road-to-giochi-olimpici-giovanili-giuffrida-ne-convoca-24-per-il-primo-raduno\/#primaryimage\",\"url\":\"https:\/\/punto5.it\/news\/wp-content\/uploads\/2026\/09\/Sebastiano-Giuffrida.jpg\",\"contentUrl\":\"https:\/\/punto5.it\/news\/wp-content\/uploads\/2026\/09\/Sebastiano-Giuffrida.jpg\",\"width\":1920,\"height\":1080,\"caption\":\"Sebastiano Giuffrida, selezionatore Italia U18 femminile ai Giochi Olimpici giovanili di Dakar\"},{\"@type\":\"BreadcrumbList\",\"@id\":\"https:\/\/punto5.it\/news\/01-09-2026\/nazionali\/242932\/road-to-giochi-olimpici-giovanili-giuffrida-ne-convoca-24-per-il-primo-raduno\/#breadcrumb\",\"itemListElement\":[{\"@type\":\"ListItem\",\"position\":1,\"name\":\"Home\",\"item\":\"https:\/\/punto5.it\/news\/\"},{\"@type\":\"ListItem\",\"position\":2,\"name\":\"Road to Giochi Olimpici Giovanili: Giuffrida ne convoca 24 per il primo raduno\"}]},{\"@type\":\"WebSite\",\"@id\":\"https:\/\/punto5.it\/news\/#website\",\"url\":\"https:\/\/punto5.it\/news\/\",\"name\":\"Punto5.it\",\"description\":\"La tua risorsa gratuita sul calcio a 5 in Campania.\",\"publisher\":{\"@id\":\"https:\/\/punto5.it\/news\/#organization\"},\"potentialAction\":[{\"@type\":\"SearchAction\",\"target\":{\"@type\":\"EntryPoint\",\"urlTemplate\":\"https:\/\/punto5.it\/news\/?s={search_term_string}\"},\"query-input\":{\"@type\":\"PropertyValueSpecification\",\"valueRequired\":true,\"valueName\":\"search_term_string\"}}],\"inLanguage\":\"it-IT\"},{\"@type\":\"Organization\",\"@id\":\"https:\/\/punto5.it\/news\/#organization\",\"name\":\"Punto5\",\"url\":\"https:\/\/punto5.it\/news\/\",\"logo\":{\"@type\":\"ImageObject\",\"inLanguage\":\"it-IT\",\"@id\":\"https:\/\/punto5.it\/news\/#\/schema\/logo\/image\/\",\"url\":\"https:\/\/punto5.it\/news\/wp-content\/uploads\/2024\/12\/fbp5.png\",\"contentUrl\":\"https:\/\/punto5.it\/news\/wp-content\/uploads\/2024\/12\/fbp5.png\",\"width\":500,\"height\":500,\"caption\":\"Punto5\"},\"image\":{\"@id\":\"https:\/\/punto5.it\/news\/#\/schema\/logo\/image\/\"},\"sameAs\":[\"https:\/\/www.facebook.com\/punto5.it\/\"]},{\"@type\":\"Person\",\"@id\":\"https:\/\/punto5.it\/news\/#\/schema\/person\/f43571c649bda323e609b937e7220560\",\"name\":\"Redazione Punto 5\",\"image\":{\"@type\":\"ImageObject\",\"inLanguage\":\"it-IT\",\"@id\":\"https:\/\/punto5.it\/news\/#\/schema\/person\/image\/\",\"url\":\"https:\/\/secure.gravatar.com\/avatar\/423ce27dd258b3600399bf17a7454eeea31cf273646f568d4382fd2c4db91e5e?s=96&d=mm&r=g\",\"contentUrl\":\"https:\/\/secure.gravatar.com\/avatar\/423ce27dd258b3600399bf17a7454eeea31cf273646f568d4382fd2c4db91e5e?s=96&d=mm&r=g\",\"caption\":\"Redazione Punto 5\"},\"sameAs\":[\"http:\/\/www.punto5.it\"],\"url\":\"https:\/\/punto5.it\/news\/author\/redazione-punto-5\/\"}]}<\/script>\n<!-- \/ Yoast SEO plugin. -->","yoast_head_json":{"title":"Road to Giochi Olimpici Giovanili: Giuffrida ne convoca 24 per il primo raduno - Punto5.it","robots":{"index":"index","follow":"follow","max-snippet":"max-snippet:-1","max-image-preview":"max-image-preview:large","max-video-preview":"max-video-preview:-1"},"canonical":"https:\/\/punto5.it\/news\/01-09-2026\/nazionali\/242932\/road-to-giochi-olimpici-giovanili-giuffrida-ne-convoca-24-per-il-primo-raduno\/","og_locale":"it_IT","og_type":"article","og_title":"Road to Giochi Olimpici Giovanili: Giuffrida ne convoca 24 per il primo raduno - Punto5.it","og_description":"Il cammino di avvicinamento ai Giochi Olimpici Giovanili di Dakar, dove l\u2019Italfutsal femminile \u2013 con una squadra in quota Under 18 \u2013 esordir\u00e0, comincia da Roma. Dal 4 al 7 settembre, infatti, le azzurrine saranno in raduno al Centro di Preparazione Olimpica \u2018Giulio Onesti\u2019 di Roma, per poi spostarsi marted\u00ec 8 ad Aosta dove affronteranno [&hellip;]","og_url":"https:\/\/punto5.it\/news\/01-09-2026\/nazionali\/242932\/road-to-giochi-olimpici-giovanili-giuffrida-ne-convoca-24-per-il-primo-raduno\/","og_site_name":"Punto5.it","article_publisher":"https:\/\/www.facebook.com\/punto5.it\/","article_published_time":"2026-09-01T21:32:00+00:00","article_modified_time":"2026-09-03T21:34:56+00:00","og_image":[{"width":1920,"height":1080,"url":"https:\/\/punto5.it\/news\/wp-content\/uploads\/2026\/09\/Sebastiano-Giuffrida.jpg","type":"image\/jpeg"}],"author":"Redazione Punto 5","twitter_misc":{"Scritto da":"Redazione Punto 5","Tempo di lettura stimato":"2 minuti"},"schema":{"@context":"https:\/\/schema.org","@graph":[{"@type":"Article","@id":"https:\/\/punto5.it\/news\/01-09-2026\/nazionali\/242932\/road-to-giochi-olimpici-giovanili-giuffrida-ne-convoca-24-per-il-primo-raduno\/#article","isPartOf":{"@id":"https:\/\/punto5.it\/news\/01-09-2026\/nazionali\/242932\/road-to-giochi-olimpici-giovanili-giuffrida-ne-convoca-24-per-il-primo-raduno\/"},"author":{"name":"Redazione Punto 5","@id":"https:\/\/punto5.it\/news\/#\/schema\/person\/f43571c649bda323e609b937e7220560"},"headline":"Road to Giochi Olimpici Giovanili: Giuffrida ne convoca 24 per il primo raduno","datePublished":"2026-09-01T21:32:00+00:00","dateModified":"2026-09-03T21:34:56+00:00","mainEntityOfPage":{"@id":"https:\/\/punto5.it\/news\/01-09-2026\/nazionali\/242932\/road-to-giochi-olimpici-giovanili-giuffrida-ne-convoca-24-per-il-primo-raduno\/"},"wordCount":273,"commentCount":0,"publisher":{"@id":"https:\/\/punto5.it\/news\/#organization"},"image":{"@id":"https:\/\/punto5.it\/news\/01-09-2026\/nazionali\/242932\/road-to-giochi-olimpici-giovanili-giuffrida-ne-convoca-24-per-il-primo-raduno\/#primaryimage"},"thumbnailUrl":"https:\/\/punto5.it\/news\/wp-content\/uploads\/2026\/09\/Sebastiano-Giuffrida.jpg","articleSection":["Nazionali"],"inLanguage":"it-IT","potentialAction":[{"@type":"CommentAction","name":"Comment","target":["https:\/\/punto5.it\/news\/01-09-2026\/nazionali\/242932\/road-to-giochi-olimpici-giovanili-giuffrida-ne-convoca-24-per-il-primo-raduno\/#respond"]}]},{"@type":"WebPage","@id":"https:\/\/punto5.it\/news\/01-09-2026\/nazionali\/242932\/road-to-giochi-olimpici-giovanili-giuffrida-ne-convoca-24-per-il-primo-raduno\/","url":"https:\/\/punto5.it\/news\/01-09-2026\/nazionali\/242932\/road-to-giochi-olimpici-giovanili-giuffrida-ne-convoca-24-per-il-primo-raduno\/","name":"Road to Giochi Olimpici Giovanili: Giuffrida ne convoca 24 per il primo raduno - Punto5.it","isPartOf":{"@id":"https:\/\/punto5.it\/news\/#website"},"primaryImageOfPage":{"@id":"https:\/\/punto5.it\/news\/01-09-2026\/nazionali\/242932\/road-to-giochi-olimpici-giovanili-giuffrida-ne-convoca-24-per-il-primo-raduno\/#primaryimage"},"image":{"@id":"https:\/\/punto5.it\/news\/01-09-2026\/nazionali\/242932\/road-to-giochi-olimpici-giovanili-giuffrida-ne-convoca-24-per-il-primo-raduno\/#primaryimage"},"thumbnailUrl":"https:\/\/punto5.it\/news\/wp-content\/uploads\/2026\/09\/Sebastiano-Giuffrida.jpg","datePublished":"2026-09-01T21:32:00+00:00","dateModified":"2026-09-03T21:34:56+00:00","breadcrumb":{"@id":"https:\/\/punto5.it\/news\/01-09-2026\/nazionali\/242932\/road-to-giochi-olimpici-giovanili-giuffrida-ne-convoca-24-per-il-primo-raduno\/#breadcrumb"},"inLanguage":"it-IT","potentialAction":[{"@type":"ReadAction","target":["https:\/\/punto5.it\/news\/01-09-2026\/nazionali\/242932\/road-to-giochi-olimpici-giovanili-giuffrida-ne-convoca-24-per-il-primo-raduno\/"]}]},{"@type":"ImageObject","inLanguage":"it-IT","@id":"https:\/\/punto5.it\/news\/01-09-2026\/nazionali\/242932\/road-to-giochi-olimpici-giovanili-giuffrida-ne-convoca-24-per-il-primo-raduno\/#primaryimage","url":"https:\/\/punto5.it\/news\/wp-content\/uploads\/2026\/09\/Sebastiano-Giuffrida.jpg","contentUrl":"https:\/\/punto5.it\/news\/wp-content\/uploads\/2026\/09\/Sebastiano-Giuffrida.jpg","width":1920,"height":1080,"caption":"Sebastiano Giuffrida, selezionatore Italia U18 femminile ai Giochi Olimpici giovanili di Dakar"},{"@type":"BreadcrumbList","@id":"https:\/\/punto5.it\/news\/01-09-2026\/nazionali\/242932\/road-to-giochi-olimpici-giovanili-giuffrida-ne-convoca-24-per-il-primo-raduno\/#breadcrumb","itemListElement":[{"@type":"ListItem","position":1,"name":"Home","item":"https:\/\/punto5.it\/news\/"},{"@type":"ListItem","position":2,"name":"Road to Giochi Olimpici Giovanili: Giuffrida ne convoca 24 per il primo raduno"}]},{"@type":"WebSite","@id":"https:\/\/punto5.it\/news\/#website","url":"https:\/\/punto5.it\/news\/","name":"Punto5.it","description":"La tua risorsa gratuita sul calcio a 5 in Campania.","publisher":{"@id":"https:\/\/punto5.it\/news\/#organization"},"potentialAction":[{"@type":"SearchAction","target":{"@type":"EntryPoint","urlTemplate":"https:\/\/punto5.it\/news\/?s={search_term_string}"},"query-input":{"@type":"PropertyValueSpecification","valueRequired":true,"valueName":"search_term_string"}}],"inLanguage":"it-IT"},{"@type":"Organization","@id":"https:\/\/punto5.it\/news\/#organization","name":"Punto5","url":"https:\/\/punto5.it\/news\/","logo":{"@type":"ImageObject","inLanguage":"it-IT","@id":"https:\/\/punto5.it\/news\/#\/schema\/logo\/image\/","url":"https:\/\/punto5.it\/news\/wp-content\/uploads\/2024\/12\/fbp5.png","contentUrl":"https:\/\/punto5.it\/news\/wp-content\/uploads\/2024\/12\/fbp5.png","width":500,"height":500,"caption":"Punto5"},"image":{"@id":"https:\/\/punto5.it\/news\/#\/schema\/logo\/image\/"},"sameAs":["https:\/\/www.facebook.com\/punto5.it\/"]},{"@type":"Person","@id":"https:\/\/punto5.it\/news\/#\/schema\/person\/f43571c649bda323e609b937e7220560","name":"Redazione Punto 5","image":{"@type":"ImageObject","inLanguage":"it-IT","@id":"https:\/\/punto5.it\/news\/#\/schema\/person\/image\/","url":"https:\/\/secure.gravatar.com\/avatar\/423ce27dd258b3600399bf17a7454eeea31cf273646f568d4382fd2c4db91e5e?s=96&d=mm&r=g","contentUrl":"https:\/\/secure.gravatar.com\/avatar\/423ce27dd258b3600399bf17a7454eeea31cf273646f568d4382fd2c4db91e5e?s=96&d=mm&r=g","caption":"Redazione Punto 5"},"sameAs":["http:\/\/www.punto5.it"],"url":"https:\/\/punto5.it\/news\/author\/redazione-punto-5\/"}]}},"_links":{"self":[{"href":"https:\/\/punto5.it\/news\/wp-json\/wp\/v2\/posts\/242932","targetHints":{"allow":["GET"]}}],"collection":[{"href":"https:\/\/punto5.it\/news\/wp-json\/wp\/v2\/posts"}],"about":[{"href":"https:\/\/punto5.it\/news\/wp-json\/wp\/v2\/types\/post"}],"author":[{"embeddable":true,"href":"https:\/\/punto5.it\/news\/wp-json\/wp\/v2\/users\/9"}],"replies":[{"embeddable":true,"href":"https:\/\/punto5.it\/news\/wp-json\/wp\/v2\/comments?post=242932"}],"version-history":[{"count":1,"href":"https:\/\/punto5.it\/news\/wp-json\/wp\/v2\/posts\/242932\/revisions"}],"predecessor-version":[{"id":242934,"href":"https:\/\/punto5.it\/news\/wp-json\/wp\/v2\/posts\/242932\/revisions\/242934"}],"wp:featuredmedia":[{"embeddable":true,"href":"https:\/\/punto5.it\/news\/wp-json\/wp\/v2\/media\/242933"}],"wp:attachment":[{"href":"https:\/\/punto5.it\/news\/wp-json\/wp\/v2\/media?parent=242932"}],"wp:term":[{"taxonomy":"category","embeddable":true,"href":"https:\/\/punto5.it\/news\/wp-json\/wp\/v2\/categories?post=242932"},{"taxonomy":"post_tag","embeddable":true,"href":"https:\/\/punto5.it\/news\/wp-json\/wp\/v2\/tags?post=242932"}],"curies":[{"name":"wp","href":"https:\/\/api.w.org\/{rel}","templated":true}]}}