{"id":242936,"date":"2026-09-03T23:37:12","date_gmt":"2026-09-03T21:37:12","guid":{"rendered":"https:\/\/punto5.it\/news\/?p=242936"},"modified":"2026-09-05T00:36:19","modified_gmt":"2026-09-04T22:36:19","slug":"il-nuovo-corso-paniccia-comincia-da-novarello-sono-venti-le-azzurre-convocate","status":"publish","type":"post","link":"https:\/\/punto5.it\/news\/03-09-2026\/nazionali\/242936\/il-nuovo-corso-paniccia-comincia-da-novarello-sono-venti-le-azzurre-convocate\/","title":{"rendered":"Il nuovo corso Paniccia comincia da Novarello: sono venti le azzurre convocate"},"content":{"rendered":"\n<p>La prima uscita in azzurro di<strong>\u00a0Alfredo Paniccia<\/strong>, in qualit\u00e0 di nuovo\u00a0<strong>ct della Nazionale femminile di futsal<\/strong>, \u00e8 dietro l\u2019angolo. Dopo l\u2019annuncio dell\u2019incarico \u00e8 infatti gi\u00e0 tempo di convocazioni: dal 7 al 10 settembre a Novarello\u00a0le azzurre si ritroveranno per quattro giorni di raduno. Per il commissario tecnico sar\u00e0 l\u2019occasione per osservare da vicino per la prima volta una squadra che parte per questo nuovo corso con un obiettivo gi\u00e0 chiaro: qualificarsi l\u2019Europeo in programma in Croazia nel 2027.<\/p>\n\n\n\n<p>A ottobre&nbsp;sar\u00e0 gi\u00e0 tempo di Elite Round: i quattro gironi qualificano direttamente le prime classificate e le due migliori seconde. Le due peggiori seconde del turno Elite, invece, affronteranno uno spareggio per decretare la settima e ultima squadra qualificata alla fase finale di un Europeo \u2018allargato\u2019 per la prima volta a 8 squadre. L\u2019Italia \u00e8 inserita nel gruppo con la Slovenia, la Spagna (tri)campione d\u2019Europa in carica e la Francia. Il tempo stringe e&nbsp;dal raduno di Novarello Paniccia cercher\u00e0 di uscire con le prime risposte al suo lavoro.<\/p>\n\n\n\n<p><strong>LE CONVOCATE<\/strong>. Nessuna novit\u00e0 assoluta fra le 20 convocate, con il ritorno di Federica Belli, 31 presenze, 17 gol in azzurro e assente dal dicembre 2024, Cecilia Barca, Silvia Pratic\u00f2, Elisa Narcisi e Rafaela Dal\u2019Maz la cui ultima presenza risale al quarto di finale del Mondiale nelle Filippine a dicembre scorso.<\/p>\n\n\n\n<p><strong>L\u2019ELENCO DELLE CONVOCATE<\/strong><\/p>\n\n\n\n<p><strong>Portieri<\/strong>: Denise Carturan (Bitonto), Anthea Polloni (Women Roma), Ana Carolina Sestari (Citt\u00e0 di Falconara);<br><strong>Giocatrici di movimento<\/strong>: Renata Adamatti (CMB Futsal Team), Cecilia Barca (Lazio C5), Federica Belli (CMB Futsal Team), Sara Boutimah (CMB Futsal Team), Sara Conticelli (Lazio C5), Ludovica Coppari (TikiTaka Adriatica), Rafaela Dal\u2019Maz (Estrela Revoltosa Verin), Rebecca De Siena (TikiTaka Adriatica), Erika Ferrara (Citt\u00e0 di Falconara), Greta Ghilardi (Bitonto), Alessia Grieco (Bitonto), Nicoletta Mansueto (TikiTaka Adriatica), Greta Maretti (Ceuta Feminino), Elisa Narcisi (Citt\u00e0 di Falconara), Silvia Pratic\u00f2 (Citt\u00e0 di Falconara), Gaby Vanelli (SL Benfica), Alice Virdis (Cagliari C5).<br><strong>Staff<\/strong>&nbsp;\u2013 Commissario tecnico: Alfredo Paniccia; Capodelegazione: Stefano Castiglia; Coordinatore area tecnica: Antonio Scocca; Segretario: Aldo Blessich; Assistente allenatore: Giulia Lisi; Preparatore atletico: Gianni Colagiovanni; Preparatore dei portieri: Antonio Maggi; Match analyst: Riccardo Manno; Medico: Pierluigi Martinelli; Fisioterapista: Claudio Princiotta Span\u00f2; Nutrizionista: Jacopo Tadini.<\/p>\n\n\n\n<p><strong>Fonte: divisionecalcioa5.it<\/strong><\/p>\n","protected":false},"excerpt":{"rendered":"<p>La prima uscita in azzurro di\u00a0Alfredo Paniccia, in qualit\u00e0 di nuovo\u00a0ct della Nazionale femminile di futsal, \u00e8 dietro l\u2019angolo. Dopo l\u2019annuncio dell\u2019incarico \u00e8 infatti gi\u00e0 tempo di convocazioni: dal 7 al 10 settembre a Novarello\u00a0le azzurre si ritroveranno per quattro giorni di raduno. Per il commissario tecnico sar\u00e0 l\u2019occasione per osservare da vicino per la [&hellip;]<\/p>\n","protected":false},"author":9,"featured_media":242937,"comment_status":"closed","ping_status":"closed","sticky":false,"template":"","format":"standard","meta":{"jnews-multi-image_gallery":[],"jnews_single_post":{"format":"standard"},"jnews_primary_category":[],"jnews_social_meta":[],"jnews_override_counter":[],"footnotes":""},"categories":[115],"tags":[1515],"class_list":["post-242936","post","type-post","status-publish","format-standard","has-post-thumbnail","hentry","category-nazionali","tag-prima"],"yoast_head":"<!-- This site is optimized with the Yoast SEO plugin v24.5 - https:\/\/yoast.com\/wordpress\/plugins\/seo\/ -->\n<title>Il nuovo corso Paniccia comincia da Novarello: sono venti le azzurre convocate - Punto5.it<\/title>\n<meta name=\"robots\" content=\"index, follow, max-snippet:-1, max-image-preview:large, max-video-preview:-1\" \/>\n<link rel=\"canonical\" href=\"https:\/\/punto5.it\/news\/03-09-2026\/nazionali\/242936\/il-nuovo-corso-paniccia-comincia-da-novarello-sono-venti-le-azzurre-convocate\/\" \/>\n<meta property=\"og:locale\" content=\"it_IT\" \/>\n<meta property=\"og:type\" content=\"article\" \/>\n<meta property=\"og:title\" content=\"Il nuovo corso Paniccia comincia da Novarello: sono venti le azzurre convocate - Punto5.it\" \/>\n<meta property=\"og:description\" content=\"La prima uscita in azzurro di\u00a0Alfredo Paniccia, in qualit\u00e0 di nuovo\u00a0ct della Nazionale femminile di futsal, \u00e8 dietro l\u2019angolo. Dopo l\u2019annuncio dell\u2019incarico \u00e8 infatti gi\u00e0 tempo di convocazioni: dal 7 al 10 settembre a Novarello\u00a0le azzurre si ritroveranno per quattro giorni di raduno. Per il commissario tecnico sar\u00e0 l\u2019occasione per osservare da vicino per la [&hellip;]\" \/>\n<meta property=\"og:url\" content=\"https:\/\/punto5.it\/news\/03-09-2026\/nazionali\/242936\/il-nuovo-corso-paniccia-comincia-da-novarello-sono-venti-le-azzurre-convocate\/\" \/>\n<meta property=\"og:site_name\" content=\"Punto5.it\" \/>\n<meta property=\"article:publisher\" content=\"https:\/\/www.facebook.com\/punto5.it\/\" \/>\n<meta property=\"article:published_time\" content=\"2026-09-03T21:37:12+00:00\" \/>\n<meta property=\"article:modified_time\" content=\"2026-09-04T22:36:19+00:00\" \/>\n<meta property=\"og:image\" content=\"https:\/\/punto5.it\/news\/wp-content\/uploads\/2026\/09\/2248036602-jpg-jpg-1024x683-1.jpg\" \/>\n\t<meta property=\"og:image:width\" content=\"1024\" \/>\n\t<meta property=\"og:image:height\" content=\"576\" \/>\n\t<meta property=\"og:image:type\" content=\"image\/jpeg\" \/>\n<meta name=\"author\" content=\"Redazione Punto 5\" \/>\n<meta name=\"twitter:label1\" content=\"Scritto da\" \/>\n\t<meta name=\"twitter:data1\" content=\"Redazione Punto 5\" \/>\n\t<meta name=\"twitter:label2\" content=\"Tempo di lettura stimato\" \/>\n\t<meta name=\"twitter:data2\" content=\"3 minuti\" \/>\n<script type=\"application\/ld+json\" class=\"yoast-schema-graph\">{\"@context\":\"https:\/\/schema.org\",\"@graph\":[{\"@type\":\"Article\",\"@id\":\"https:\/\/punto5.it\/news\/03-09-2026\/nazionali\/242936\/il-nuovo-corso-paniccia-comincia-da-novarello-sono-venti-le-azzurre-convocate\/#article\",\"isPartOf\":{\"@id\":\"https:\/\/punto5.it\/news\/03-09-2026\/nazionali\/242936\/il-nuovo-corso-paniccia-comincia-da-novarello-sono-venti-le-azzurre-convocate\/\"},\"author\":{\"name\":\"Redazione Punto 5\",\"@id\":\"https:\/\/punto5.it\/news\/#\/schema\/person\/f43571c649bda323e609b937e7220560\"},\"headline\":\"Il nuovo corso Paniccia comincia da Novarello: sono venti le azzurre convocate\",\"datePublished\":\"2026-09-03T21:37:12+00:00\",\"dateModified\":\"2026-09-04T22:36:19+00:00\",\"mainEntityOfPage\":{\"@id\":\"https:\/\/punto5.it\/news\/03-09-2026\/nazionali\/242936\/il-nuovo-corso-paniccia-comincia-da-novarello-sono-venti-le-azzurre-convocate\/\"},\"wordCount\":377,\"publisher\":{\"@id\":\"https:\/\/punto5.it\/news\/#organization\"},\"image\":{\"@id\":\"https:\/\/punto5.it\/news\/03-09-2026\/nazionali\/242936\/il-nuovo-corso-paniccia-comincia-da-novarello-sono-venti-le-azzurre-convocate\/#primaryimage\"},\"thumbnailUrl\":\"https:\/\/punto5.it\/news\/wp-content\/uploads\/2026\/09\/2248036602-jpg-jpg-1024x683-1.jpg\",\"keywords\":[\"prima\"],\"articleSection\":[\"Nazionali\"],\"inLanguage\":\"it-IT\"},{\"@type\":\"WebPage\",\"@id\":\"https:\/\/punto5.it\/news\/03-09-2026\/nazionali\/242936\/il-nuovo-corso-paniccia-comincia-da-novarello-sono-venti-le-azzurre-convocate\/\",\"url\":\"https:\/\/punto5.it\/news\/03-09-2026\/nazionali\/242936\/il-nuovo-corso-paniccia-comincia-da-novarello-sono-venti-le-azzurre-convocate\/\",\"name\":\"Il nuovo corso Paniccia comincia da Novarello: sono venti le azzurre convocate - Punto5.it\",\"isPartOf\":{\"@id\":\"https:\/\/punto5.it\/news\/#website\"},\"primaryImageOfPage\":{\"@id\":\"https:\/\/punto5.it\/news\/03-09-2026\/nazionali\/242936\/il-nuovo-corso-paniccia-comincia-da-novarello-sono-venti-le-azzurre-convocate\/#primaryimage\"},\"image\":{\"@id\":\"https:\/\/punto5.it\/news\/03-09-2026\/nazionali\/242936\/il-nuovo-corso-paniccia-comincia-da-novarello-sono-venti-le-azzurre-convocate\/#primaryimage\"},\"thumbnailUrl\":\"https:\/\/punto5.it\/news\/wp-content\/uploads\/2026\/09\/2248036602-jpg-jpg-1024x683-1.jpg\",\"datePublished\":\"2026-09-03T21:37:12+00:00\",\"dateModified\":\"2026-09-04T22:36:19+00:00\",\"breadcrumb\":{\"@id\":\"https:\/\/punto5.it\/news\/03-09-2026\/nazionali\/242936\/il-nuovo-corso-paniccia-comincia-da-novarello-sono-venti-le-azzurre-convocate\/#breadcrumb\"},\"inLanguage\":\"it-IT\",\"potentialAction\":[{\"@type\":\"ReadAction\",\"target\":[\"https:\/\/punto5.it\/news\/03-09-2026\/nazionali\/242936\/il-nuovo-corso-paniccia-comincia-da-novarello-sono-venti-le-azzurre-convocate\/\"]}]},{\"@type\":\"ImageObject\",\"inLanguage\":\"it-IT\",\"@id\":\"https:\/\/punto5.it\/news\/03-09-2026\/nazionali\/242936\/il-nuovo-corso-paniccia-comincia-da-novarello-sono-venti-le-azzurre-convocate\/#primaryimage\",\"url\":\"https:\/\/punto5.it\/news\/wp-content\/uploads\/2026\/09\/2248036602-jpg-jpg-1024x683-1.jpg\",\"contentUrl\":\"https:\/\/punto5.it\/news\/wp-content\/uploads\/2026\/09\/2248036602-jpg-jpg-1024x683-1.jpg\",\"width\":1024,\"height\":576},{\"@type\":\"BreadcrumbList\",\"@id\":\"https:\/\/punto5.it\/news\/03-09-2026\/nazionali\/242936\/il-nuovo-corso-paniccia-comincia-da-novarello-sono-venti-le-azzurre-convocate\/#breadcrumb\",\"itemListElement\":[{\"@type\":\"ListItem\",\"position\":1,\"name\":\"Home\",\"item\":\"https:\/\/punto5.it\/news\/\"},{\"@type\":\"ListItem\",\"position\":2,\"name\":\"Il nuovo corso Paniccia comincia da Novarello: sono venti le azzurre convocate\"}]},{\"@type\":\"WebSite\",\"@id\":\"https:\/\/punto5.it\/news\/#website\",\"url\":\"https:\/\/punto5.it\/news\/\",\"name\":\"Punto5.it\",\"description\":\"La tua risorsa gratuita sul calcio a 5 in Campania.\",\"publisher\":{\"@id\":\"https:\/\/punto5.it\/news\/#organization\"},\"potentialAction\":[{\"@type\":\"SearchAction\",\"target\":{\"@type\":\"EntryPoint\",\"urlTemplate\":\"https:\/\/punto5.it\/news\/?s={search_term_string}\"},\"query-input\":{\"@type\":\"PropertyValueSpecification\",\"valueRequired\":true,\"valueName\":\"search_term_string\"}}],\"inLanguage\":\"it-IT\"},{\"@type\":\"Organization\",\"@id\":\"https:\/\/punto5.it\/news\/#organization\",\"name\":\"Punto5\",\"url\":\"https:\/\/punto5.it\/news\/\",\"logo\":{\"@type\":\"ImageObject\",\"inLanguage\":\"it-IT\",\"@id\":\"https:\/\/punto5.it\/news\/#\/schema\/logo\/image\/\",\"url\":\"https:\/\/punto5.it\/news\/wp-content\/uploads\/2024\/12\/fbp5.png\",\"contentUrl\":\"https:\/\/punto5.it\/news\/wp-content\/uploads\/2024\/12\/fbp5.png\",\"width\":500,\"height\":500,\"caption\":\"Punto5\"},\"image\":{\"@id\":\"https:\/\/punto5.it\/news\/#\/schema\/logo\/image\/\"},\"sameAs\":[\"https:\/\/www.facebook.com\/punto5.it\/\"]},{\"@type\":\"Person\",\"@id\":\"https:\/\/punto5.it\/news\/#\/schema\/person\/f43571c649bda323e609b937e7220560\",\"name\":\"Redazione Punto 5\",\"image\":{\"@type\":\"ImageObject\",\"inLanguage\":\"it-IT\",\"@id\":\"https:\/\/punto5.it\/news\/#\/schema\/person\/image\/\",\"url\":\"https:\/\/secure.gravatar.com\/avatar\/423ce27dd258b3600399bf17a7454eeea31cf273646f568d4382fd2c4db91e5e?s=96&d=mm&r=g\",\"contentUrl\":\"https:\/\/secure.gravatar.com\/avatar\/423ce27dd258b3600399bf17a7454eeea31cf273646f568d4382fd2c4db91e5e?s=96&d=mm&r=g\",\"caption\":\"Redazione Punto 5\"},\"sameAs\":[\"http:\/\/www.punto5.it\"],\"url\":\"https:\/\/punto5.it\/news\/author\/redazione-punto-5\/\"}]}<\/script>\n<!-- \/ Yoast SEO plugin. -->","yoast_head_json":{"title":"Il nuovo corso Paniccia comincia da Novarello: sono venti le azzurre convocate - Punto5.it","robots":{"index":"index","follow":"follow","max-snippet":"max-snippet:-1","max-image-preview":"max-image-preview:large","max-video-preview":"max-video-preview:-1"},"canonical":"https:\/\/punto5.it\/news\/03-09-2026\/nazionali\/242936\/il-nuovo-corso-paniccia-comincia-da-novarello-sono-venti-le-azzurre-convocate\/","og_locale":"it_IT","og_type":"article","og_title":"Il nuovo corso Paniccia comincia da Novarello: sono venti le azzurre convocate - Punto5.it","og_description":"La prima uscita in azzurro di\u00a0Alfredo Paniccia, in qualit\u00e0 di nuovo\u00a0ct della Nazionale femminile di futsal, \u00e8 dietro l\u2019angolo. Dopo l\u2019annuncio dell\u2019incarico \u00e8 infatti gi\u00e0 tempo di convocazioni: dal 7 al 10 settembre a Novarello\u00a0le azzurre si ritroveranno per quattro giorni di raduno. Per il commissario tecnico sar\u00e0 l\u2019occasione per osservare da vicino per la [&hellip;]","og_url":"https:\/\/punto5.it\/news\/03-09-2026\/nazionali\/242936\/il-nuovo-corso-paniccia-comincia-da-novarello-sono-venti-le-azzurre-convocate\/","og_site_name":"Punto5.it","article_publisher":"https:\/\/www.facebook.com\/punto5.it\/","article_published_time":"2026-09-03T21:37:12+00:00","article_modified_time":"2026-09-04T22:36:19+00:00","og_image":[{"width":1024,"height":576,"url":"https:\/\/punto5.it\/news\/wp-content\/uploads\/2026\/09\/2248036602-jpg-jpg-1024x683-1.jpg","type":"image\/jpeg"}],"author":"Redazione Punto 5","twitter_misc":{"Scritto da":"Redazione Punto 5","Tempo di lettura stimato":"3 minuti"},"schema":{"@context":"https:\/\/schema.org","@graph":[{"@type":"Article","@id":"https:\/\/punto5.it\/news\/03-09-2026\/nazionali\/242936\/il-nuovo-corso-paniccia-comincia-da-novarello-sono-venti-le-azzurre-convocate\/#article","isPartOf":{"@id":"https:\/\/punto5.it\/news\/03-09-2026\/nazionali\/242936\/il-nuovo-corso-paniccia-comincia-da-novarello-sono-venti-le-azzurre-convocate\/"},"author":{"name":"Redazione Punto 5","@id":"https:\/\/punto5.it\/news\/#\/schema\/person\/f43571c649bda323e609b937e7220560"},"headline":"Il nuovo corso Paniccia comincia da Novarello: sono venti le azzurre convocate","datePublished":"2026-09-03T21:37:12+00:00","dateModified":"2026-09-04T22:36:19+00:00","mainEntityOfPage":{"@id":"https:\/\/punto5.it\/news\/03-09-2026\/nazionali\/242936\/il-nuovo-corso-paniccia-comincia-da-novarello-sono-venti-le-azzurre-convocate\/"},"wordCount":377,"publisher":{"@id":"https:\/\/punto5.it\/news\/#organization"},"image":{"@id":"https:\/\/punto5.it\/news\/03-09-2026\/nazionali\/242936\/il-nuovo-corso-paniccia-comincia-da-novarello-sono-venti-le-azzurre-convocate\/#primaryimage"},"thumbnailUrl":"https:\/\/punto5.it\/news\/wp-content\/uploads\/2026\/09\/2248036602-jpg-jpg-1024x683-1.jpg","keywords":["prima"],"articleSection":["Nazionali"],"inLanguage":"it-IT"},{"@type":"WebPage","@id":"https:\/\/punto5.it\/news\/03-09-2026\/nazionali\/242936\/il-nuovo-corso-paniccia-comincia-da-novarello-sono-venti-le-azzurre-convocate\/","url":"https:\/\/punto5.it\/news\/03-09-2026\/nazionali\/242936\/il-nuovo-corso-paniccia-comincia-da-novarello-sono-venti-le-azzurre-convocate\/","name":"Il nuovo corso Paniccia comincia da Novarello: sono venti le azzurre convocate - Punto5.it","isPartOf":{"@id":"https:\/\/punto5.it\/news\/#website"},"primaryImageOfPage":{"@id":"https:\/\/punto5.it\/news\/03-09-2026\/nazionali\/242936\/il-nuovo-corso-paniccia-comincia-da-novarello-sono-venti-le-azzurre-convocate\/#primaryimage"},"image":{"@id":"https:\/\/punto5.it\/news\/03-09-2026\/nazionali\/242936\/il-nuovo-corso-paniccia-comincia-da-novarello-sono-venti-le-azzurre-convocate\/#primaryimage"},"thumbnailUrl":"https:\/\/punto5.it\/news\/wp-content\/uploads\/2026\/09\/2248036602-jpg-jpg-1024x683-1.jpg","datePublished":"2026-09-03T21:37:12+00:00","dateModified":"2026-09-04T22:36:19+00:00","breadcrumb":{"@id":"https:\/\/punto5.it\/news\/03-09-2026\/nazionali\/242936\/il-nuovo-corso-paniccia-comincia-da-novarello-sono-venti-le-azzurre-convocate\/#breadcrumb"},"inLanguage":"it-IT","potentialAction":[{"@type":"ReadAction","target":["https:\/\/punto5.it\/news\/03-09-2026\/nazionali\/242936\/il-nuovo-corso-paniccia-comincia-da-novarello-sono-venti-le-azzurre-convocate\/"]}]},{"@type":"ImageObject","inLanguage":"it-IT","@id":"https:\/\/punto5.it\/news\/03-09-2026\/nazionali\/242936\/il-nuovo-corso-paniccia-comincia-da-novarello-sono-venti-le-azzurre-convocate\/#primaryimage","url":"https:\/\/punto5.it\/news\/wp-content\/uploads\/2026\/09\/2248036602-jpg-jpg-1024x683-1.jpg","contentUrl":"https:\/\/punto5.it\/news\/wp-content\/uploads\/2026\/09\/2248036602-jpg-jpg-1024x683-1.jpg","width":1024,"height":576},{"@type":"BreadcrumbList","@id":"https:\/\/punto5.it\/news\/03-09-2026\/nazionali\/242936\/il-nuovo-corso-paniccia-comincia-da-novarello-sono-venti-le-azzurre-convocate\/#breadcrumb","itemListElement":[{"@type":"ListItem","position":1,"name":"Home","item":"https:\/\/punto5.it\/news\/"},{"@type":"ListItem","position":2,"name":"Il nuovo corso Paniccia comincia da Novarello: sono venti le azzurre convocate"}]},{"@type":"WebSite","@id":"https:\/\/punto5.it\/news\/#website","url":"https:\/\/punto5.it\/news\/","name":"Punto5.it","description":"La tua risorsa gratuita sul calcio a 5 in Campania.","publisher":{"@id":"https:\/\/punto5.it\/news\/#organization"},"potentialAction":[{"@type":"SearchAction","target":{"@type":"EntryPoint","urlTemplate":"https:\/\/punto5.it\/news\/?s={search_term_string}"},"query-input":{"@type":"PropertyValueSpecification","valueRequired":true,"valueName":"search_term_string"}}],"inLanguage":"it-IT"},{"@type":"Organization","@id":"https:\/\/punto5.it\/news\/#organization","name":"Punto5","url":"https:\/\/punto5.it\/news\/","logo":{"@type":"ImageObject","inLanguage":"it-IT","@id":"https:\/\/punto5.it\/news\/#\/schema\/logo\/image\/","url":"https:\/\/punto5.it\/news\/wp-content\/uploads\/2024\/12\/fbp5.png","contentUrl":"https:\/\/punto5.it\/news\/wp-content\/uploads\/2024\/12\/fbp5.png","width":500,"height":500,"caption":"Punto5"},"image":{"@id":"https:\/\/punto5.it\/news\/#\/schema\/logo\/image\/"},"sameAs":["https:\/\/www.facebook.com\/punto5.it\/"]},{"@type":"Person","@id":"https:\/\/punto5.it\/news\/#\/schema\/person\/f43571c649bda323e609b937e7220560","name":"Redazione Punto 5","image":{"@type":"ImageObject","inLanguage":"it-IT","@id":"https:\/\/punto5.it\/news\/#\/schema\/person\/image\/","url":"https:\/\/secure.gravatar.com\/avatar\/423ce27dd258b3600399bf17a7454eeea31cf273646f568d4382fd2c4db91e5e?s=96&d=mm&r=g","contentUrl":"https:\/\/secure.gravatar.com\/avatar\/423ce27dd258b3600399bf17a7454eeea31cf273646f568d4382fd2c4db91e5e?s=96&d=mm&r=g","caption":"Redazione Punto 5"},"sameAs":["http:\/\/www.punto5.it"],"url":"https:\/\/punto5.it\/news\/author\/redazione-punto-5\/"}]}},"_links":{"self":[{"href":"https:\/\/punto5.it\/news\/wp-json\/wp\/v2\/posts\/242936","targetHints":{"allow":["GET"]}}],"collection":[{"href":"https:\/\/punto5.it\/news\/wp-json\/wp\/v2\/posts"}],"about":[{"href":"https:\/\/punto5.it\/news\/wp-json\/wp\/v2\/types\/post"}],"author":[{"embeddable":true,"href":"https:\/\/punto5.it\/news\/wp-json\/wp\/v2\/users\/9"}],"replies":[{"embeddable":true,"href":"https:\/\/punto5.it\/news\/wp-json\/wp\/v2\/comments?post=242936"}],"version-history":[{"count":1,"href":"https:\/\/punto5.it\/news\/wp-json\/wp\/v2\/posts\/242936\/revisions"}],"predecessor-version":[{"id":242938,"href":"https:\/\/punto5.it\/news\/wp-json\/wp\/v2\/posts\/242936\/revisions\/242938"}],"wp:featuredmedia":[{"embeddable":true,"href":"https:\/\/punto5.it\/news\/wp-json\/wp\/v2\/media\/242937"}],"wp:attachment":[{"href":"https:\/\/punto5.it\/news\/wp-json\/wp\/v2\/media?parent=242936"}],"wp:term":[{"taxonomy":"category","embeddable":true,"href":"https:\/\/punto5.it\/news\/wp-json\/wp\/v2\/categories?post=242936"},{"taxonomy":"post_tag","embeddable":true,"href":"https:\/\/punto5.it\/news\/wp-json\/wp\/v2\/tags?post=242936"}],"curies":[{"name":"wp","href":"https:\/\/api.w.org\/{rel}","templated":true}]}}